{"id":45513,"date":"2025-07-19T22:50:40","date_gmt":"2025-07-19T20:50:40","guid":{"rendered":"https:\/\/blogs.diariosur.es\/tormentas-y-rayos\/?p=45513"},"modified":"2025-10-04T10:56:22","modified_gmt":"2025-10-04T08:56:22","slug":"temperaturas-maximas-9en-la-provincia-malaguena-hoy-19-de-julio","status":"publish","type":"post","link":"https:\/\/blogs.diariosur.es\/tormentas-y-rayos\/2025\/07\/19\/temperaturas-maximas-9en-la-provincia-malaguena-hoy-19-de-julio\/","title":{"rendered":"Temperaturas m\u00e1ximas en la provincia malague\u00f1a hoy 19 de julio"},"content":{"rendered":"<p><a href=\"https:\/\/static-blogs.diariosur.es\/wp-content\/uploads\/sites\/12\/2025\/06\/130738248_10221381944997043_6257362087676436516_n.jpg\"><img loading=\"lazy\" class=\"aligncenter size-thumbnail wp-image-44989\" src=\"https:\/\/static-blogs.diariosur.es\/wp-content\/uploads\/sites\/12\/2025\/06\/130738248_10221381944997043_6257362087676436516_n-150x150.jpg\" alt=\"\" width=\"150\" height=\"150\" srcset=\"https:\/\/static-blogs.diariosur.es\/wp-content\/uploads\/sites\/12\/2025\/06\/130738248_10221381944997043_6257362087676436516_n-150x150.jpg 150w, https:\/\/static-blogs.diariosur.es\/wp-content\/uploads\/sites\/12\/2025\/06\/130738248_10221381944997043_6257362087676436516_n-400x400.jpg 400w, https:\/\/static-blogs.diariosur.es\/wp-content\/uploads\/sites\/12\/2025\/06\/130738248_10221381944997043_6257362087676436516_n-408x408.jpg 408w, https:\/\/static-blogs.diariosur.es\/wp-content\/uploads\/sites\/12\/2025\/06\/130738248_10221381944997043_6257362087676436516_n.jpg 768w\" sizes=\"(max-width: 150px) 100vw, 150px\" \/><\/a><\/p>\n<p data-pm-slice=\"1 1 []\">Buenas noches, amigos de la meteo. Comentaros que ya me queda menos para terminar mi libro del terral de la provincia malague\u00f1a; este viento lo he estado siguiendo desde que ten\u00eda 14 a\u00f1os hasta ahora con 65. En \u00e9l explico muchas curiosidades, para contestar comentarios del blog y redes sociales.<\/p>\n<p>Tal d\u00eda como hoy de 2023 registramos 44,2 \u00b0C; esta misma temperatura tambi\u00e9n se dio el 18 de julio de 1978, de momento valores extremos desde que el aeropuerto tiene registros. Ma\u00f1ana veremos otra cosa muy interesante.<\/p>\n<p>No os quej\u00e9is tanto por unos d\u00edas de terral; en C\u00f3rdoba hace poco estuvieron 11 d\u00edas seguidos que no bajaron de 40 y 41 \u00b0C.<\/p>\n<p>Os pongo las temperaturas m\u00e1ximas m\u00e1s altas y menos altas que se han registrado en la provincia malague\u00f1a. Fuente: Aemet, Meteoclimatic y Wunderground.<\/p>\n<p>M\u00e1laga Aeropuerto 38,1 \u00b0C<\/p>\n<p>Centro Meteorol\u00f3gico: 37,9 \u00b0C<\/p>\n<p>Puerto Aemet 36,9 \u00b0C<\/p>\n<p>Estepona 38,9 \u00b0C<\/p>\n<p>V\u00e9lez-M\u00e1laga 38,3 \u00b0C<\/p>\n<p>Antequera 32,7 \u00b0C<\/p>\n<p>Ronda 30,8 \u00b0C<\/p>\n<p>Marbella 25,3 \u00b0C<\/p>\n<p>Torremolinos\u00a037,8 \u00b0C<\/p>\n<p>\u00c1lora 36,9 \u00b0C<\/p>\n<p>Mijas Pueblo\u00a033,1 \u00b0C<\/p>\n<p>Ist\u00e1n 33,4 \u00b0C<\/p>\n<p>Gauc\u00edn 31,3 \u00b0C<\/p>\n<p>Alpande\u00edre 34,3 \u00b0C<\/p>\n<p>Cortes de la Frontera 34,2 \u00b0C<\/p>\n<p>Pizarra 36, 4\u00b0C<\/p>\n<p>Alhaur\u00edn de la Torre 34,6 \u00b0C<\/p>\n<p>Alhaur\u00edn el Grande 34,6 \u00b0C<\/p>\n<p>Archidona Huertas del R\u00edo 31,9 y una m\u00ednima de 14,4 \u00b0C.<\/p>\n<p>Nerja Las Palmeras\u00a030,5 \u00b0C<\/p>\n<p>El Burgo\u00a032 \u00b0C<\/p>\n<p>Yunquera\u00a032,3 \u00b0C<\/p>\n<p>Ardales 33 \u00b0C<\/p>\n<p>Villanueva de la Concepci\u00f3n 31,5 \u00b0C<\/p>\n<p>Villanueva del Rosario\u00a032,1 \u00b0<\/p>\n<p>Villanueva del Trabuco\u00a033,2 \u00b0C<\/p>\n<p>Alfarnate 30,4\u00b0C<\/p>\n<p>Periana 36,7 \u00b0C<\/p>\n<p>Almachar 37,5 \u00b0C<\/p>\n<p>Casabermeja\u00a031,1 \u00b0C<\/p>\n<p>Campillos 32,9 \u00b0C<\/p>\n<p>Teba 31,5 \u00b0C<\/p>\n<p>Bobadilla 33,7 \u00b0C<\/p>\n<p>Alameda 32,3 \u00b0C<\/p>\n<p>Humilladero 33,8 \u00b0C<\/p>\n<p>Frigiliana\u00a033,4 \u00b0C<\/p>\n<p>C\u00f3mpeta 32,3 \u00b0C<\/p>\n<p>Canillas del Aceituno\u00a036 \u00b0C<\/p>\n<p>Vi\u00f1uela\u00a035,3 \u00b0C<\/p>\n<p>Comares 35,6 \u00b0C<\/p>\n<p>Os dejo hasta ma\u00f1ana.<\/p>\n<p>&nbsp;<\/p>\n<p>&nbsp;<\/p>\n<p>&nbsp;<\/p>\n<p>&nbsp;<\/p>\n<p>&nbsp;<\/p>\n<p>&nbsp;<\/p>\n<p>&nbsp;<\/p>\n<p>&nbsp;<\/p>\n<p>&nbsp;<\/p>\n","protected":false},"excerpt":{"rendered":"<p>Buenas noches, amigos de la meteo. Comentaros que ya me queda menos para terminar mi libro del terral de la provincia malague\u00f1a; este viento lo he estado siguiendo desde que ten\u00eda 14 a\u00f1os hasta ahora con 65. En \u00e9l explico muchas curiosidades, para contestar comentarios del blog y redes sociales. Tal d\u00eda como hoy de [&hellip;]<\/p>\n","protected":false},"author":16,"featured_media":45036,"comment_status":"open","ping_status":"open","sticky":false,"template":"","format":"standard","meta":[],"categories":[2],"tags":[],"_links":{"self":[{"href":"https:\/\/blogs.diariosur.es\/tormentas-y-rayos\/wp-json\/wp\/v2\/posts\/45513"}],"collection":[{"href":"https:\/\/blogs.diariosur.es\/tormentas-y-rayos\/wp-json\/wp\/v2\/posts"}],"about":[{"href":"https:\/\/blogs.diariosur.es\/tormentas-y-rayos\/wp-json\/wp\/v2\/types\/post"}],"author":[{"embeddable":true,"href":"https:\/\/blogs.diariosur.es\/tormentas-y-rayos\/wp-json\/wp\/v2\/users\/16"}],"replies":[{"embeddable":true,"href":"https:\/\/blogs.diariosur.es\/tormentas-y-rayos\/wp-json\/wp\/v2\/comments?post=45513"}],"version-history":[{"count":10,"href":"https:\/\/blogs.diariosur.es\/tormentas-y-rayos\/wp-json\/wp\/v2\/posts\/45513\/revisions"}],"predecessor-version":[{"id":46524,"href":"https:\/\/blogs.diariosur.es\/tormentas-y-rayos\/wp-json\/wp\/v2\/posts\/45513\/revisions\/46524"}],"wp:featuredmedia":[{"embeddable":true,"href":"https:\/\/blogs.diariosur.es\/tormentas-y-rayos\/wp-json\/wp\/v2\/media\/45036"}],"wp:attachment":[{"href":"https:\/\/blogs.diariosur.es\/tormentas-y-rayos\/wp-json\/wp\/v2\/media?parent=45513"}],"wp:term":[{"taxonomy":"category","embeddable":true,"href":"https:\/\/blogs.diariosur.es\/tormentas-y-rayos\/wp-json\/wp\/v2\/categories?post=45513"},{"taxonomy":"post_tag","embeddable":true,"href":"https:\/\/blogs.diariosur.es\/tormentas-y-rayos\/wp-json\/wp\/v2\/tags?post=45513"}],"curies":[{"name":"wp","href":"https:\/\/api.w.org\/{rel}","templated":true}]}}