{"id":45524,"date":"2025-07-20T08:54:13","date_gmt":"2025-07-20T06:54:13","guid":{"rendered":"https:\/\/blogs.diariosur.es\/tormentas-y-rayos\/?p=45524"},"modified":"2025-10-04T10:55:00","modified_gmt":"2025-10-04T08:55:00","slug":"el-tiempo-hoy-domingo-tal-dia-como-hoy-un-20-de-julio-de-2023-registramos-la-minima-mas-alta-en-malaga-aeropuerto-desde-que-se-tienen-registros-os-acordais-cuanto-fue","status":"publish","type":"post","link":"https:\/\/blogs.diariosur.es\/tormentas-y-rayos\/2025\/07\/20\/el-tiempo-hoy-domingo-tal-dia-como-hoy-un-20-de-julio-de-2023-registramos-la-minima-mas-alta-en-malaga-aeropuerto-desde-que-se-tienen-registros-os-acordais-cuanto-fue\/","title":{"rendered":"El tiempo hoy domingo, aviso naranja. Tal dia como hoy, un 20 de julio de 2023, registramos la m\u00ednima m\u00e1s alta en M\u00e1laga Aeropuerto desde que se tienen registros. \u00bfOs acord\u00e1is cuanto fue?"},"content":{"rendered":"<p><a href=\"https:\/\/static-blogs.diariosur.es\/wp-content\/uploads\/sites\/12\/2025\/07\/444912498_10228884468795449_97962860407814916_n-1.jpg\"><img loading=\"lazy\" class=\"aligncenter size-thumbnail wp-image-45529\" src=\"https:\/\/static-blogs.diariosur.es\/wp-content\/uploads\/sites\/12\/2025\/07\/444912498_10228884468795449_97962860407814916_n-1-150x150.jpg\" alt=\"\" width=\"150\" height=\"150\" \/><\/a><\/p>\n<p>Reedito, se activa el aviso naranja.<\/p>\n<table class=\"table\">\n<tbody>\n<tr data-tipo-av=\"AT\">\n<td><strong><span class=\"la-zona-zona\" data-zona-id=\"612903\">Sol y Guadalhorce<\/span>&#8211;<span class=\"la-zona-provincia\" data-zona-id=\"6129\">M\u00e1laga<\/span><\/strong><\/td>\n<td><strong>20\/07\/2025 13:00<\/strong><\/td>\n<td><strong>20\/07\/2025 20:59<\/strong><\/td>\n<td class=\"col-fin\"><strong>Temperatura m\u00e1xima: 39 \u00baC. Vientos terrales.<\/strong><\/td>\n<\/tr>\n<\/tbody>\n<\/table>\n<p>&nbsp;<\/p>\n<p>&nbsp;<\/p>\n<p><a href=\"https:\/\/static-blogs.diariosur.es\/wp-content\/uploads\/sites\/12\/2025\/07\/Captura-de-pantalla-2025-07-20-095024.jpg\"><img loading=\"lazy\" class=\"aligncenter size-full wp-image-45533\" src=\"https:\/\/static-blogs.diariosur.es\/wp-content\/uploads\/sites\/12\/2025\/07\/Captura-de-pantalla-2025-07-20-095024.jpg\" alt=\"\" width=\"1050\" height=\"823\" srcset=\"https:\/\/static-blogs.diariosur.es\/wp-content\/uploads\/sites\/12\/2025\/07\/Captura-de-pantalla-2025-07-20-095024.jpg 1050w, https:\/\/static-blogs.diariosur.es\/wp-content\/uploads\/sites\/12\/2025\/07\/Captura-de-pantalla-2025-07-20-095024-510x400.jpg 510w, https:\/\/static-blogs.diariosur.es\/wp-content\/uploads\/sites\/12\/2025\/07\/Captura-de-pantalla-2025-07-20-095024-521x408.jpg 521w, https:\/\/static-blogs.diariosur.es\/wp-content\/uploads\/sites\/12\/2025\/07\/Captura-de-pantalla-2025-07-20-095024-768x602.jpg 768w\" sizes=\"(max-width: 1050px) 100vw, 1050px\" \/><\/a><\/p>\n<p>&nbsp;<\/p>\n<p>&nbsp;<\/p>\n<p data-pm-slice=\"1 1 []\">Buenos d\u00edas, amigos de la meteo. Hoy seguir\u00e1 el terral con rachas de moderadas a fuertes en la costa malague\u00f1a. El aeropuerto nuevamente puede llegar o sobrepasar hoy domingo los 38 \u00baC; tambi\u00e9n hay probabilidad en zonas de la Axarqu\u00eda, como es el caso de V\u00e9lez M\u00e1laga. Estamos en aviso amarillo Sol, Guadalhorce y Axarqu\u00eda por 38 \u00b0C.<\/p>\n<p>La temperatura del agua del mar en la costa de M\u00e1laga ronda entre los 17,8 \u00baC y 18,5 \u00baC. En algunas zonas de la costa se notar\u00e1 m\u00e1s el viento; en otras, menos. En el Rinc\u00f3n de la Victoria puede haber momentos puntuales en que entre terral, como pas\u00f3 ayer, pero suele durar poco tiempo.<\/p>\n<p>Ma\u00f1ana lunes seguir\u00e1 el terral; de momento estamos en aviso amarillo en Sol y Guadalhorce por 36 \u00baC, pero por el interior del Guadalhorce pueden llegar a los 38 \u00baC. El martes se quita, perooooooooo.<\/p>\n<p>Os pongo temperaturas m\u00ednimas que se han dado hoy domingo en las comarcas de Ronda y Antequera. Ya sab\u00e9is que con terral bajan las m\u00ednimas y m\u00e1ximas en estas zonas. Fuente: Aemet, Meteoclimatic, Wunderground<\/p>\n<p>Antequera 16,9 \u00baC<\/p>\n<p>Fuente de Piedra 18,8 \u00baC<\/p>\n<p>Archidona Vega 13,3 \u00baC<\/p>\n<p>Archidona Huertas del R\u00edo 14,6 \u00baC<\/p>\n<p>Ronda 16,1 \u00b0C<\/p>\n<p>Bobadilla\u00a015,5 \u00baC<\/p>\n<p>Humilladero\u00a016,1 \u00baC<\/p>\n<p>Alameda 17,9 \u00baC<\/p>\n<p>Villanueva del Trabuco 15,6 \u00baC<\/p>\n<p>Villanueva del Rosario 15,8 \u00baC<\/p>\n<p>Cuevas de San Marcos\u00a017,5 \u00baC<\/p>\n<p>Campillos\u00a018,9 \u00baC<\/p>\n<p>Cuevas del Becerro\u00a017,1 \u00baC<\/p>\n<p>El Burgo\u00a017,7 \u00baC<\/p>\n<p>Arriate 16,7 \u00baC<\/p>\n<h3><strong>Tal d\u00eda como hoy de 2023, registramos la m\u00ednima m\u00e1s alta en M\u00e1laga Aeropuerto desde que se tienen registros. \u00bfOs acord\u00e1is cu\u00e1nto fue?<\/strong><\/h3>\n<p>La temperatura m\u00ednima hoy 20 de julio en la estaci\u00f3n del Aeropuerto de M\u00e1laga ha sido de 27,3 \u00b0C; en el 2023 fue de <strong>31,6 \u00b0C<\/strong>. De momento, valor extremo absoluto desde que se tienen registros.<\/p>\n<p>&nbsp;<\/p>\n<p><a href=\"https:\/\/static-blogs.diariosur.es\/wp-content\/uploads\/sites\/12\/2025\/07\/zzzz.jpg\"><img loading=\"lazy\" class=\"aligncenter size-full wp-image-45528\" src=\"https:\/\/static-blogs.diariosur.es\/wp-content\/uploads\/sites\/12\/2025\/07\/zzzz.jpg\" alt=\"\" width=\"994\" height=\"377\" srcset=\"https:\/\/static-blogs.diariosur.es\/wp-content\/uploads\/sites\/12\/2025\/07\/zzzz.jpg 994w, https:\/\/static-blogs.diariosur.es\/wp-content\/uploads\/sites\/12\/2025\/07\/zzzz-640x243.jpg 640w, https:\/\/static-blogs.diariosur.es\/wp-content\/uploads\/sites\/12\/2025\/07\/zzzz-960x364.jpg 960w, https:\/\/static-blogs.diariosur.es\/wp-content\/uploads\/sites\/12\/2025\/07\/zzzz-768x291.jpg 768w\" sizes=\"(max-width: 994px) 100vw, 994px\" \/><\/a><\/p>\n<p>&nbsp;<\/p>\n<p>&nbsp;<\/p>\n<p>&nbsp;<\/p>\n<p>Os dejo con la foto de mi amigo Lui G. Mar\u00edn<\/p>\n<p>&nbsp;<\/p>\n<p><a href=\"https:\/\/static-blogs.diariosur.es\/wp-content\/uploads\/sites\/12\/2025\/07\/zx.jpg\"><img loading=\"lazy\" class=\"aligncenter size-full wp-image-45530\" src=\"https:\/\/static-blogs.diariosur.es\/wp-content\/uploads\/sites\/12\/2025\/07\/zx.jpg\" alt=\"\" width=\"1200\" height=\"800\" srcset=\"https:\/\/static-blogs.diariosur.es\/wp-content\/uploads\/sites\/12\/2025\/07\/zx.jpg 1200w, https:\/\/static-blogs.diariosur.es\/wp-content\/uploads\/sites\/12\/2025\/07\/zx-600x400.jpg 600w, https:\/\/static-blogs.diariosur.es\/wp-content\/uploads\/sites\/12\/2025\/07\/zx-612x408.jpg 612w, https:\/\/static-blogs.diariosur.es\/wp-content\/uploads\/sites\/12\/2025\/07\/zx-768x512.jpg 768w\" sizes=\"(max-width: 1200px) 100vw, 1200px\" \/><\/a><\/p>\n<p>&nbsp;<\/p>\n<p>&nbsp;<\/p>\n<p>&nbsp;<\/p>\n<p>&nbsp;<\/p>\n<p>&nbsp;<\/p>\n","protected":false},"excerpt":{"rendered":"<p>Reedito, se activa el aviso naranja. Sol y Guadalhorce&#8211;M\u00e1laga 20\/07\/2025 13:00 20\/07\/2025 20:59 Temperatura m\u00e1xima: 39 \u00baC. Vientos terrales. &nbsp; &nbsp; &nbsp; &nbsp; Buenos d\u00edas, amigos de la meteo. Hoy seguir\u00e1 el terral con rachas de moderadas a fuertes en la costa malague\u00f1a. El aeropuerto nuevamente puede llegar o sobrepasar hoy domingo los 38 \u00baC; [&hellip;]<\/p>\n","protected":false},"author":16,"featured_media":45530,"comment_status":"open","ping_status":"open","sticky":false,"template":"","format":"standard","meta":[],"categories":[2],"tags":[81,94,151,212,358,587,800,962,975],"_links":{"self":[{"href":"https:\/\/blogs.diariosur.es\/tormentas-y-rayos\/wp-json\/wp\/v2\/posts\/45524"}],"collection":[{"href":"https:\/\/blogs.diariosur.es\/tormentas-y-rayos\/wp-json\/wp\/v2\/posts"}],"about":[{"href":"https:\/\/blogs.diariosur.es\/tormentas-y-rayos\/wp-json\/wp\/v2\/types\/post"}],"author":[{"embeddable":true,"href":"https:\/\/blogs.diariosur.es\/tormentas-y-rayos\/wp-json\/wp\/v2\/users\/16"}],"replies":[{"embeddable":true,"href":"https:\/\/blogs.diariosur.es\/tormentas-y-rayos\/wp-json\/wp\/v2\/comments?post=45524"}],"version-history":[{"count":7,"href":"https:\/\/blogs.diariosur.es\/tormentas-y-rayos\/wp-json\/wp\/v2\/posts\/45524\/revisions"}],"predecessor-version":[{"id":46523,"href":"https:\/\/blogs.diariosur.es\/tormentas-y-rayos\/wp-json\/wp\/v2\/posts\/45524\/revisions\/46523"}],"wp:featuredmedia":[{"embeddable":true,"href":"https:\/\/blogs.diariosur.es\/tormentas-y-rayos\/wp-json\/wp\/v2\/media\/45530"}],"wp:attachment":[{"href":"https:\/\/blogs.diariosur.es\/tormentas-y-rayos\/wp-json\/wp\/v2\/media?parent=45524"}],"wp:term":[{"taxonomy":"category","embeddable":true,"href":"https:\/\/blogs.diariosur.es\/tormentas-y-rayos\/wp-json\/wp\/v2\/categories?post=45524"},{"taxonomy":"post_tag","embeddable":true,"href":"https:\/\/blogs.diariosur.es\/tormentas-y-rayos\/wp-json\/wp\/v2\/tags?post=45524"}],"curies":[{"name":"wp","href":"https:\/\/api.w.org\/{rel}","templated":true}]}}