{"id":45535,"date":"2025-07-21T08:52:31","date_gmt":"2025-07-21T06:52:31","guid":{"rendered":"https:\/\/blogs.diariosur.es\/tormentas-y-rayos\/?p=45535"},"modified":"2025-10-04T10:53:23","modified_gmt":"2025-10-04T08:53:23","slug":"nos-dara-un-respiro-el-terral-la-boya-de-malaga-registra-la-temperatura-mas-fria-del-agua-desde-que-comenzo-el-verano","status":"publish","type":"post","link":"https:\/\/blogs.diariosur.es\/tormentas-y-rayos\/2025\/07\/21\/nos-dara-un-respiro-el-terral-la-boya-de-malaga-registra-la-temperatura-mas-fria-del-agua-desde-que-comenzo-el-verano\/","title":{"rendered":"\u00bfNos dar\u00e1 un respiro el terral? La boya de M\u00e1laga registra la temperatura m\u00e1s fr\u00eda del agua, desde que comenz\u00f3 el verano."},"content":{"rendered":"<p><a href=\"https:\/\/static-blogs.diariosur.es\/wp-content\/uploads\/sites\/12\/2025\/07\/444912498_10228884468795449_97962860407814916_n-1.jpg\"><img loading=\"lazy\" class=\"aligncenter size-thumbnail wp-image-45529\" src=\"https:\/\/static-blogs.diariosur.es\/wp-content\/uploads\/sites\/12\/2025\/07\/444912498_10228884468795449_97962860407814916_n-1-150x150.jpg\" alt=\"\" width=\"150\" height=\"150\" \/><\/a><\/p>\n<p data-pm-slice=\"1 1 []\">Buenos d\u00edas, amigos de la meteo. Cuando son las ocho de la ma\u00f1ana en M\u00e1laga capital, mi estaci\u00f3n registra 25,8 \u00baC, los cielos est\u00e1n despejados y el viento sopla de terral. Estamos en aviso amarillo en Sol y Guadalhorce por temperaturas m\u00e1ximas de 38 \u00baC.\u00a0 En la Axarqu\u00eda, de momento no se activa el aviso.<\/p>\n<p>Os pongo las temperaturas m\u00e1ximas m\u00e1s altas que se dieron ayer en la provincia de M\u00e1laga. Fuente AEMET<\/p>\n<p>Como siempre digo, no pongo la de Co\u00edn porque no est\u00e1 bien ubicada.<\/p>\n<p>M\u00e1laga Aeropuerto 39,2 \u00baC<\/p>\n<p>M\u00e1laga Centro Meteorol\u00f3gico 38,9 \u00baC<\/p>\n<p>M\u00e1laga Puerto 38,3 \u00baC<\/p>\n<p>\u00c1lora 38,2 \u00baC<\/p>\n<p>Estepona 38 \u00b0C<\/p>\n<p>V\u00e9lez-M\u00e1laga 37,6 \u00baC<\/p>\n<p>Torremolinos 36,5 \u00baC<\/p>\n<h3>\u00bfNos dar\u00e1 un respiro el terral?<\/h3>\n<p>Es probable que hoy lunes a \u00faltima hora de la tarde noche entren brisas del mar, con lo cual se estar\u00e1 m\u00e1s fresquito. En el interior del Valle del Guadalhorce se notar\u00e1 durante la madrugada del martes.<\/p>\n<p>El martes el viento soplar\u00e1 flojo de sur sureste; como el mar est\u00e1 muy fr\u00edo, hay <strong>probabilidad<\/strong> por la noche y madrugada del mi\u00e9rcoles de que tengamos tar\u00f3 en alg\u00fan punto de la costa malague\u00f1a. Las temperaturas m\u00e1ximas ma\u00f1ana martes bajar\u00e1n notablemente en las zonas que han tenido terral; en las comarcas de Ronda y Antequera tampoco espero m\u00e1ximas muy altas.<\/p>\n<p>La predicci\u00f3n del mi\u00e9rcoles la veremos ma\u00f1ana con los modelos actualizados; hab\u00eda probabilidad de terral, pero todo hace indicar que no.<\/p>\n<h3><strong>La boya de M\u00e1laga registra la temperatura m\u00e1s fr\u00eda del agua, desde que comenz\u00f3 el verano.<\/strong><\/h3>\n<p>Si hace unos d\u00edas registramos 17,2 \u00baC, hoy 21 de julio<strong> 16,6 \u00baC.<\/strong> Acordaos de que el 8 de julio batimos el de m\u00e1s caliente con <strong>28 \u00baC.<\/strong><\/p>\n<p>Ya veremos si durante el d\u00eda de hoy baja m\u00e1s.<\/p>\n<p>&nbsp;<\/p>\n<p>&nbsp;<\/p>\n<p><a href=\"https:\/\/static-blogs.diariosur.es\/wp-content\/uploads\/sites\/12\/2025\/07\/z-3-e1753079970394.jpg\"><img loading=\"lazy\" class=\"aligncenter size-full wp-image-45536\" src=\"https:\/\/static-blogs.diariosur.es\/wp-content\/uploads\/sites\/12\/2025\/07\/z-3-e1753079970394.jpg\" alt=\"\" width=\"1100\" height=\"1150\" \/><\/a><\/p>\n<p>&nbsp;<\/p>\n<p>El r\u00e9cord de temperatura m\u00e1s fr\u00eda se dio en Julio de 2014 con <span style=\"color: #0000ff;\"><strong>15,4 \u00baC<\/strong><\/span>, tuvimos varios d\u00edas de terral en el mes con rachas fuertes.<\/p>\n<p>&nbsp;<\/p>\n<p>Os dejo con esta foto de mi amigo Crist\u00f3bal Gambero.<\/p>\n<p>Imagen generada por inteligencia artificial con modificaciones propias.<\/p>\n<p>&nbsp;<\/p>\n<p>&nbsp;<\/p>\n<p><a href=\"https:\/\/static-blogs.diariosur.es\/wp-content\/uploads\/sites\/12\/2025\/07\/518412542_23944063088549360_4531915900833892803_n-e1753080644628.jpg\"><img loading=\"lazy\" class=\"aligncenter size-full wp-image-45537\" src=\"https:\/\/static-blogs.diariosur.es\/wp-content\/uploads\/sites\/12\/2025\/07\/518412542_23944063088549360_4531915900833892803_n-e1753080644628.jpg\" alt=\"\" width=\"800\" height=\"1200\" \/><\/a><\/p>\n","protected":false},"excerpt":{"rendered":"<p>Buenos d\u00edas, amigos de la meteo. Cuando son las ocho de la ma\u00f1ana en M\u00e1laga capital, mi estaci\u00f3n registra 25,8 \u00baC, los cielos est\u00e1n despejados y el viento sopla de terral. Estamos en aviso amarillo en Sol y Guadalhorce por temperaturas m\u00e1ximas de 38 \u00baC.\u00a0 En la Axarqu\u00eda, de momento no se activa el aviso. [&hellip;]<\/p>\n","protected":false},"author":16,"featured_media":45537,"comment_status":"open","ping_status":"open","sticky":false,"template":"","format":"standard","meta":[],"categories":[2],"tags":[51,94,151,431,587,975],"_links":{"self":[{"href":"https:\/\/blogs.diariosur.es\/tormentas-y-rayos\/wp-json\/wp\/v2\/posts\/45535"}],"collection":[{"href":"https:\/\/blogs.diariosur.es\/tormentas-y-rayos\/wp-json\/wp\/v2\/posts"}],"about":[{"href":"https:\/\/blogs.diariosur.es\/tormentas-y-rayos\/wp-json\/wp\/v2\/types\/post"}],"author":[{"embeddable":true,"href":"https:\/\/blogs.diariosur.es\/tormentas-y-rayos\/wp-json\/wp\/v2\/users\/16"}],"replies":[{"embeddable":true,"href":"https:\/\/blogs.diariosur.es\/tormentas-y-rayos\/wp-json\/wp\/v2\/comments?post=45535"}],"version-history":[{"count":4,"href":"https:\/\/blogs.diariosur.es\/tormentas-y-rayos\/wp-json\/wp\/v2\/posts\/45535\/revisions"}],"predecessor-version":[{"id":46522,"href":"https:\/\/blogs.diariosur.es\/tormentas-y-rayos\/wp-json\/wp\/v2\/posts\/45535\/revisions\/46522"}],"wp:featuredmedia":[{"embeddable":true,"href":"https:\/\/blogs.diariosur.es\/tormentas-y-rayos\/wp-json\/wp\/v2\/media\/45537"}],"wp:attachment":[{"href":"https:\/\/blogs.diariosur.es\/tormentas-y-rayos\/wp-json\/wp\/v2\/media?parent=45535"}],"wp:term":[{"taxonomy":"category","embeddable":true,"href":"https:\/\/blogs.diariosur.es\/tormentas-y-rayos\/wp-json\/wp\/v2\/categories?post=45535"},{"taxonomy":"post_tag","embeddable":true,"href":"https:\/\/blogs.diariosur.es\/tormentas-y-rayos\/wp-json\/wp\/v2\/tags?post=45535"}],"curies":[{"name":"wp","href":"https:\/\/api.w.org\/{rel}","templated":true}]}}