{"id":45541,"date":"2025-07-22T08:32:06","date_gmt":"2025-07-22T06:32:06","guid":{"rendered":"https:\/\/blogs.diariosur.es\/tormentas-y-rayos\/?p=45541"},"modified":"2025-10-04T10:52:02","modified_gmt":"2025-10-04T08:52:02","slug":"desde-que-comenzo-el-verano-astronomico-malaga-aeropuerto-baja-de-los-20-oc","status":"publish","type":"post","link":"https:\/\/blogs.diariosur.es\/tormentas-y-rayos\/2025\/07\/22\/desde-que-comenzo-el-verano-astronomico-malaga-aeropuerto-baja-de-los-20-oc\/","title":{"rendered":"Desde que comenz\u00f3 el verano astron\u00f3mico, M\u00e1laga Aeropuerto baja de los 20 \u00baC"},"content":{"rendered":"<p><a href=\"https:\/\/static-blogs.diariosur.es\/wp-content\/uploads\/sites\/12\/2025\/07\/72999690_10217709542349272_7908844429161529344_n.jpg\"><img loading=\"lazy\" class=\"aligncenter size-thumbnail wp-image-45292\" src=\"https:\/\/static-blogs.diariosur.es\/wp-content\/uploads\/sites\/12\/2025\/07\/72999690_10217709542349272_7908844429161529344_n-150x150.jpg\" alt=\"\" width=\"150\" height=\"150\" \/><\/a><\/p>\n<p data-pm-slice=\"1 1 []\">Muy buenos d\u00edas, amigos de la meteo. Sigue el agua fr\u00eda en la costa de M\u00e1laga; hace una hora la boya ha registrado 16,5 \u00baC. Gracias a la mar fr\u00eda, esta pasada noche y madrugada hemos podido conciliar mejor el sue\u00f1o en la costa malague\u00f1a; las brisas marinas han sido m\u00e1s frescas. Tambi\u00e9n por el interior no se ha pasado mucho calor.<\/p>\n<p>Con los datos actualizados de la estaci\u00f3n de la Aemet del Aeropuerto, la m\u00ednima ha sido de <strong>19,8 \u00baC.\u00a0<\/strong><\/p>\n<p>Os pongo algunas m\u00ednimas m\u00e1s.<\/p>\n<p>Puerto M\u00e1laga\u00a020 \u00baC<\/p>\n<p>Puerto Marbella\u00a019,8 \u00baC<\/p>\n<p>Estepona 19,5 \u00b0C<\/p>\n<p>Algarrobo 19,3 \u00baC<\/p>\n<p>Manilva\u00a020,8 \u00baC<\/p>\n<p>Torremolinos 20,4 \u00baC<\/p>\n<p>V\u00e9lez-M\u00e1laga 20,7 \u00baC<\/p>\n<p>Las temperaturas m\u00e1ximas en la provincia de M\u00e1laga rondar\u00e1n entre los 25 \u00baC y 34 \u00baC, siendo m\u00e1s altas en la comarca de Antequera.<\/p>\n<p>Nos vemos ma\u00f1ana.<\/p>\n<p>&nbsp;<\/p>\n","protected":false},"excerpt":{"rendered":"<p>Muy buenos d\u00edas, amigos de la meteo. Sigue el agua fr\u00eda en la costa de M\u00e1laga; hace una hora la boya ha registrado 16,5 \u00baC. Gracias a la mar fr\u00eda, esta pasada noche y madrugada hemos podido conciliar mejor el sue\u00f1o en la costa malague\u00f1a; las brisas marinas han sido m\u00e1s frescas. Tambi\u00e9n por el [&hellip;]<\/p>\n","protected":false},"author":16,"featured_media":45542,"comment_status":"open","ping_status":"open","sticky":false,"template":"","format":"standard","meta":[],"categories":[2],"tags":[358,587,800],"_links":{"self":[{"href":"https:\/\/blogs.diariosur.es\/tormentas-y-rayos\/wp-json\/wp\/v2\/posts\/45541"}],"collection":[{"href":"https:\/\/blogs.diariosur.es\/tormentas-y-rayos\/wp-json\/wp\/v2\/posts"}],"about":[{"href":"https:\/\/blogs.diariosur.es\/tormentas-y-rayos\/wp-json\/wp\/v2\/types\/post"}],"author":[{"embeddable":true,"href":"https:\/\/blogs.diariosur.es\/tormentas-y-rayos\/wp-json\/wp\/v2\/users\/16"}],"replies":[{"embeddable":true,"href":"https:\/\/blogs.diariosur.es\/tormentas-y-rayos\/wp-json\/wp\/v2\/comments?post=45541"}],"version-history":[{"count":2,"href":"https:\/\/blogs.diariosur.es\/tormentas-y-rayos\/wp-json\/wp\/v2\/posts\/45541\/revisions"}],"predecessor-version":[{"id":46521,"href":"https:\/\/blogs.diariosur.es\/tormentas-y-rayos\/wp-json\/wp\/v2\/posts\/45541\/revisions\/46521"}],"wp:featuredmedia":[{"embeddable":true,"href":"https:\/\/blogs.diariosur.es\/tormentas-y-rayos\/wp-json\/wp\/v2\/media\/45542"}],"wp:attachment":[{"href":"https:\/\/blogs.diariosur.es\/tormentas-y-rayos\/wp-json\/wp\/v2\/media?parent=45541"}],"wp:term":[{"taxonomy":"category","embeddable":true,"href":"https:\/\/blogs.diariosur.es\/tormentas-y-rayos\/wp-json\/wp\/v2\/categories?post=45541"},{"taxonomy":"post_tag","embeddable":true,"href":"https:\/\/blogs.diariosur.es\/tormentas-y-rayos\/wp-json\/wp\/v2\/tags?post=45541"}],"curies":[{"name":"wp","href":"https:\/\/api.w.org\/{rel}","templated":true}]}}