{"id":45544,"date":"2025-07-23T08:18:51","date_gmt":"2025-07-23T06:18:51","guid":{"rendered":"https:\/\/blogs.diariosur.es\/tormentas-y-rayos\/?p=45544"},"modified":"2025-10-04T10:50:46","modified_gmt":"2025-10-04T08:50:46","slug":"donde-hara-mas-calor-hoy-miercoles-en-la-provincia-malaguena","status":"publish","type":"post","link":"https:\/\/blogs.diariosur.es\/tormentas-y-rayos\/2025\/07\/23\/donde-hara-mas-calor-hoy-miercoles-en-la-provincia-malaguena\/","title":{"rendered":"\u00bfD\u00f3nde har\u00e1 mas calor hoy mi\u00e9rcoles en la provincia malague\u00f1a?"},"content":{"rendered":"<p><a href=\"https:\/\/static-blogs.diariosur.es\/wp-content\/uploads\/sites\/12\/2025\/07\/444912498_10228884468795449_97962860407814916_n-1.jpg\"><img loading=\"lazy\" class=\"aligncenter size-thumbnail wp-image-45529\" src=\"https:\/\/static-blogs.diariosur.es\/wp-content\/uploads\/sites\/12\/2025\/07\/444912498_10228884468795449_97962860407814916_n-1-150x150.jpg\" alt=\"\" width=\"150\" height=\"150\" \/><\/a><\/p>\n<p data-pm-slice=\"1 1 []\">Buenos d\u00edas, amigos de la meteo. Cuando son las ocho de la ma\u00f1ana en M\u00e1laga capital, la estaci\u00f3n de la Aemet del Aeropuerto ha registrado una m\u00ednima de 21,8 \u00baC a las 4:50 de la madrugada, los cielos est\u00e1n despejados de momento y el viento sopla muy flojo de componente oeste.<\/p>\n<p>A partir de la tarde se esperan nubes altas en toda la provincia; con suerte, hay probabilidad de candilazo.<\/p>\n<p>Os pongo otras m\u00ednimas que se han dado en la provincia de M\u00e1laga. Fuente: Aemet, Meteoclimatic y Wunderground<\/p>\n<p>Marbella Puerto\u00a019,8 \u00baC<\/p>\n<p>Antequera\u00a017,5 \u00baC<\/p>\n<p>Ronda 19,1 \u00b0C<\/p>\n<p>Estepona\u00a019 \u00baC<\/p>\n<p>Fuente de Piedra 17,3 \u00baC<\/p>\n<p>Alfarnate 15 \u00baC<\/p>\n<p>Villanueva del Rosario\u00a016,9 \u00baC<\/p>\n<p>Campillos 18,1 \u00baC<\/p>\n<p>El Burgo 16,2 \u00baC<\/p>\n<p>Archidona Vega 14 \u00baC<\/p>\n<h3><strong>\u00bfD\u00f3nde har\u00e1 m\u00e1s calor hoy mi\u00e9rcoles en la provincia malague\u00f1a?<\/strong><\/h3>\n<p>En el Valle de Genal y Valle de Guadiaro, en esta zona pueden tener viento de componente oeste. Alpandeire, Gauc\u00edn, Pujerra y Cortes de la Frontera rondar\u00e1n los 33 y 35 \u00baC; si las nubes altas llegan antes, tendr\u00e1n menos temperatura.<\/p>\n<p>Interior del Valle del Guadalhorce, con mayor probabilidad en Pizarra y \u00c1lora; rondar\u00e1n entre los 34 y 36 \u00baC; si las nubes altas llegan antes, tendr\u00e1n menos temperatura.<\/p>\n<p>En la comarca de Antequera rondar\u00e1n entre los 34 y 36 \u00baC; como he comentado antes, si las nubes altas se adelantan, no subir\u00e1n tanto las m\u00e1ximas.<\/p>\n<p>En las dem\u00e1s zonas de la provincia, entre los 28 y 32 \u00baC.<\/p>\n<p><strong>Aunque hay discrepancias con algunos modelos, es probable que a \u00faltima hora de la noche o primeras horas de la madrugada del jueves entre aire caliente (reboz\u00e1 de terral) en algunas zonas de M\u00e1laga capital, pero durar\u00e1 poco. A primera hora de la ma\u00f1ana tendremos temperaturas agradables.<\/strong><\/p>\n<p>&nbsp;<\/p>\n<p>&nbsp;<\/p>\n<p>&nbsp;<\/p>\n","protected":false},"excerpt":{"rendered":"<p>Buenos d\u00edas, amigos de la meteo. Cuando son las ocho de la ma\u00f1ana en M\u00e1laga capital, la estaci\u00f3n de la Aemet del Aeropuerto ha registrado una m\u00ednima de 21,8 \u00baC a las 4:50 de la madrugada, los cielos est\u00e1n despejados de momento y el viento sopla muy flojo de componente oeste. A partir de la [&hellip;]<\/p>\n","protected":false},"author":16,"featured_media":45547,"comment_status":"open","ping_status":"open","sticky":false,"template":"","format":"standard","meta":[],"categories":[2],"tags":[100,358,587,800],"_links":{"self":[{"href":"https:\/\/blogs.diariosur.es\/tormentas-y-rayos\/wp-json\/wp\/v2\/posts\/45544"}],"collection":[{"href":"https:\/\/blogs.diariosur.es\/tormentas-y-rayos\/wp-json\/wp\/v2\/posts"}],"about":[{"href":"https:\/\/blogs.diariosur.es\/tormentas-y-rayos\/wp-json\/wp\/v2\/types\/post"}],"author":[{"embeddable":true,"href":"https:\/\/blogs.diariosur.es\/tormentas-y-rayos\/wp-json\/wp\/v2\/users\/16"}],"replies":[{"embeddable":true,"href":"https:\/\/blogs.diariosur.es\/tormentas-y-rayos\/wp-json\/wp\/v2\/comments?post=45544"}],"version-history":[{"count":7,"href":"https:\/\/blogs.diariosur.es\/tormentas-y-rayos\/wp-json\/wp\/v2\/posts\/45544\/revisions"}],"predecessor-version":[{"id":46520,"href":"https:\/\/blogs.diariosur.es\/tormentas-y-rayos\/wp-json\/wp\/v2\/posts\/45544\/revisions\/46520"}],"wp:featuredmedia":[{"embeddable":true,"href":"https:\/\/blogs.diariosur.es\/tormentas-y-rayos\/wp-json\/wp\/v2\/media\/45547"}],"wp:attachment":[{"href":"https:\/\/blogs.diariosur.es\/tormentas-y-rayos\/wp-json\/wp\/v2\/media?parent=45544"}],"wp:term":[{"taxonomy":"category","embeddable":true,"href":"https:\/\/blogs.diariosur.es\/tormentas-y-rayos\/wp-json\/wp\/v2\/categories?post=45544"},{"taxonomy":"post_tag","embeddable":true,"href":"https:\/\/blogs.diariosur.es\/tormentas-y-rayos\/wp-json\/wp\/v2\/tags?post=45544"}],"curies":[{"name":"wp","href":"https:\/\/api.w.org\/{rel}","templated":true}]}}