{"id":45552,"date":"2025-07-23T14:24:03","date_gmt":"2025-07-23T12:24:03","guid":{"rendered":"https:\/\/blogs.diariosur.es\/tormentas-y-rayos\/?p=45552"},"modified":"2025-07-23T14:25:20","modified_gmt":"2025-07-23T12:25:20","slug":"se-activa-el-aviso-rojo-y-naranja-por-lluvias-en-barcelona-zonas-de-aragon-y-castellon-mucha-precaucion","status":"publish","type":"post","link":"https:\/\/blogs.diariosur.es\/tormentas-y-rayos\/2025\/07\/23\/se-activa-el-aviso-rojo-y-naranja-por-lluvias-en-barcelona-zonas-de-aragon-y-castellon-mucha-precaucion\/","title":{"rendered":"Se activa el aviso rojo y naranja por lluvias en Barcelona, zonas de Arag\u00f3n y Castell\u00f3n. Mucha precauci\u00f3n."},"content":{"rendered":"<p><a href=\"https:\/\/static-blogs.diariosur.es\/wp-content\/uploads\/sites\/12\/2025\/07\/444912498_10228884468795449_97962860407814916_n-1.jpg\"><img loading=\"lazy\" class=\"aligncenter size-thumbnail wp-image-45529\" src=\"https:\/\/static-blogs.diariosur.es\/wp-content\/uploads\/sites\/12\/2025\/07\/444912498_10228884468795449_97962860407814916_n-1-150x150.jpg\" alt=\"\" width=\"150\" height=\"150\" \/><\/a><\/p>\n<p>Buenas tardes, amigos de la meteo. Mucha precauci\u00f3n en estas zonas, si vais por carretera.<\/p>\n<p>&nbsp;<\/p>\n<table class=\"table\">\n<tbody>\n<tr data-tipo-av=\"PR\">\n<td><strong><span class=\"la-zona-zona\" data-zona-id=\"690802\">Depresi\u00f3n central de Barcelona<\/span>&#8211;<span class=\"la-zona-provincia\" data-zona-id=\"6908\">Barcelona<\/span><\/strong><\/td>\n<td><strong>23\/07\/2025 11:00<\/strong><\/td>\n<td><strong>23\/07\/2025 23:59<\/strong><\/td>\n<td class=\"col-fin\"><strong>Precipitaci\u00f3n acumulada en una hora: 60 mm. Se pueden registrar 60 mm en 1 h y acumular 120 mm en 3 o 4 h.<\/strong><\/td>\n<\/tr>\n<\/tbody>\n<\/table>\n<p>&nbsp;<\/p>\n<p>AVISOS NARANJAS SON MUY PARECIDOS<\/p>\n<p>&nbsp;<\/p>\n<p><a href=\"https:\/\/static-blogs.diariosur.es\/wp-content\/uploads\/sites\/12\/2025\/07\/Captura-de-pantalla-2025-07-23-141622.jpg\"><img loading=\"lazy\" class=\"aligncenter size-full wp-image-45553\" src=\"https:\/\/static-blogs.diariosur.es\/wp-content\/uploads\/sites\/12\/2025\/07\/Captura-de-pantalla-2025-07-23-141622.jpg\" alt=\"\" width=\"1054\" height=\"820\" srcset=\"https:\/\/static-blogs.diariosur.es\/wp-content\/uploads\/sites\/12\/2025\/07\/Captura-de-pantalla-2025-07-23-141622.jpg 1054w, https:\/\/static-blogs.diariosur.es\/wp-content\/uploads\/sites\/12\/2025\/07\/Captura-de-pantalla-2025-07-23-141622-514x400.jpg 514w, https:\/\/static-blogs.diariosur.es\/wp-content\/uploads\/sites\/12\/2025\/07\/Captura-de-pantalla-2025-07-23-141622-524x408.jpg 524w, https:\/\/static-blogs.diariosur.es\/wp-content\/uploads\/sites\/12\/2025\/07\/Captura-de-pantalla-2025-07-23-141622-768x597.jpg 768w\" sizes=\"(max-width: 1054px) 100vw, 1054px\" \/><\/a><\/p>\n","protected":false},"excerpt":{"rendered":"<p>Buenas tardes, amigos de la meteo. Mucha precauci\u00f3n en estas zonas, si vais por carretera. &nbsp; Depresi\u00f3n central de Barcelona&#8211;Barcelona 23\/07\/2025 11:00 23\/07\/2025 23:59 Precipitaci\u00f3n acumulada en una hora: 60 mm. Se pueden registrar 60 mm en 1 h y acumular 120 mm en 3 o 4 h. &nbsp; AVISOS NARANJAS SON MUY PARECIDOS &nbsp;<\/p>\n","protected":false},"author":16,"featured_media":45553,"comment_status":"open","ping_status":"open","sticky":false,"template":"","format":"standard","meta":[],"categories":[2],"tags":[151,358,872],"_links":{"self":[{"href":"https:\/\/blogs.diariosur.es\/tormentas-y-rayos\/wp-json\/wp\/v2\/posts\/45552"}],"collection":[{"href":"https:\/\/blogs.diariosur.es\/tormentas-y-rayos\/wp-json\/wp\/v2\/posts"}],"about":[{"href":"https:\/\/blogs.diariosur.es\/tormentas-y-rayos\/wp-json\/wp\/v2\/types\/post"}],"author":[{"embeddable":true,"href":"https:\/\/blogs.diariosur.es\/tormentas-y-rayos\/wp-json\/wp\/v2\/users\/16"}],"replies":[{"embeddable":true,"href":"https:\/\/blogs.diariosur.es\/tormentas-y-rayos\/wp-json\/wp\/v2\/comments?post=45552"}],"version-history":[{"count":2,"href":"https:\/\/blogs.diariosur.es\/tormentas-y-rayos\/wp-json\/wp\/v2\/posts\/45552\/revisions"}],"predecessor-version":[{"id":45555,"href":"https:\/\/blogs.diariosur.es\/tormentas-y-rayos\/wp-json\/wp\/v2\/posts\/45552\/revisions\/45555"}],"wp:featuredmedia":[{"embeddable":true,"href":"https:\/\/blogs.diariosur.es\/tormentas-y-rayos\/wp-json\/wp\/v2\/media\/45553"}],"wp:attachment":[{"href":"https:\/\/blogs.diariosur.es\/tormentas-y-rayos\/wp-json\/wp\/v2\/media?parent=45552"}],"wp:term":[{"taxonomy":"category","embeddable":true,"href":"https:\/\/blogs.diariosur.es\/tormentas-y-rayos\/wp-json\/wp\/v2\/categories?post=45552"},{"taxonomy":"post_tag","embeddable":true,"href":"https:\/\/blogs.diariosur.es\/tormentas-y-rayos\/wp-json\/wp\/v2\/tags?post=45552"}],"curies":[{"name":"wp","href":"https:\/\/api.w.org\/{rel}","templated":true}]}}