{"id":45556,"date":"2025-07-24T09:33:27","date_gmt":"2025-07-24T07:33:27","guid":{"rendered":"https:\/\/blogs.diariosur.es\/tormentas-y-rayos\/?p=45556"},"modified":"2025-10-04T10:49:06","modified_gmt":"2025-10-04T08:49:06","slug":"anoche-tuvimos-reboza-podemos-tener-manana-viernes-alguna-precipitacion-debil-y-ocasional-en-la-provincia-de-malaga","status":"publish","type":"post","link":"https:\/\/blogs.diariosur.es\/tormentas-y-rayos\/2025\/07\/24\/anoche-tuvimos-reboza-podemos-tener-manana-viernes-alguna-precipitacion-debil-y-ocasional-en-la-provincia-de-malaga\/","title":{"rendered":"Anoche tuvimos reboz\u00e1. \u00bfPodemos tener ma\u00f1ana viernes alguna precipitaci\u00f3n d\u00e9bil y ocasional en la provincia de M\u00e1laga?"},"content":{"rendered":"<p><a href=\"https:\/\/static-blogs.diariosur.es\/wp-content\/uploads\/sites\/12\/2025\/07\/444912498_10228884468795449_97962860407814916_n-1.jpg\"><img loading=\"lazy\" class=\"aligncenter size-thumbnail wp-image-45529\" src=\"https:\/\/static-blogs.diariosur.es\/wp-content\/uploads\/sites\/12\/2025\/07\/444912498_10228884468795449_97962860407814916_n-1-150x150.jpg\" alt=\"\" width=\"150\" height=\"150\" \/><\/a><\/p>\n<p data-pm-slice=\"1 1 []\">Buenos d\u00edas, amigos de la meteo. Seguimos con unas noches y madrugadas muy llevaderas, por favorrrr, que siga as\u00ed. Os recuerdo que las provincias de Granada y Almer\u00eda est\u00e1n en aviso por tormentas, ma\u00f1ana viernes tambi\u00e9n.<\/p>\n<p>Anoche se cumpli\u00f3 la reboz\u00e1 de terral que comentaba por la ma\u00f1ana en el blog. La temperatura m\u00e1xima se registr\u00f3 a las 23:40 de la noche con 31,9 \u00baC. Hoy jueves la temperatura m\u00e1xima se ha dado a las 00:00 horas con 31,6 \u00baC; muy probablemente sea la m\u00e1xima de hoy.<\/p>\n<p>La reboz\u00e1 tambi\u00e9n se dio en Torremolinos.<\/p>\n<p>Os pongo el gr\u00e1fico de la Aemet del aeropuerto.<\/p>\n<p>&nbsp;<\/p>\n<p><a href=\"https:\/\/static-blogs.diariosur.es\/wp-content\/uploads\/sites\/12\/2025\/07\/520499089_10233726144874325_3257996134425194812_n-e1753339502288.jpg\"><img loading=\"lazy\" class=\"aligncenter size-full wp-image-45557\" src=\"https:\/\/static-blogs.diariosur.es\/wp-content\/uploads\/sites\/12\/2025\/07\/520499089_10233726144874325_3257996134425194812_n-e1753339502288.jpg\" alt=\"\" width=\"900\" height=\"1084\" \/><\/a><\/p>\n<p>Tambi\u00e9n se cumpli\u00f3 las nubes altas y luego un impresionante candilazo. Os pongo dos videos.<\/p>\n<p>&nbsp;<\/p>\n<p><iframe loading=\"lazy\" title=\"Nubes altas en M\u00e1laga capital hoy 23 de julio.\" width=\"500\" height=\"281\" src=\"https:\/\/www.youtube.com\/embed\/oIDbQtlxEIg?feature=oembed\" frameborder=\"0\" allow=\"accelerometer; autoplay; clipboard-write; encrypted-media; gyroscope; picture-in-picture; web-share\" referrerpolicy=\"strict-origin-when-cross-origin\" allowfullscreen><\/iframe><\/p>\n<p>&nbsp;<\/p>\n<p><iframe loading=\"lazy\" title=\"Candilazo en M\u00e1laga capital hoy 23 de julio.\" width=\"500\" height=\"281\" src=\"https:\/\/www.youtube.com\/embed\/ygQFlUhWuyw?feature=oembed\" frameborder=\"0\" allow=\"accelerometer; autoplay; clipboard-write; encrypted-media; gyroscope; picture-in-picture; web-share\" referrerpolicy=\"strict-origin-when-cross-origin\" allowfullscreen><\/iframe><\/p>\n<p>&nbsp;<\/p>\n<h3 data-pm-slice=\"1 1 []\"><strong>\u00bfPodemos tener ma\u00f1ana viernes alguna precipitaci\u00f3n d\u00e9bil y ocasional en la provincia de M\u00e1laga?<\/strong><\/h3>\n<p>Ma\u00f1ana tendremos viento de levante con nubes bajas de retenci\u00f3n que, junto al aire fr\u00edo en altura, pueden dejar alguna precipitaci\u00f3n <strong>d\u00e9bil y ocasional<\/strong> en las sierras prelitorales. Os aseguro que no llover\u00e1 en todos los portales, m\u00e1s bien en las sierras occidentales de la costa. La probabilidad de esta precipitaci\u00f3n ser\u00e1 a \u00faltima hora de la madrugada y primeras de la ma\u00f1ana; luego los cielos se despejar\u00e1n. Se esperan rachas fuertes de viento de levante en las comarcas de Ronda y Antequera.<\/p>\n<p>Os dejo con estos altocumulus castellanus que hemos tenido esta ma\u00f1ana. Son indicadores de inestabilidad en altura.<\/p>\n<p>&nbsp;<\/p>\n<p><a href=\"https:\/\/static-blogs.diariosur.es\/wp-content\/uploads\/sites\/12\/2025\/07\/DSC3616-e1753342139179.jpg\"><img loading=\"lazy\" class=\"aligncenter size-full wp-image-45558\" src=\"https:\/\/static-blogs.diariosur.es\/wp-content\/uploads\/sites\/12\/2025\/07\/DSC3616-e1753342139179.jpg\" alt=\"\" width=\"1200\" height=\"800\" \/><\/a><\/p>\n<p>&nbsp;<\/p>\n<p>&nbsp;<\/p>\n<p>&nbsp;<\/p>\n<p>&nbsp;<\/p>\n<p>&nbsp;<\/p>\n<p>&nbsp;<\/p>\n","protected":false},"excerpt":{"rendered":"<p>Buenos d\u00edas, amigos de la meteo. Seguimos con unas noches y madrugadas muy llevaderas, por favorrrr, que siga as\u00ed. Os recuerdo que las provincias de Granada y Almer\u00eda est\u00e1n en aviso por tormentas, ma\u00f1ana viernes tambi\u00e9n. Anoche se cumpli\u00f3 la reboz\u00e1 de terral que comentaba por la ma\u00f1ana en el blog. La temperatura m\u00e1xima se [&hellip;]<\/p>\n","protected":false},"author":16,"featured_media":45558,"comment_status":"open","ping_status":"open","sticky":false,"template":"","format":"standard","meta":[],"categories":[2],"tags":[358,587,800,2056],"_links":{"self":[{"href":"https:\/\/blogs.diariosur.es\/tormentas-y-rayos\/wp-json\/wp\/v2\/posts\/45556"}],"collection":[{"href":"https:\/\/blogs.diariosur.es\/tormentas-y-rayos\/wp-json\/wp\/v2\/posts"}],"about":[{"href":"https:\/\/blogs.diariosur.es\/tormentas-y-rayos\/wp-json\/wp\/v2\/types\/post"}],"author":[{"embeddable":true,"href":"https:\/\/blogs.diariosur.es\/tormentas-y-rayos\/wp-json\/wp\/v2\/users\/16"}],"replies":[{"embeddable":true,"href":"https:\/\/blogs.diariosur.es\/tormentas-y-rayos\/wp-json\/wp\/v2\/comments?post=45556"}],"version-history":[{"count":3,"href":"https:\/\/blogs.diariosur.es\/tormentas-y-rayos\/wp-json\/wp\/v2\/posts\/45556\/revisions"}],"predecessor-version":[{"id":46519,"href":"https:\/\/blogs.diariosur.es\/tormentas-y-rayos\/wp-json\/wp\/v2\/posts\/45556\/revisions\/46519"}],"wp:featuredmedia":[{"embeddable":true,"href":"https:\/\/blogs.diariosur.es\/tormentas-y-rayos\/wp-json\/wp\/v2\/media\/45558"}],"wp:attachment":[{"href":"https:\/\/blogs.diariosur.es\/tormentas-y-rayos\/wp-json\/wp\/v2\/media?parent=45556"}],"wp:term":[{"taxonomy":"category","embeddable":true,"href":"https:\/\/blogs.diariosur.es\/tormentas-y-rayos\/wp-json\/wp\/v2\/categories?post=45556"},{"taxonomy":"post_tag","embeddable":true,"href":"https:\/\/blogs.diariosur.es\/tormentas-y-rayos\/wp-json\/wp\/v2\/tags?post=45556"}],"curies":[{"name":"wp","href":"https:\/\/api.w.org\/{rel}","templated":true}]}}