{"id":45562,"date":"2025-07-25T08:03:46","date_gmt":"2025-07-25T06:03:46","guid":{"rendered":"https:\/\/blogs.diariosur.es\/tormentas-y-rayos\/?p=45562"},"modified":"2025-10-04T10:46:21","modified_gmt":"2025-10-04T08:46:21","slug":"hara-buen-dia-de-playa-el-ultimo-fin-de-semana-de-julio-en-la-costa-malaguena","status":"publish","type":"post","link":"https:\/\/blogs.diariosur.es\/tormentas-y-rayos\/2025\/07\/25\/hara-buen-dia-de-playa-el-ultimo-fin-de-semana-de-julio-en-la-costa-malaguena\/","title":{"rendered":"\u00bfHar\u00e1 buen d\u00eda de playa el \u00faltimo fin de semana de julio en la costa malague\u00f1a?"},"content":{"rendered":"<p><a href=\"https:\/\/static-blogs.diariosur.es\/wp-content\/uploads\/sites\/12\/2025\/07\/72999690_10217709542349272_7908844429161529344_n.jpg\"><img loading=\"lazy\" class=\"aligncenter size-thumbnail wp-image-45292\" src=\"https:\/\/static-blogs.diariosur.es\/wp-content\/uploads\/sites\/12\/2025\/07\/72999690_10217709542349272_7908844429161529344_n-150x150.jpg\" alt=\"\" width=\"150\" height=\"150\" \/><\/a><\/p>\n<p data-pm-slice=\"1 1 []\">Buenos d\u00edas, amigos de la meteo. Cuando son las siete y cuarto de la ma\u00f1ana en M\u00e1laga capital, la estaci\u00f3n de la Aemet del aeropuerto registra 25,7 \u00baC, los cielos est\u00e1n cubiertos de nubes bajas y sopla brisa de tierra en M\u00e1laga capital y otras zonas de la costa malague\u00f1a. Los cielos nublados y la brisa de tierra han hecho que tengamos m\u00ednimas altas la pasada madrugada en muchos puntos de la costa malague\u00f1a. Por la tarde es muy probable que los cielos se despejen. A partir de primeras horas de la ma\u00f1ana, las comarcas de Ronda y Antequera tendr\u00e1n viento de componente este de moderado a fuerte. Aunque la mar en estos momentos est\u00e9 en calma chicha, hay <strong>probabilidad<\/strong> de mag\u00f3n por la tarde fuerte y ma\u00f1ana s\u00e1bado en la costa malague\u00f1a.<\/p>\n<p>Me comenta mi amigo Salvador Guzm\u00e1n de Co\u00edn que en estos momentos llueve por esa zona y el interior de Marbella.<\/p>\n<p>&nbsp;<\/p>\n<p><iframe loading=\"lazy\" title=\"Video de mi amigo Salvador Guzm\u00e1n por la zona de Co\u00edn\" width=\"500\" height=\"281\" src=\"https:\/\/www.youtube.com\/embed\/9sHezKm3ctI?feature=oembed\" frameborder=\"0\" allow=\"accelerometer; autoplay; clipboard-write; encrypted-media; gyroscope; picture-in-picture; web-share\" referrerpolicy=\"strict-origin-when-cross-origin\" allowfullscreen><\/iframe><\/p>\n<p>&nbsp;<\/p>\n<p>&nbsp;<\/p>\n<p data-pm-slice=\"1 1 []\">Ayer jueves, nuevamente tuvimos candilazo. Os paso un fot\u00f3n que hizo desde Nerja Rosita M\u00e1rquez, hija de mi amigo Francisco Luis M\u00e1rquez, que, como todos sab\u00e9is, es aficionado a la meteorolog\u00eda. Y a continuaci\u00f3n, un video que tom\u00e9 desde casa.<\/p>\n<p>&nbsp;<\/p>\n<p><a href=\"https:\/\/static-blogs.diariosur.es\/wp-content\/uploads\/sites\/12\/2025\/07\/523888962_10233738632666512_8784469687457561628_n-1-e1753423269601.jpg\"><img loading=\"lazy\" class=\"aligncenter size-full wp-image-45566\" src=\"https:\/\/static-blogs.diariosur.es\/wp-content\/uploads\/sites\/12\/2025\/07\/523888962_10233738632666512_8784469687457561628_n-1-e1753423269601.jpg\" alt=\"\" width=\"1200\" height=\"900\" \/><\/a><\/p>\n<p>&nbsp;<\/p>\n<p>&nbsp;<\/p>\n<p><iframe loading=\"lazy\" title=\"Puesta de sol con candilazo en M\u00e1laga capital\" width=\"500\" height=\"281\" src=\"https:\/\/www.youtube.com\/embed\/J9LnOZvNuxk?feature=oembed\" frameborder=\"0\" allow=\"accelerometer; autoplay; clipboard-write; encrypted-media; gyroscope; picture-in-picture; web-share\" referrerpolicy=\"strict-origin-when-cross-origin\" allowfullscreen><\/iframe><\/p>\n<h3><\/h3>\n<h3 data-pm-slice=\"1 1 []\">\u00bfHar\u00e1 buen d\u00eda de playa el \u00faltimo fin de semana de julio en la costa malague\u00f1a?<\/h3>\n<p>Ma\u00f1ana s\u00e1bado sigue habiendo probabilidad de mag\u00f3n por la ma\u00f1ana. No se esperan rachas fuertes de viento en la costa; por el interior de las comarcas de Ronda y Antequera ser\u00e1n moderadas.<\/p>\n<p>La temperatura del agua del mar rondar\u00e1, seg\u00fan zonas de la costa malague\u00f1a, entre los 19,5 y 22 \u00baC.<\/p>\n<p>La probabilidad de precipitaciones es del 0%.<\/p>\n<p>La Aemet prev\u00e9 estas temperaturas m\u00ednimas y m\u00e1ximas ma\u00f1ana s\u00e1bado.<\/p>\n<p>&nbsp;<\/p>\n<p><a href=\"https:\/\/static-blogs.diariosur.es\/wp-content\/uploads\/sites\/12\/2025\/07\/sabado-1.jpg\"><img loading=\"lazy\" class=\"aligncenter size-full wp-image-45563\" src=\"https:\/\/static-blogs.diariosur.es\/wp-content\/uploads\/sites\/12\/2025\/07\/sabado-1.jpg\" alt=\"\" width=\"1036\" height=\"814\" srcset=\"https:\/\/static-blogs.diariosur.es\/wp-content\/uploads\/sites\/12\/2025\/07\/sabado-1.jpg 1036w, https:\/\/static-blogs.diariosur.es\/wp-content\/uploads\/sites\/12\/2025\/07\/sabado-1-509x400.jpg 509w, https:\/\/static-blogs.diariosur.es\/wp-content\/uploads\/sites\/12\/2025\/07\/sabado-1-519x408.jpg 519w, https:\/\/static-blogs.diariosur.es\/wp-content\/uploads\/sites\/12\/2025\/07\/sabado-1-768x603.jpg 768w\" sizes=\"(max-width: 1036px) 100vw, 1036px\" \/><\/a><\/p>\n<p>&nbsp;<\/p>\n<p data-pm-slice=\"1 1 []\">El domingo ya no tendremos mag\u00f3n. La temperatura del agua del mar rondar\u00e1 entre los 20 y 22,5 \u00baC, seg\u00fan zonas de la costa malague\u00f1a, es decir, m\u00e1s calentita en la costa este.<\/p>\n<p>La probabilidad de precipitaciones es del 0%.<\/p>\n<p>El viento soplar\u00e1 flojo de direcci\u00f3n variable.<\/p>\n<p>La Aemet prev\u00e9 estas temperaturas m\u00e1ximas y m\u00ednimas.\u00a0 Para esta a final de julio no est\u00e1n mal, sobre todo por el interior.<\/p>\n<p>&nbsp;<\/p>\n<p><a href=\"https:\/\/static-blogs.diariosur.es\/wp-content\/uploads\/sites\/12\/2025\/07\/domingo-1.jpg\"><img loading=\"lazy\" class=\"aligncenter size-full wp-image-45565\" src=\"https:\/\/static-blogs.diariosur.es\/wp-content\/uploads\/sites\/12\/2025\/07\/domingo-1.jpg\" alt=\"\" width=\"1050\" height=\"822\" srcset=\"https:\/\/static-blogs.diariosur.es\/wp-content\/uploads\/sites\/12\/2025\/07\/domingo-1.jpg 1050w, https:\/\/static-blogs.diariosur.es\/wp-content\/uploads\/sites\/12\/2025\/07\/domingo-1-511x400.jpg 511w, https:\/\/static-blogs.diariosur.es\/wp-content\/uploads\/sites\/12\/2025\/07\/domingo-1-521x408.jpg 521w, https:\/\/static-blogs.diariosur.es\/wp-content\/uploads\/sites\/12\/2025\/07\/domingo-1-768x601.jpg 768w\" sizes=\"(max-width: 1050px) 100vw, 1050px\" \/><\/a><\/p>\n","protected":false},"excerpt":{"rendered":"<p>Buenos d\u00edas, amigos de la meteo. Cuando son las siete y cuarto de la ma\u00f1ana en M\u00e1laga capital, la estaci\u00f3n de la Aemet del aeropuerto registra 25,7 \u00baC, los cielos est\u00e1n cubiertos de nubes bajas y sopla brisa de tierra en M\u00e1laga capital y otras zonas de la costa malague\u00f1a. Los cielos nublados y la [&hellip;]<\/p>\n","protected":false},"author":16,"featured_media":45566,"comment_status":"open","ping_status":"open","sticky":false,"template":"","format":"standard","meta":[],"categories":[2],"tags":[358,587,800],"_links":{"self":[{"href":"https:\/\/blogs.diariosur.es\/tormentas-y-rayos\/wp-json\/wp\/v2\/posts\/45562"}],"collection":[{"href":"https:\/\/blogs.diariosur.es\/tormentas-y-rayos\/wp-json\/wp\/v2\/posts"}],"about":[{"href":"https:\/\/blogs.diariosur.es\/tormentas-y-rayos\/wp-json\/wp\/v2\/types\/post"}],"author":[{"embeddable":true,"href":"https:\/\/blogs.diariosur.es\/tormentas-y-rayos\/wp-json\/wp\/v2\/users\/16"}],"replies":[{"embeddable":true,"href":"https:\/\/blogs.diariosur.es\/tormentas-y-rayos\/wp-json\/wp\/v2\/comments?post=45562"}],"version-history":[{"count":7,"href":"https:\/\/blogs.diariosur.es\/tormentas-y-rayos\/wp-json\/wp\/v2\/posts\/45562\/revisions"}],"predecessor-version":[{"id":46517,"href":"https:\/\/blogs.diariosur.es\/tormentas-y-rayos\/wp-json\/wp\/v2\/posts\/45562\/revisions\/46517"}],"wp:featuredmedia":[{"embeddable":true,"href":"https:\/\/blogs.diariosur.es\/tormentas-y-rayos\/wp-json\/wp\/v2\/media\/45566"}],"wp:attachment":[{"href":"https:\/\/blogs.diariosur.es\/tormentas-y-rayos\/wp-json\/wp\/v2\/media?parent=45562"}],"wp:term":[{"taxonomy":"category","embeddable":true,"href":"https:\/\/blogs.diariosur.es\/tormentas-y-rayos\/wp-json\/wp\/v2\/categories?post=45562"},{"taxonomy":"post_tag","embeddable":true,"href":"https:\/\/blogs.diariosur.es\/tormentas-y-rayos\/wp-json\/wp\/v2\/tags?post=45562"}],"curies":[{"name":"wp","href":"https:\/\/api.w.org\/{rel}","templated":true}]}}