{"id":45575,"date":"2025-07-26T23:46:55","date_gmt":"2025-07-26T21:46:55","guid":{"rendered":"https:\/\/blogs.diariosur.es\/tormentas-y-rayos\/?p=45575"},"modified":"2025-10-04T10:43:23","modified_gmt":"2025-10-04T08:43:23","slug":"afectara-mucho-el-terral-a-malaga-capital-el-lunes","status":"publish","type":"post","link":"https:\/\/blogs.diariosur.es\/tormentas-y-rayos\/2025\/07\/26\/afectara-mucho-el-terral-a-malaga-capital-el-lunes\/","title":{"rendered":"\u00bfAfectar\u00e1 mucho el terral a M\u00e1laga capital el lunes?"},"content":{"rendered":"<p><a href=\"https:\/\/static-blogs.diariosur.es\/wp-content\/uploads\/sites\/12\/2025\/07\/444912498_10228884468795449_97962860407814916_n-1.jpg\"><img loading=\"lazy\" class=\"aligncenter size-thumbnail wp-image-45529\" src=\"https:\/\/static-blogs.diariosur.es\/wp-content\/uploads\/sites\/12\/2025\/07\/444912498_10228884468795449_97962860407814916_n-1-150x150.jpg\" alt=\"\" width=\"150\" height=\"150\" \/><\/a><\/p>\n<p data-pm-slice=\"1 1 []\">Buenas noches, amigos de la meteo. Con los modelos actualizados no espero unas temperaturas muy altas en la capital; en muchos momentos tendremos brisas del mar, que pueden traer nubes bajas e incluso probabilidad de tar\u00f3. Tampoco tendremos rachas fuertes de viento.<\/p>\n<p>La zona del interior del Valle del Guadalhorce s\u00ed puede rondar entre los 40 y 42 \u00b0C, como es el caso de \u00c1lora y Pizarra, pero por la tarde ir\u00e1n bajando al entrar brisas m\u00e1s frescas.<\/p>\n<p>Es probable que la AEMET active el naranja en Guadalhorce, con nota informativa.<\/p>\n<p>&nbsp;<\/p>\n<p>&nbsp;<\/p>\n<p>&nbsp;<\/p>\n<p>&nbsp;<\/p>\n<p>&nbsp;<\/p>\n","protected":false},"excerpt":{"rendered":"<p>Buenas noches, amigos de la meteo. Con los modelos actualizados no espero unas temperaturas muy altas en la capital; en muchos momentos tendremos brisas del mar, que pueden traer nubes bajas e incluso probabilidad de tar\u00f3. Tampoco tendremos rachas fuertes de viento. La zona del interior del Valle del Guadalhorce s\u00ed puede rondar entre los [&hellip;]<\/p>\n","protected":false},"author":16,"featured_media":44947,"comment_status":"open","ping_status":"open","sticky":false,"template":"","format":"standard","meta":[],"categories":[2],"tags":[579,2057,975],"_links":{"self":[{"href":"https:\/\/blogs.diariosur.es\/tormentas-y-rayos\/wp-json\/wp\/v2\/posts\/45575"}],"collection":[{"href":"https:\/\/blogs.diariosur.es\/tormentas-y-rayos\/wp-json\/wp\/v2\/posts"}],"about":[{"href":"https:\/\/blogs.diariosur.es\/tormentas-y-rayos\/wp-json\/wp\/v2\/types\/post"}],"author":[{"embeddable":true,"href":"https:\/\/blogs.diariosur.es\/tormentas-y-rayos\/wp-json\/wp\/v2\/users\/16"}],"replies":[{"embeddable":true,"href":"https:\/\/blogs.diariosur.es\/tormentas-y-rayos\/wp-json\/wp\/v2\/comments?post=45575"}],"version-history":[{"count":5,"href":"https:\/\/blogs.diariosur.es\/tormentas-y-rayos\/wp-json\/wp\/v2\/posts\/45575\/revisions"}],"predecessor-version":[{"id":46516,"href":"https:\/\/blogs.diariosur.es\/tormentas-y-rayos\/wp-json\/wp\/v2\/posts\/45575\/revisions\/46516"}],"wp:featuredmedia":[{"embeddable":true,"href":"https:\/\/blogs.diariosur.es\/tormentas-y-rayos\/wp-json\/wp\/v2\/media\/44947"}],"wp:attachment":[{"href":"https:\/\/blogs.diariosur.es\/tormentas-y-rayos\/wp-json\/wp\/v2\/media?parent=45575"}],"wp:term":[{"taxonomy":"category","embeddable":true,"href":"https:\/\/blogs.diariosur.es\/tormentas-y-rayos\/wp-json\/wp\/v2\/categories?post=45575"},{"taxonomy":"post_tag","embeddable":true,"href":"https:\/\/blogs.diariosur.es\/tormentas-y-rayos\/wp-json\/wp\/v2\/tags?post=45575"}],"curies":[{"name":"wp","href":"https:\/\/api.w.org\/{rel}","templated":true}]}}