{"id":45580,"date":"2025-07-28T19:42:59","date_gmt":"2025-07-28T17:42:59","guid":{"rendered":"https:\/\/blogs.diariosur.es\/tormentas-y-rayos\/?p=45580"},"modified":"2025-10-04T10:41:34","modified_gmt":"2025-10-04T08:41:34","slug":"alora-registra-la-maxima-de-espana-en-malaga-capital-hubo-la-magia-de-las-brisas-marinas","status":"publish","type":"post","link":"https:\/\/blogs.diariosur.es\/tormentas-y-rayos\/2025\/07\/28\/alora-registra-la-maxima-de-espana-en-malaga-capital-hubo-la-magia-de-las-brisas-marinas\/","title":{"rendered":"\u00c1lora registra la m\u00e1xima de Espa\u00f1a. En M\u00e1laga capital hubo la magia de las brisas marinas"},"content":{"rendered":"<p><img loading=\"lazy\" class=\"aligncenter size-thumbnail wp-image-45529\" src=\"https:\/\/static-blogs.diariosur.es\/wp-content\/uploads\/sites\/12\/2025\/07\/444912498_10228884468795449_97962860407814916_n-1-150x150.jpg\" alt=\"\" width=\"150\" height=\"150\" \/><\/p>\n<p>Buenas tardes, amigos de la meteo. El s\u00e1bado pasado os comentaba en el blog que el terral no afectar\u00eda a M\u00e1laga capital; solo ha afectado a Campanillas con 38,8 \u00b0C. En el Aeropuerto la m\u00e1xima ha sido de 30,3 \u00b0C, Centro Meteorol\u00f3gico 32,4 \u00b0C y Puerto 29 \u00b0C. Nos hemos salvado gracias a las brisas.<\/p>\n<p>Donde no se han salvado es en el interior del Valle del Guadalhorce; en \u00c1lora han registrado <strong>42,6 \u00b0C<\/strong>; ha sido la m\u00e1xima de Espa\u00f1a. Destacar tambi\u00e9n Estepona con 40,4 \u00b0C, Cortes de la Frontera y Alpande\u00edre, que han rondado los 39 y 39,5\u00b0C.<\/p>\n<p>La temperatura del agua del mar rondar\u00e1 ya los 23\u00b0C; es muy probable que ya mismo sobrepasemos los 25 \u00b0C en estos pr\u00f3ximos d\u00edas.<\/p>\n<p>Hasta que acabe el mes tendremos en toda la provincia malague\u00f1a temperaturas m\u00e1ximas llevaderas para ser final de mes.<\/p>\n<p>Es muy probable que nuevamente tengamos mag\u00f3n el mi\u00e9rcoles por la tarde y el jueves.<\/p>\n<p>&nbsp;<\/p>\n","protected":false},"excerpt":{"rendered":"<p>Buenas tardes, amigos de la meteo. El s\u00e1bado pasado os comentaba en el blog que el terral no afectar\u00eda a M\u00e1laga capital; solo ha afectado a Campanillas con 38,8 \u00b0C. En el Aeropuerto la m\u00e1xima ha sido de 30,3 \u00b0C, Centro Meteorol\u00f3gico 32,4 \u00b0C y Puerto 29 \u00b0C. Nos hemos salvado gracias a las brisas. [&hellip;]<\/p>\n","protected":false},"author":16,"featured_media":45582,"comment_status":"open","ping_status":"open","sticky":false,"template":"","format":"standard","meta":[],"categories":[2],"tags":[375,587,624,975],"_links":{"self":[{"href":"https:\/\/blogs.diariosur.es\/tormentas-y-rayos\/wp-json\/wp\/v2\/posts\/45580"}],"collection":[{"href":"https:\/\/blogs.diariosur.es\/tormentas-y-rayos\/wp-json\/wp\/v2\/posts"}],"about":[{"href":"https:\/\/blogs.diariosur.es\/tormentas-y-rayos\/wp-json\/wp\/v2\/types\/post"}],"author":[{"embeddable":true,"href":"https:\/\/blogs.diariosur.es\/tormentas-y-rayos\/wp-json\/wp\/v2\/users\/16"}],"replies":[{"embeddable":true,"href":"https:\/\/blogs.diariosur.es\/tormentas-y-rayos\/wp-json\/wp\/v2\/comments?post=45580"}],"version-history":[{"count":8,"href":"https:\/\/blogs.diariosur.es\/tormentas-y-rayos\/wp-json\/wp\/v2\/posts\/45580\/revisions"}],"predecessor-version":[{"id":46514,"href":"https:\/\/blogs.diariosur.es\/tormentas-y-rayos\/wp-json\/wp\/v2\/posts\/45580\/revisions\/46514"}],"wp:featuredmedia":[{"embeddable":true,"href":"https:\/\/blogs.diariosur.es\/tormentas-y-rayos\/wp-json\/wp\/v2\/media\/45582"}],"wp:attachment":[{"href":"https:\/\/blogs.diariosur.es\/tormentas-y-rayos\/wp-json\/wp\/v2\/media?parent=45580"}],"wp:term":[{"taxonomy":"category","embeddable":true,"href":"https:\/\/blogs.diariosur.es\/tormentas-y-rayos\/wp-json\/wp\/v2\/categories?post=45580"},{"taxonomy":"post_tag","embeddable":true,"href":"https:\/\/blogs.diariosur.es\/tormentas-y-rayos\/wp-json\/wp\/v2\/tags?post=45580"}],"curies":[{"name":"wp","href":"https:\/\/api.w.org\/{rel}","templated":true}]}}