{"id":45589,"date":"2025-07-30T09:00:14","date_gmt":"2025-07-30T07:00:14","guid":{"rendered":"https:\/\/blogs.diariosur.es\/tormentas-y-rayos\/?p=45589"},"modified":"2025-10-04T10:40:17","modified_gmt":"2025-10-04T08:40:17","slug":"el-tiempo-en-malaga-para-unos-buena-noticia-para-otros-no","status":"publish","type":"post","link":"https:\/\/blogs.diariosur.es\/tormentas-y-rayos\/2025\/07\/30\/el-tiempo-en-malaga-para-unos-buena-noticia-para-otros-no\/","title":{"rendered":"El tiempo en M\u00e1laga. Para unos buena noticia para otros no"},"content":{"rendered":"<p><a href=\"https:\/\/static-blogs.diariosur.es\/wp-content\/uploads\/sites\/12\/2025\/07\/444912498_10228884468795449_97962860407814916_n.jpg\"><img loading=\"lazy\" class=\"aligncenter size-thumbnail wp-image-45498\" src=\"https:\/\/static-blogs.diariosur.es\/wp-content\/uploads\/sites\/12\/2025\/07\/444912498_10228884468795449_97962860407814916_n-150x150.jpg\" alt=\"\" width=\"150\" height=\"150\" \/><\/a><\/p>\n<p data-pm-slice=\"1 1 []\">Buenos, amigos de la meteo. Hoy muy poco que leer, que estamos de vacaciones, aunque yo ya las tengo todo el a\u00f1o, jijiiiii. El nublao se ir\u00e1 quitando y tomar\u00e1 protagonismo el mag\u00f3n hoy mi\u00e9rcoles y ma\u00f1ana jueves.<\/p>\n<p>Comentaros que la temperatura del agua del mar se acerca a caldo de puchero. Ayer la boya registr\u00f3 25,7 \u00b0C, hoy a las cinco de la ma\u00f1ana 24,2 \u00b0C. Es muy probable que hoy por la tarde se sobrepasen los 26 \u00b0C. Para el fin de semana es probable los 27\u00b0C. A m\u00ed me gusta fresquita; tengo amigos que no.<\/p>\n<p>&nbsp;<\/p>\n<p><a href=\"https:\/\/static-blogs.diariosur.es\/wp-content\/uploads\/sites\/12\/2025\/07\/Screenshot_20250730_083230_Chrome-e1753857553880.jpg\"><img loading=\"lazy\" class=\"aligncenter size-full wp-image-45590\" src=\"https:\/\/static-blogs.diariosur.es\/wp-content\/uploads\/sites\/12\/2025\/07\/Screenshot_20250730_083230_Chrome-e1753857553880.jpg\" alt=\"\" width=\"1000\" height=\"953\" \/><\/a><\/p>\n<p><a href=\"https:\/\/static-blogs.diariosur.es\/wp-content\/uploads\/sites\/12\/2025\/07\/Screenshot_20250730_083028_Chrome-e1753857590581.jpg\"><img loading=\"lazy\" class=\"aligncenter size-full wp-image-45591\" src=\"https:\/\/static-blogs.diariosur.es\/wp-content\/uploads\/sites\/12\/2025\/07\/Screenshot_20250730_083028_Chrome-e1753857590581.jpg\" alt=\"\" width=\"1000\" height=\"999\" \/><\/a><\/p>\n<p>&nbsp;<\/p>\n<p>&nbsp;<\/p>\n","protected":false},"excerpt":{"rendered":"<p>Buenos, amigos de la meteo. Hoy muy poco que leer, que estamos de vacaciones, aunque yo ya las tengo todo el a\u00f1o, jijiiiii. El nublao se ir\u00e1 quitando y tomar\u00e1 protagonismo el mag\u00f3n hoy mi\u00e9rcoles y ma\u00f1ana jueves. Comentaros que la temperatura del agua del mar se acerca a caldo de puchero. Ayer la boya [&hellip;]<\/p>\n","protected":false},"author":16,"featured_media":45351,"comment_status":"open","ping_status":"open","sticky":false,"template":"","format":"standard","meta":[],"categories":[2],"tags":[358,587,800],"_links":{"self":[{"href":"https:\/\/blogs.diariosur.es\/tormentas-y-rayos\/wp-json\/wp\/v2\/posts\/45589"}],"collection":[{"href":"https:\/\/blogs.diariosur.es\/tormentas-y-rayos\/wp-json\/wp\/v2\/posts"}],"about":[{"href":"https:\/\/blogs.diariosur.es\/tormentas-y-rayos\/wp-json\/wp\/v2\/types\/post"}],"author":[{"embeddable":true,"href":"https:\/\/blogs.diariosur.es\/tormentas-y-rayos\/wp-json\/wp\/v2\/users\/16"}],"replies":[{"embeddable":true,"href":"https:\/\/blogs.diariosur.es\/tormentas-y-rayos\/wp-json\/wp\/v2\/comments?post=45589"}],"version-history":[{"count":5,"href":"https:\/\/blogs.diariosur.es\/tormentas-y-rayos\/wp-json\/wp\/v2\/posts\/45589\/revisions"}],"predecessor-version":[{"id":46513,"href":"https:\/\/blogs.diariosur.es\/tormentas-y-rayos\/wp-json\/wp\/v2\/posts\/45589\/revisions\/46513"}],"wp:featuredmedia":[{"embeddable":true,"href":"https:\/\/blogs.diariosur.es\/tormentas-y-rayos\/wp-json\/wp\/v2\/media\/45351"}],"wp:attachment":[{"href":"https:\/\/blogs.diariosur.es\/tormentas-y-rayos\/wp-json\/wp\/v2\/media?parent=45589"}],"wp:term":[{"taxonomy":"category","embeddable":true,"href":"https:\/\/blogs.diariosur.es\/tormentas-y-rayos\/wp-json\/wp\/v2\/categories?post=45589"},{"taxonomy":"post_tag","embeddable":true,"href":"https:\/\/blogs.diariosur.es\/tormentas-y-rayos\/wp-json\/wp\/v2\/tags?post=45589"}],"curies":[{"name":"wp","href":"https:\/\/api.w.org\/{rel}","templated":true}]}}