{"id":45596,"date":"2025-07-31T18:12:03","date_gmt":"2025-07-31T16:12:03","guid":{"rendered":"https:\/\/blogs.diariosur.es\/tormentas-y-rayos\/?p=45596"},"modified":"2025-10-04T10:39:18","modified_gmt":"2025-10-04T08:39:18","slug":"como-afectara-la-segunda-ola-de-calor-del-verano-a-la-provincia-de-malaga-2","status":"publish","type":"post","link":"https:\/\/blogs.diariosur.es\/tormentas-y-rayos\/2025\/07\/31\/como-afectara-la-segunda-ola-de-calor-del-verano-a-la-provincia-de-malaga-2\/","title":{"rendered":"\u00bfC\u00f3mo afectar\u00e1 la segunda ola de calor del verano a la provincia de M\u00e1laga?"},"content":{"rendered":"<p><a href=\"https:\/\/static-blogs.diariosur.es\/wp-content\/uploads\/sites\/12\/2025\/07\/72999690_10217709542349272_7908844429161529344_n.jpg\"><img loading=\"lazy\" class=\"aligncenter size-thumbnail wp-image-45292\" src=\"https:\/\/static-blogs.diariosur.es\/wp-content\/uploads\/sites\/12\/2025\/07\/72999690_10217709542349272_7908844429161529344_n-150x150.jpg\" alt=\"\" width=\"150\" height=\"150\" \/><\/a><\/p>\n<p data-pm-slice=\"1 1 []\">Buenas tardes, amigos de la meteo. Ya de vuelta de Matalasca\u00f1as y ante tantos mensajes pregunt\u00e1ndome desde esta ma\u00f1ana por la segunda ola de calor, os informo de c\u00f3mo puede afectar a la provincia malague\u00f1a. Como comenta la Aemet, empieza el domingo y termina probablemente el martes.<\/p>\n<p><strong>Con los modelos actualizados, la provincia malague\u00f1a apenas se ver\u00e1 afectada por esta segunda ola de calor; har\u00e1 calor, pero lo normal para estas fechas. La humedad en la costa har\u00e1 que sudemos mucho, con lo cual, ya sab\u00e9is lo que pasa con la sensaci\u00f3n t\u00e9rmica.\u00a0\u00a0<\/strong><\/p>\n<p><strong>El martes d\u00eda 5 es cuando por el interior de la comarca de Antequera pueden llegar a los 39 \u00baC e incluso en su zona norte los 40 \u00baC. Probables avisos amarillo o naranja.<\/strong><\/p>\n<p><strong>Es muy probable que la temperatura del agua del mar ronde esos d\u00edas los <\/strong><strong>27 y 28 \u00baC.<\/strong><\/p>\n<p><strong>Como a\u00fan estamos a jueves, iremos viendo actualizaciones diarias.<\/strong><\/p>\n<p>&nbsp;<\/p>\n<p>&nbsp;<\/p>\n<p>Os dejo con la Aemet<\/p>\n<p>Fen\u00f3meno meteorol\u00f3gico:<\/p>\n<div class=\"texto_normal\">\n<p>Ola de calor.<\/p>\n<\/div>\n<div class=\"texto_normal\">\n<h4 class=\"my-1\">\u00c1mbito geogr\u00e1fico:<\/h4>\n<p>Cuadrante suroccidental y centro peninsular.<\/p>\n<\/div>\n<div class=\"texto_normal\">\n<h4 class=\"my-1\">Comienzo de la situaci\u00f3n:<\/h4>\n<p>Domingo 3.<\/p>\n<\/div>\n<div class=\"texto_normal\">\n<h4 class=\"my-1\">Duraci\u00f3n:<\/h4>\n<p>Al menos hasta el martes 5.<\/p>\n<\/div>\n<div class=\"texto_normal\">\n<h4 class=\"my-1\">Grado de probabilidad:<\/h4>\n<p>Alto (70 %).<\/p>\n<\/div>\n<div class=\"texto_normal\">\n<h4 class=\"my-1\">Descripci\u00f3n de la situaci\u00f3n meteorol\u00f3gica:<\/h4>\n<p>Tras el d\u00eda de ma\u00f1ana, en el que lo m\u00e1s relevante ser\u00e1 la inestabilidad en el centro y cuadrante sudeste peninsular al paso de una perturbaci\u00f3n en altura, a partir del fin de semana se iniciar\u00e1 un ascenso ligero a moderado de las temperaturas que se generalizar\u00e1 durante los d\u00edas posteriores, dando lugar a un probable episodio de ola de calor. La configuraci\u00f3n sin\u00f3ptica asociada ser\u00e1 bastante estacionaria, caracteriz\u00e1ndose por la extensi\u00f3n del anticicl\u00f3n atl\u00e1ntico por el \u00e1rea cant\u00e1brica, y por la persistencia de una depresi\u00f3n aislada en niveles altos al suroeste de la Pen\u00ednsula. La posici\u00f3n de esta estructura, junto con la circulaci\u00f3n anticicl\u00f3nica que se conforma en estas fechas sobre el continente africano, favorecer\u00e1 la entrada de una masa de aire c\u00e1lida y seca que afectar\u00e1 en mayor medida al cuadrante suroccidental y centro peninsular. Este hecho, unido a la elevada insolaci\u00f3n en la mayor parte del territorio, har\u00e1 que se registren valores t\u00e9rmicos m\u00e1s altos que los habituales para esta \u00e9poca del a\u00f1o en las zonas mencionadas.<\/p>\n<p>El domingo 3 las m\u00e1ximas ya superar\u00e1n los 38 \u00baC de forma bastante generalizada en el cuadrante suroeste, alcanz\u00e1ndose los 40 42 \u00baC en los valles del Guadiana y el Guadalquivir. Se espera que el d\u00eda \u00e1lgido de la ola de calor sea el lunes 4, cuando los ascensos t\u00e9rmicos continuar\u00e1n y se extender\u00e1n al interior de la fachada cant\u00e1brica, donde podr\u00edan ser localmente notables. Durante esta jornada los valores cercanos a 40 \u00baC se registrar\u00e1n tambi\u00e9n en los valles del Tajo y el Mi\u00f1o, siendo muy probable que se superen los 42 \u00baC en el entorno del Guadiana y el Guadalquivir. El martes 4 es probable un descenso considerable de las temperaturas en el extremo norte peninsular, pero sin embargo en el centro e interior sur continuar\u00e1n los valores anormalmente c\u00e1lidos de forma generalizada, con m\u00e1ximas similares o localmente superiores a las del lunes.<\/p>\n<p>Adem\u00e1s, a lo largo del episodio las temperaturas ser\u00e1n altas en el oeste de la meseta Norte y en las depresiones del nordeste, alcanz\u00e1ndose en estas zonas los 37 &#8211; 39 \u00baC a partir del lunes. Este umbral tambi\u00e9n se podr\u00e1 superar en los valles del J\u00facar y el Segura, especialmente al final del periodo. Aunque en Canarias la tendencia en las temperaturas podr\u00eda ser ascendente desde el lunes 4, no se espera que en el archipi\u00e9lago se cumpla el criterio de ola de calor.<\/p>\n<p>A pesar de que el ascenso en las m\u00ednimas no ser\u00e1 tan extendido y acusado, s\u00ed que ser\u00e1 suficiente para que las temperaturas nocturnas sean significativas en los pr\u00f3ximos d\u00edas. De hecho, no se espera que se baje de los 23 25 \u00baC en amplias zonas del centro y sur peninsular, principalmente el lunes y el martes.<\/p>\n<p>A d\u00eda de hoy la incertidumbre sobre la duraci\u00f3n de la ola de calor es elevada, ya que la mayor o menor persistencia de la masa de aire de origen africano depende de la posici\u00f3n de la depresi\u00f3n en altura. Aunque gran parte de los escenarios ya predicen descensos ligeros a moderados en las m\u00e1ximas a partir del mi\u00e9rcoles 6, es probable que este d\u00eda todav\u00eda contin\u00fae el episodio de temperaturas anormalmente altas en el interior sur peninsular, super\u00e1ndose los 40 \u00baC en zonas de valle.<\/p>\n<p>Os dejo con esta foto de mi amigo Pepe Gand\u00eda.<\/p>\n<p>&nbsp;<\/p>\n<p><a href=\"https:\/\/static-blogs.diariosur.es\/wp-content\/uploads\/sites\/12\/2025\/07\/518287614_10233550610286070_2461704535016488303_n-e1753978218976.jpg\"><img loading=\"lazy\" class=\"aligncenter size-full wp-image-45598\" src=\"https:\/\/static-blogs.diariosur.es\/wp-content\/uploads\/sites\/12\/2025\/07\/518287614_10233550610286070_2461704535016488303_n-e1753978218976.jpg\" alt=\"\" width=\"1000\" height=\"597\" \/><\/a><\/p>\n<\/div>\n<p>&nbsp;<\/p>\n","protected":false},"excerpt":{"rendered":"<p>Buenas tardes, amigos de la meteo. Ya de vuelta de Matalasca\u00f1as y ante tantos mensajes pregunt\u00e1ndome desde esta ma\u00f1ana por la segunda ola de calor, os informo de c\u00f3mo puede afectar a la provincia malague\u00f1a. Como comenta la Aemet, empieza el domingo y termina probablemente el martes. Con los modelos actualizados, la provincia malague\u00f1a apenas [&hellip;]<\/p>\n","protected":false},"author":16,"featured_media":45598,"comment_status":"open","ping_status":"open","sticky":false,"template":"","format":"standard","meta":[],"categories":[2],"tags":[81,151,212,676,732,872,962,1052],"_links":{"self":[{"href":"https:\/\/blogs.diariosur.es\/tormentas-y-rayos\/wp-json\/wp\/v2\/posts\/45596"}],"collection":[{"href":"https:\/\/blogs.diariosur.es\/tormentas-y-rayos\/wp-json\/wp\/v2\/posts"}],"about":[{"href":"https:\/\/blogs.diariosur.es\/tormentas-y-rayos\/wp-json\/wp\/v2\/types\/post"}],"author":[{"embeddable":true,"href":"https:\/\/blogs.diariosur.es\/tormentas-y-rayos\/wp-json\/wp\/v2\/users\/16"}],"replies":[{"embeddable":true,"href":"https:\/\/blogs.diariosur.es\/tormentas-y-rayos\/wp-json\/wp\/v2\/comments?post=45596"}],"version-history":[{"count":5,"href":"https:\/\/blogs.diariosur.es\/tormentas-y-rayos\/wp-json\/wp\/v2\/posts\/45596\/revisions"}],"predecessor-version":[{"id":46512,"href":"https:\/\/blogs.diariosur.es\/tormentas-y-rayos\/wp-json\/wp\/v2\/posts\/45596\/revisions\/46512"}],"wp:featuredmedia":[{"embeddable":true,"href":"https:\/\/blogs.diariosur.es\/tormentas-y-rayos\/wp-json\/wp\/v2\/media\/45598"}],"wp:attachment":[{"href":"https:\/\/blogs.diariosur.es\/tormentas-y-rayos\/wp-json\/wp\/v2\/media?parent=45596"}],"wp:term":[{"taxonomy":"category","embeddable":true,"href":"https:\/\/blogs.diariosur.es\/tormentas-y-rayos\/wp-json\/wp\/v2\/categories?post=45596"},{"taxonomy":"post_tag","embeddable":true,"href":"https:\/\/blogs.diariosur.es\/tormentas-y-rayos\/wp-json\/wp\/v2\/tags?post=45596"}],"curies":[{"name":"wp","href":"https:\/\/api.w.org\/{rel}","templated":true}]}}