{"id":45605,"date":"2025-08-01T09:51:58","date_gmt":"2025-08-01T07:51:58","guid":{"rendered":"https:\/\/blogs.diariosur.es\/tormentas-y-rayos\/?p=45605"},"modified":"2025-08-01T09:51:58","modified_gmt":"2025-08-01T07:51:58","slug":"salvemos-el-pantano-del-llano-de-la-leche-en-benahavis","status":"publish","type":"post","link":"https:\/\/blogs.diariosur.es\/tormentas-y-rayos\/2025\/08\/01\/salvemos-el-pantano-del-llano-de-la-leche-en-benahavis\/","title":{"rendered":"Salvemos el Pantano del Llano de la Leche en Benahav\u00eds"},"content":{"rendered":"<p><a href=\"https:\/\/static-blogs.diariosur.es\/wp-content\/uploads\/sites\/12\/2025\/07\/444912498_10228884468795449_97962860407814916_n-1.jpg\"><img loading=\"lazy\" class=\"aligncenter size-thumbnail wp-image-45529\" src=\"https:\/\/static-blogs.diariosur.es\/wp-content\/uploads\/sites\/12\/2025\/07\/444912498_10228884468795449_97962860407814916_n-1-150x150.jpg\" alt=\"\" width=\"150\" height=\"150\" \/><\/a><\/p>\n<p>Buenos d\u00edas, amigos de la meteo. Hoy toca leer Salvemos el Pantano del Llano de la leche. Ma\u00f1ana hablaremos de la segunda ola de calor.<\/p>\n<div class=\"x14z9mp xat24cr x1lziwak x1vvkbs xtlvy1s x126k92a\">\n<div dir=\"auto\">\n<h3 class=\"html-h1 xdj266r x14z9mp xat24cr x1lziwak xexx8yu xyri2b x18d9i69 x1c1uobl x1vvkbs x1heor9g x1qlqyl8 x1pd3egz x1a2a7pz\"><span style=\"color: #ff0000;\">Opci\u00f3n Sampedre\u00f1a<\/span><\/h3>\n<div class=\"xdj266r x14z9mp xat24cr x1lziwak x1vvkbs x126k92a\">\n<div dir=\"auto\">Salvemos el Pantano del Llano de la Leche<\/div>\n<div dir=\"auto\">\n<p>En esta rueda de prensa desde la propia presa, el concejal de OSP, Manuel Osorio, lanza un firme llamamiento a las instituciones: no podemos permitir el cierre de un embalse con m\u00e1s de 120 a\u00f1os de historia, biodiversidad y valor agr\u00edcola.<\/p>\n<p>&nbsp;<\/p>\n<p><iframe title=\"\n\n&nbsp;\n\n&nbsp;\n\n\n<h3>Presa Llano de la Leche \u2013 Infraestructura hidr\u00e1ulica de 1905 en Benahav\u00eds<\/h3>\n<p>Fuente Andaluc\u00eda Rustica.<\/p>\n<p>La Presa Llano de la Leche se encuentra en el t\u00e9rmino municipal de Benahav\u00eds, provincia de M\u00e1laga, situada en el entorno natural del r\u00edo La Leche, afluente del Guadalmina. Fue construida en 1905 para uso agr\u00edcola y pertenece a la Comunidad de Regantes de Benahav\u00eds. Su estrat\u00e9gica ubicaci\u00f3n, a pocos minutos de la localidad de San Pedro de Alc\u00e1ntara (Marbella), permite aprovechar los recursos h\u00eddricos de una cuenca de 5 km\u00b2 en pleno coraz\u00f3n de la Serran\u00eda de Ronda.<\/p>\n<p>Esta presa es de gravedad y planta recta. Tiene una altura desde cimientos de 20 metros y una longitud de coronaci\u00f3n de 72 metros. Su aliviadero, de labio fijo, se sit\u00faa en el estribo derecho. La capacidad total del embalse es de 0,2 hect\u00f3metros c\u00fabicos, ocupando una superficie de 3 hect\u00e1reas y con una longitud m\u00e1xima de l\u00e1mina de agua de aproximadamente 1 kil\u00f3metro.<\/p>\n<p>Desde un punto de vista funcional, el embalse cumple una \u00fanica finalidad: el abastecimiento de agua para riego. Su modesta capacidad lo convierte en un ejemplo de infraestructura hidr\u00e1ulica de escala local, plenamente integrada en la red de aprovechamientos agr\u00edcolas del municipio.<\/p>\n<p>La zona en la que se ubica esta presa es un entorno privilegiado. Benahav\u00eds, situado en las estribaciones de la Sierra Blanca, entre Marbella y Estepona, ofrece un paisaje monta\u00f1oso que domina m\u00e1s de 100 km de costa mediterr\u00e1nea y parte del litoral norteafricano en los d\u00edas despejados. Este enclave estrat\u00e9gico y su riqueza natural convierten al embalse en un elemento m\u00e1s del paisaje hist\u00f3rico y productivo del t\u00e9rmino municipal.<\/p>\n<p>&nbsp;<\/p>\n<p>&nbsp;<\/p>\n<h3><strong>Diputaci\u00f3n M\u00e1laga<\/strong><\/h3>\n<\/div>\n<div class=\"row\">\n<div class=\"nine columns\">\n<h3>Embalse de la Leche<\/h3>\n<\/div>\n<\/div>\n<div class=\"row\">\n<div class=\"three columns datosProducto\">\n<div class=\"datoFicha\"><\/div>\n<div class=\"zonaContacto\">Lugares de inter\u00e9s ornitol\u00f3gico<\/div>\n<\/div>\n<div class=\"nine columns contenidoProducto\">\n<div class=\"row\">\n<div class=\"twelve columns\">\n<p>Se trata de cuatro embalses en el entorno de Marbella Y San Pedro de Alc\u00e1ntara, el de las Medranas, la Leche y Cancelada de reducidas dimensiones, y el de la Concepci\u00f3n, que embalsa a r\u00edo Verde, de mayor tama\u00f1o. La diversidad de aves no es elevada, pero la escasez de humedales en la zona y la localizaci\u00f3n geogr\u00e1fica nos puede deparar sorpresas. Las especies m\u00e1s frecuentes que podremos observar son el zampull\u00edn chico, cormor\u00e1n grande, ardeidas como la gracilla bueyera, la garceta com\u00fan y la garza real, fochas comunes, \u00e1nades azulones silvestres y tambi\u00e9n dom\u00e9sticos, andarr\u00edos chico, gaviotas reidora, patiamarilla y sombr\u00eda, lavanderas blanca y cascade\u00f1a, ruise\u00f1ores bastardo y com\u00fan, currucas capirotadas y cabecinegras y mosquiteros comunes durante la invernada.<\/p>\n<p>Foto Jes\u00fas Ponce<\/p>\n<p>&nbsp;<\/p>\n<p><a href=\"https:\/\/static-blogs.diariosur.es\/wp-content\/uploads\/sites\/12\/2025\/08\/Captura-de-pantalla-2025-08-01-092244-e1754033012692.jpg\"><img loading=\"lazy\" class=\"aligncenter size-full wp-image-45601\" src=\"https:\/\/static-blogs.diariosur.es\/wp-content\/uploads\/sites\/12\/2025\/08\/Captura-de-pantalla-2025-08-01-092244-e1754033012692.jpg\" alt=\"\" width=\"1200\" height=\"729\" \/><\/a><\/p>\n<\/div>\n<\/div>\n<\/div>\n<\/div>\n<\/div>\n<\/div>\n<\/div>\n","protected":false},"excerpt":{"rendered":"<p>Buenos d\u00edas, amigos de la meteo. Hoy toca leer Salvemos el Pantano del Llano de la leche. Ma\u00f1ana hablaremos de la segunda ola de calor. Opci\u00f3n Sampedre\u00f1a Salvemos el Pantano del Llano de la Leche En esta rueda de prensa desde la propia presa, el concejal de OSP, Manuel Osorio, lanza un firme llamamiento a [&hellip;]<\/p>\n","protected":false},"author":16,"featured_media":45601,"comment_status":"open","ping_status":"open","sticky":false,"template":"","format":"standard","meta":[],"categories":[2],"tags":[2059,750],"_links":{"self":[{"href":"https:\/\/blogs.diariosur.es\/tormentas-y-rayos\/wp-json\/wp\/v2\/posts\/45605"}],"collection":[{"href":"https:\/\/blogs.diariosur.es\/tormentas-y-rayos\/wp-json\/wp\/v2\/posts"}],"about":[{"href":"https:\/\/blogs.diariosur.es\/tormentas-y-rayos\/wp-json\/wp\/v2\/types\/post"}],"author":[{"embeddable":true,"href":"https:\/\/blogs.diariosur.es\/tormentas-y-rayos\/wp-json\/wp\/v2\/users\/16"}],"replies":[{"embeddable":true,"href":"https:\/\/blogs.diariosur.es\/tormentas-y-rayos\/wp-json\/wp\/v2\/comments?post=45605"}],"version-history":[{"count":3,"href":"https:\/\/blogs.diariosur.es\/tormentas-y-rayos\/wp-json\/wp\/v2\/posts\/45605\/revisions"}],"predecessor-version":[{"id":45609,"href":"https:\/\/blogs.diariosur.es\/tormentas-y-rayos\/wp-json\/wp\/v2\/posts\/45605\/revisions\/45609"}],"wp:featuredmedia":[{"embeddable":true,"href":"https:\/\/blogs.diariosur.es\/tormentas-y-rayos\/wp-json\/wp\/v2\/media\/45601"}],"wp:attachment":[{"href":"https:\/\/blogs.diariosur.es\/tormentas-y-rayos\/wp-json\/wp\/v2\/media?parent=45605"}],"wp:term":[{"taxonomy":"category","embeddable":true,"href":"https:\/\/blogs.diariosur.es\/tormentas-y-rayos\/wp-json\/wp\/v2\/categories?post=45605"},{"taxonomy":"post_tag","embeddable":true,"href":"https:\/\/blogs.diariosur.es\/tormentas-y-rayos\/wp-json\/wp\/v2\/tags?post=45605"}],"curies":[{"name":"wp","href":"https:\/\/api.w.org\/{rel}","templated":true}]}}