{"id":45611,"date":"2025-08-02T09:05:16","date_gmt":"2025-08-02T07:05:16","guid":{"rendered":"https:\/\/blogs.diariosur.es\/tormentas-y-rayos\/?p=45611"},"modified":"2025-10-04T10:36:53","modified_gmt":"2025-10-04T08:36:53","slug":"se-amplia-la-ola-de-calor-hasta-el-jueves-seguiremos-en-un-oasis-en-la-provincia-malaguena-comparando-con-otras-zonas-de-la-peninsula","status":"publish","type":"post","link":"https:\/\/blogs.diariosur.es\/tormentas-y-rayos\/2025\/08\/02\/se-amplia-la-ola-de-calor-hasta-el-jueves-seguiremos-en-un-oasis-en-la-provincia-malaguena-comparando-con-otras-zonas-de-la-peninsula\/","title":{"rendered":"Se ampl\u00eda la ola de calor hasta el jueves. \u00bfSeguiremos en un &#8220;oasis&#8221; en la provincia malague\u00f1a, comparando con otras zonas de la pen\u00ednsula?"},"content":{"rendered":"<p data-pm-slice=\"1 1 []\"><a href=\"https:\/\/static-blogs.diariosur.es\/wp-content\/uploads\/sites\/12\/2025\/09\/72999690_10217709542349272_7908844429161529344_n.jpg\"><img loading=\"lazy\" class=\"aligncenter size-thumbnail wp-image-46373\" src=\"https:\/\/static-blogs.diariosur.es\/wp-content\/uploads\/sites\/12\/2025\/09\/72999690_10217709542349272_7908844429161529344_n-150x150.jpg\" alt=\"\" width=\"150\" height=\"150\" \/><\/a><\/p>\n<p data-pm-slice=\"1 1 []\">Buenos d\u00edas, amigos de la meteo. La Aemet ampl\u00eda el aviso por ola de calor en la pen\u00ednsula hasta el jueves d\u00eda 7.<\/p>\n<p>Como os coment\u00e9 el jueves pasado, la provincia malague\u00f1a, sobre todo su costa, no se ver\u00e1 afectada por temperaturas muy altas; con esto no quiero decir que no haga calor. Ya sab\u00e9is que la humedad hace que la sensaci\u00f3n t\u00e9rmica sea de m\u00e1s calor. No tendremos terral en las zonas habituales hasta el jueves; ya veremos qu\u00e9 pasa a partir de este d\u00eda. En el interior norte de la comarca de Antequera, habr\u00e1 algunas zonas que se acerquen a los 38 o 39 \u00baC, sobre todo el martes. Los dem\u00e1s d\u00edas de la ola de calor lo iremos viendo.<\/p>\n<p>Os pongo el mapa de avisos por altas temperaturas de ma\u00f1ana domingo y el lunes elaborado por la Aemet. Los del martes saldr\u00e1n ma\u00f1ana. Fijaros en los avisos del lunes en zonas de Galicia.<\/p>\n<p>&nbsp;<\/p>\n<p><strong>Domingo<\/strong><\/p>\n<p><a href=\"https:\/\/static-blogs.diariosur.es\/wp-content\/uploads\/sites\/12\/2025\/08\/avisos-domingo.jpg\"><img loading=\"lazy\" class=\"aligncenter size-full wp-image-45612\" src=\"https:\/\/static-blogs.diariosur.es\/wp-content\/uploads\/sites\/12\/2025\/08\/avisos-domingo.jpg\" alt=\"\" width=\"1033\" height=\"814\" srcset=\"https:\/\/static-blogs.diariosur.es\/wp-content\/uploads\/sites\/12\/2025\/08\/avisos-domingo.jpg 1033w, https:\/\/static-blogs.diariosur.es\/wp-content\/uploads\/sites\/12\/2025\/08\/avisos-domingo-508x400.jpg 508w, https:\/\/static-blogs.diariosur.es\/wp-content\/uploads\/sites\/12\/2025\/08\/avisos-domingo-518x408.jpg 518w, https:\/\/static-blogs.diariosur.es\/wp-content\/uploads\/sites\/12\/2025\/08\/avisos-domingo-768x605.jpg 768w\" sizes=\"(max-width: 1033px) 100vw, 1033px\" \/><\/a><\/p>\n<p>&nbsp;<\/p>\n<p><strong>Lunes<\/strong><\/p>\n<p><a href=\"https:\/\/static-blogs.diariosur.es\/wp-content\/uploads\/sites\/12\/2025\/08\/aviso-lunes.jpg\"><img loading=\"lazy\" class=\"aligncenter size-full wp-image-45613\" src=\"https:\/\/static-blogs.diariosur.es\/wp-content\/uploads\/sites\/12\/2025\/08\/aviso-lunes.jpg\" alt=\"\" width=\"1033\" height=\"823\" srcset=\"https:\/\/static-blogs.diariosur.es\/wp-content\/uploads\/sites\/12\/2025\/08\/aviso-lunes.jpg 1033w, https:\/\/static-blogs.diariosur.es\/wp-content\/uploads\/sites\/12\/2025\/08\/aviso-lunes-502x400.jpg 502w, https:\/\/static-blogs.diariosur.es\/wp-content\/uploads\/sites\/12\/2025\/08\/aviso-lunes-512x408.jpg 512w, https:\/\/static-blogs.diariosur.es\/wp-content\/uploads\/sites\/12\/2025\/08\/aviso-lunes-768x612.jpg 768w\" sizes=\"(max-width: 1033px) 100vw, 1033px\" \/><\/a><\/p>\n<p>&nbsp;<\/p>\n<p>&nbsp;<\/p>\n<p data-pm-slice=\"1 1 []\">Os paso las temperaturas m\u00e1ximas y m\u00ednimas que prev\u00e9 la Aemet desde ma\u00f1ana domingo al martes en la provincia malague\u00f1a. Como la mar est\u00e1 m\u00e1s caliente, las noches y madrugadas no ser\u00e1n tan llevaderas. <strong>Domingo<\/strong><\/p>\n<p>&nbsp;<\/p>\n<p><a href=\"https:\/\/static-blogs.diariosur.es\/wp-content\/uploads\/sites\/12\/2025\/08\/domingo.jpg\"><img loading=\"lazy\" class=\"aligncenter size-full wp-image-45614\" src=\"https:\/\/static-blogs.diariosur.es\/wp-content\/uploads\/sites\/12\/2025\/08\/domingo.jpg\" alt=\"\" width=\"1033\" height=\"823\" srcset=\"https:\/\/static-blogs.diariosur.es\/wp-content\/uploads\/sites\/12\/2025\/08\/domingo.jpg 1033w, https:\/\/static-blogs.diariosur.es\/wp-content\/uploads\/sites\/12\/2025\/08\/domingo-502x400.jpg 502w, https:\/\/static-blogs.diariosur.es\/wp-content\/uploads\/sites\/12\/2025\/08\/domingo-512x408.jpg 512w, https:\/\/static-blogs.diariosur.es\/wp-content\/uploads\/sites\/12\/2025\/08\/domingo-768x612.jpg 768w\" sizes=\"(max-width: 1033px) 100vw, 1033px\" \/><\/a><\/p>\n<p>&nbsp;<\/p>\n<p><strong>Lunes<\/strong><\/p>\n<p><a href=\"https:\/\/static-blogs.diariosur.es\/wp-content\/uploads\/sites\/12\/2025\/08\/lunes.jpg\"><img loading=\"lazy\" class=\"aligncenter size-full wp-image-45615\" src=\"https:\/\/static-blogs.diariosur.es\/wp-content\/uploads\/sites\/12\/2025\/08\/lunes.jpg\" alt=\"\" width=\"1042\" height=\"819\" srcset=\"https:\/\/static-blogs.diariosur.es\/wp-content\/uploads\/sites\/12\/2025\/08\/lunes.jpg 1042w, https:\/\/static-blogs.diariosur.es\/wp-content\/uploads\/sites\/12\/2025\/08\/lunes-509x400.jpg 509w, https:\/\/static-blogs.diariosur.es\/wp-content\/uploads\/sites\/12\/2025\/08\/lunes-519x408.jpg 519w, https:\/\/static-blogs.diariosur.es\/wp-content\/uploads\/sites\/12\/2025\/08\/lunes-768x604.jpg 768w\" sizes=\"(max-width: 1042px) 100vw, 1042px\" \/><\/a><\/p>\n<p>&nbsp;<\/p>\n<p><strong>Martes\u00a0<\/strong><\/p>\n<p>&nbsp;<\/p>\n<p><a href=\"https:\/\/static-blogs.diariosur.es\/wp-content\/uploads\/sites\/12\/2025\/08\/martes.jpg\"><img loading=\"lazy\" class=\"aligncenter size-full wp-image-45616\" src=\"https:\/\/static-blogs.diariosur.es\/wp-content\/uploads\/sites\/12\/2025\/08\/martes.jpg\" alt=\"\" width=\"1027\" height=\"826\" srcset=\"https:\/\/static-blogs.diariosur.es\/wp-content\/uploads\/sites\/12\/2025\/08\/martes.jpg 1027w, https:\/\/static-blogs.diariosur.es\/wp-content\/uploads\/sites\/12\/2025\/08\/martes-497x400.jpg 497w, https:\/\/static-blogs.diariosur.es\/wp-content\/uploads\/sites\/12\/2025\/08\/martes-507x408.jpg 507w, https:\/\/static-blogs.diariosur.es\/wp-content\/uploads\/sites\/12\/2025\/08\/martes-768x618.jpg 768w\" sizes=\"(max-width: 1027px) 100vw, 1027px\" \/><\/a><\/p>\n<p>&nbsp;<\/p>\n<p>El martes es probable, lo mismo no, que activen el aviso amarillo por altas temperaturas en la comarca de Antequera, sobre todo en las zonas m\u00e1s pr\u00f3ximas a la provincia de C\u00f3rdoba, donde pueden darse m\u00e1ximas m\u00e1s altas.<\/p>\n<p>Hasta ma\u00f1ana.<\/p>\n<p>&nbsp;<\/p>\n<p><a href=\"https:\/\/static-blogs.diariosur.es\/wp-content\/uploads\/sites\/12\/2025\/08\/54351954210_568b3967b8_b.jpg\"><img loading=\"lazy\" class=\"aligncenter size-full wp-image-45617\" src=\"https:\/\/static-blogs.diariosur.es\/wp-content\/uploads\/sites\/12\/2025\/08\/54351954210_568b3967b8_b.jpg\" alt=\"\" width=\"1024\" height=\"683\" srcset=\"https:\/\/static-blogs.diariosur.es\/wp-content\/uploads\/sites\/12\/2025\/08\/54351954210_568b3967b8_b.jpg 1024w, https:\/\/static-blogs.diariosur.es\/wp-content\/uploads\/sites\/12\/2025\/08\/54351954210_568b3967b8_b-600x400.jpg 600w, https:\/\/static-blogs.diariosur.es\/wp-content\/uploads\/sites\/12\/2025\/08\/54351954210_568b3967b8_b-612x408.jpg 612w, https:\/\/static-blogs.diariosur.es\/wp-content\/uploads\/sites\/12\/2025\/08\/54351954210_568b3967b8_b-768x512.jpg 768w\" sizes=\"(max-width: 1024px) 100vw, 1024px\" \/><\/a><\/p>\n<p>&nbsp;<\/p>\n<p>&nbsp;<\/p>\n<p>&nbsp;<\/p>\n","protected":false},"excerpt":{"rendered":"<p>Buenos d\u00edas, amigos de la meteo. La Aemet ampl\u00eda el aviso por ola de calor en la pen\u00ednsula hasta el jueves d\u00eda 7. Como os coment\u00e9 el jueves pasado, la provincia malague\u00f1a, sobre todo su costa, no se ver\u00e1 afectada por temperaturas muy altas; con esto no quiero decir que no haga calor. Ya sab\u00e9is [&hellip;]<\/p>\n","protected":false},"author":16,"featured_media":46033,"comment_status":"open","ping_status":"open","sticky":false,"template":"","format":"standard","meta":[],"categories":[2],"tags":[81,151,212,375,732,962],"_links":{"self":[{"href":"https:\/\/blogs.diariosur.es\/tormentas-y-rayos\/wp-json\/wp\/v2\/posts\/45611"}],"collection":[{"href":"https:\/\/blogs.diariosur.es\/tormentas-y-rayos\/wp-json\/wp\/v2\/posts"}],"about":[{"href":"https:\/\/blogs.diariosur.es\/tormentas-y-rayos\/wp-json\/wp\/v2\/types\/post"}],"author":[{"embeddable":true,"href":"https:\/\/blogs.diariosur.es\/tormentas-y-rayos\/wp-json\/wp\/v2\/users\/16"}],"replies":[{"embeddable":true,"href":"https:\/\/blogs.diariosur.es\/tormentas-y-rayos\/wp-json\/wp\/v2\/comments?post=45611"}],"version-history":[{"count":4,"href":"https:\/\/blogs.diariosur.es\/tormentas-y-rayos\/wp-json\/wp\/v2\/posts\/45611\/revisions"}],"predecessor-version":[{"id":46511,"href":"https:\/\/blogs.diariosur.es\/tormentas-y-rayos\/wp-json\/wp\/v2\/posts\/45611\/revisions\/46511"}],"wp:featuredmedia":[{"embeddable":true,"href":"https:\/\/blogs.diariosur.es\/tormentas-y-rayos\/wp-json\/wp\/v2\/media\/46033"}],"wp:attachment":[{"href":"https:\/\/blogs.diariosur.es\/tormentas-y-rayos\/wp-json\/wp\/v2\/media?parent=45611"}],"wp:term":[{"taxonomy":"category","embeddable":true,"href":"https:\/\/blogs.diariosur.es\/tormentas-y-rayos\/wp-json\/wp\/v2\/categories?post=45611"},{"taxonomy":"post_tag","embeddable":true,"href":"https:\/\/blogs.diariosur.es\/tormentas-y-rayos\/wp-json\/wp\/v2\/tags?post=45611"}],"curies":[{"name":"wp","href":"https:\/\/api.w.org\/{rel}","templated":true}]}}