{"id":4562,"date":"2013-01-04T07:08:54","date_gmt":"2013-01-04T06:08:54","guid":{"rendered":"http:\/\/blogs.diariosur.es\/tormentas-y-rayos\/?p=4562"},"modified":"2013-01-04T07:08:54","modified_gmt":"2013-01-04T06:08:54","slug":"prediccion-del-tiempo-cabalgata-de-reyes-magos-y-fin-de-semana-los-reyes-nos-traen-turron-del-anticiclon","status":"publish","type":"post","link":"https:\/\/blogs.diariosur.es\/tormentas-y-rayos\/2013\/01\/04\/prediccion-del-tiempo-cabalgata-de-reyes-magos-y-fin-de-semana-los-reyes-nos-traen-turron-del-anticiclon\/","title":{"rendered":"Predicci\u00f3n del tiempo Cabalgata de Reyes Magos y Fin de Semana. Los reyes nos traen turr\u00f3n del Anticicl\u00f3n."},"content":{"rendered":"<p><strong>Buenos dias amigos de la meteo.<\/strong><\/p>\n<p><strong>Son las seis de la ma\u00f1ana, registro 8 grados y el levante en estos\u00a0momentos\u00a0esta casi en calma. Pero no me\u00a0extra\u00f1ar\u00eda\u00a0que soplara moderado durante la ma\u00f1ana.<\/strong><\/p>\n<p><strong>\u00a0Se cumplieron los pron\u00f3sticos y el levante hizo acto de presencia sobre el mediod\u00eda del jueves. En el post del dia anterior os comentaba, que las<a href=\"https:\/\/blogs.diariosur.es\/tormentas-y-rayos\/2013\/01\/02\/prediccion-del-tiempo-dia-2-y-3-de-enero-el-levante-tomara-protagonismo-a-partir-del-jueves-impresionantes-fotos-del-ultimo-amanecer-y-atardecer-del-2012\/\"> isos a 850 hpa estar\u00edan bajas el jueves<\/a>, y as\u00ed ha sido amigos de la meteo. \u00a0Os paso este\u00a0gr\u00e1fico\u00a0de la Aemet de temperaturas, lo curioso es que la maxima la dimos a las once de la ma\u00f1ana. D<\/strong><strong>espu\u00e9s al entrar el levante bajo\u00a0r\u00e1pidamente.<\/strong><\/p>\n<p><a href=\"https:\/\/blogs.diariosur.es\/tormentas-y-rayos\/2013\/01\/04\/prediccion-del-tiempo-cabalgata-de-reyes-magos-y-fin-de-semana-los-reyes-nos-traen-turron-del-anticiclon\/isos-3\/\" rel=\"attachment wp-att-4563\"><img loading=\"lazy\" class=\"aligncenter size-medium wp-image-4563\" title=\"isos\" src=\"\/tormentas-y-rayos\/wp-content\/uploads\/sites\/12\/2013\/01\/isos.jpg\" alt=\"\" width=\"600\" height=\"255\" srcset=\"https:\/\/static-blogs.diariosur.es\/wp-content\/uploads\/sites\/12\/2013\/01\/isos.jpg 740w, https:\/\/static-blogs.diariosur.es\/wp-content\/uploads\/sites\/12\/2013\/01\/isos-640x272.jpg 640w\" sizes=\"(max-width: 600px) 100vw, 600px\" \/><\/a><\/p>\n<p><strong>El levante ha soplado entre moderado y fuerte en la Costa Malague\u00f1a. Siendo las rachas mas \u00a0fuertes en el Mar de Alboran y Estrecho. En M\u00e1laga Capital se han llegado a rachas de 50 kil\u00f3metros por hora. Que ha tra\u00eddo mar de fondo, con olas de dos metros.<\/strong><\/p>\n<p><a href=\"https:\/\/blogs.diariosur.es\/tormentas-y-rayos\/2013\/01\/04\/prediccion-del-tiempo-cabalgata-de-reyes-magos-y-fin-de-semana-los-reyes-nos-traen-turron-del-anticiclon\/viento-14\/\" rel=\"attachment wp-att-4564\"><img loading=\"lazy\" class=\"aligncenter size-medium wp-image-4564\" title=\"viento\" src=\"\/tormentas-y-rayos\/wp-content\/uploads\/sites\/12\/2013\/01\/viento.jpg\" alt=\"\" width=\"600\" height=\"256\" srcset=\"https:\/\/static-blogs.diariosur.es\/wp-content\/uploads\/sites\/12\/2013\/01\/viento.jpg 714w, https:\/\/static-blogs.diariosur.es\/wp-content\/uploads\/sites\/12\/2013\/01\/viento-640x273.jpg 640w\" sizes=\"(max-width: 600px) 100vw, 600px\" \/><\/a><\/p>\n<p>&nbsp;<\/p>\n<p><strong>\u00a0Tambi\u00e9n\u00a0trajo nubes bajas, como la bonita foto que nos manda nuestro amigo Nandi Berrocal desde la zona de la Esperanza. Estas nubes dejaron por la zona del Estrecho algunas gotas.<\/strong><\/p>\n<p><a href=\"https:\/\/blogs.diariosur.es\/tormentas-y-rayos\/2013\/01\/04\/prediccion-del-tiempo-cabalgata-de-reyes-magos-y-fin-de-semana-los-reyes-nos-traen-turron-del-anticiclon\/2013-01-03_18-01-16_420\/\" rel=\"attachment wp-att-4571\"><img loading=\"lazy\" class=\"aligncenter size-full wp-image-4571\" title=\"2013-01-03_18-01-16_420\" src=\"\/tormentas-y-rayos\/wp-content\/uploads\/sites\/12\/2013\/01\/2013-01-03_18-01-16_420.jpg\" alt=\"\" width=\"670\" height=\"378\" srcset=\"https:\/\/static-blogs.diariosur.es\/wp-content\/uploads\/sites\/12\/2013\/01\/2013-01-03_18-01-16_420.jpg 670w, https:\/\/static-blogs.diariosur.es\/wp-content\/uploads\/sites\/12\/2013\/01\/2013-01-03_18-01-16_420-640x361.jpg 640w\" sizes=\"(max-width: 670px) 100vw, 670px\" \/><\/a><\/p>\n<p>&nbsp;<\/p>\n<p>&nbsp;<\/p>\n<p><span style=\"color: #ff0000;\"><strong>PREDICCI\u00d3N CABALGATA DE REYES Y FIN DE SEMANA.\u00a0<\/strong><\/span><\/p>\n<p>Foto Cabalgata Cruz de Humilladero.<\/p>\n<p>&nbsp;<\/p>\n<p>&nbsp;<\/p>\n<p><a href=\"https:\/\/blogs.diariosur.es\/tormentas-y-rayos\/2013\/01\/04\/prediccion-del-tiempo-cabalgata-de-reyes-magos-y-fin-de-semana-los-reyes-nos-traen-turron-del-anticiclon\/page-2\/\" rel=\"attachment wp-att-4568\"><img loading=\"lazy\" class=\"aligncenter size-full wp-image-4568\" title=\"page\" src=\"\/tormentas-y-rayos\/wp-content\/uploads\/sites\/12\/2013\/01\/page1.jpg\" alt=\"\" width=\"639\" height=\"639\" srcset=\"https:\/\/static-blogs.diariosur.es\/wp-content\/uploads\/sites\/12\/2013\/01\/page1.jpg 639w, https:\/\/static-blogs.diariosur.es\/wp-content\/uploads\/sites\/12\/2013\/01\/page1-150x150.jpg 150w, https:\/\/static-blogs.diariosur.es\/wp-content\/uploads\/sites\/12\/2013\/01\/page1-400x400.jpg 400w\" sizes=\"(max-width: 639px) 100vw, 639px\" \/><\/a><\/p>\n<p>&nbsp;<\/p>\n<p>&nbsp;<\/p>\n<p><span><strong><span style=\"color: #0000ff;\">Si hab\u00e9is le\u00eddo el titulo del post, mi amigos los \u00a0Reyes nos traen un pedazo de anticicl\u00f3n. Lo malo de este anticicl\u00f3n, es que es \u00a0del turr\u00f3n del duro, y a mas de uno le doler\u00e1 la cabeza. Mas de 1040 mb tendremos hoy y 1034 el\u00a0d\u00eda\u00a0de la cabalgata.\u00a0<\/span><\/strong><\/span><\/p>\n<p><a href=\"https:\/\/blogs.diariosur.es\/tormentas-y-rayos\/2013\/01\/04\/prediccion-del-tiempo-cabalgata-de-reyes-magos-y-fin-de-semana-los-reyes-nos-traen-turron-del-anticiclon\/anticiclonnn\/\" rel=\"attachment wp-att-4565\"><img loading=\"lazy\" class=\"aligncenter size-medium wp-image-4565\" title=\"ANTICICLONNN\" src=\"\/tormentas-y-rayos\/wp-content\/uploads\/sites\/12\/2013\/01\/ANTICICLONNN.jpg\" alt=\"\" width=\"600\" height=\"394\" srcset=\"https:\/\/static-blogs.diariosur.es\/wp-content\/uploads\/sites\/12\/2013\/01\/ANTICICLONNN.jpg 710w, https:\/\/static-blogs.diariosur.es\/wp-content\/uploads\/sites\/12\/2013\/01\/ANTICICLONNN-608x400.jpg 608w\" sizes=\"(max-width: 600px) 100vw, 600px\" \/><\/a><\/p>\n<p>&nbsp;<\/p>\n<p><a href=\"https:\/\/blogs.diariosur.es\/tormentas-y-rayos\/2013\/01\/04\/prediccion-del-tiempo-cabalgata-de-reyes-magos-y-fin-de-semana-los-reyes-nos-traen-turron-del-anticiclon\/cabalga\/\" rel=\"attachment wp-att-4566\"><img loading=\"lazy\" class=\"aligncenter size-medium wp-image-4566\" title=\"cabalga\" src=\"\/tormentas-y-rayos\/wp-content\/uploads\/sites\/12\/2013\/01\/cabalga.jpg\" alt=\"\" width=\"570\" height=\"400\" srcset=\"https:\/\/static-blogs.diariosur.es\/wp-content\/uploads\/sites\/12\/2013\/01\/cabalga.jpg 702w, https:\/\/static-blogs.diariosur.es\/wp-content\/uploads\/sites\/12\/2013\/01\/cabalga-571x400.jpg 571w\" sizes=\"(max-width: 570px) 100vw, 570px\" \/><\/a><\/p>\n<p>&nbsp;<\/p>\n<p><span style=\"color: #0000ff;\"><strong>El levante ira amainando durante el dia de hoy, y durante la cabalgata del sabado no espero que sople.<\/strong><\/span><\/p>\n<p><span><strong><span style=\"color: #0000ff;\">Pero por contra el terral de invierno empezara a soplar por la tarde noche del\u00a0s\u00e1bado, \u00a0pero no espero que sea muy fuerte. Las\u00a0m\u00e1ximas\u00a0ser\u00e1n agradables, sobre todo el domingo, donde podemos llegar a casi los 20 grados. Esto se debe, a que las isos a 850 hpa\u00a0estar\u00e1n\u00a0altas, para las fechas que estamos. Segun el modelo Gfs fuente meteociel sobre los 12 grados.<\/span><\/strong><\/span><\/p>\n<p>&nbsp;<\/p>\n<p><a href=\"https:\/\/blogs.diariosur.es\/tormentas-y-rayos\/2013\/01\/04\/prediccion-del-tiempo-cabalgata-de-reyes-magos-y-fin-de-semana-los-reyes-nos-traen-turron-del-anticiclon\/captura-120\/\" rel=\"attachment wp-att-4570\"><img loading=\"lazy\" class=\"aligncenter size-medium wp-image-4570\" title=\"Captura\" src=\"\/tormentas-y-rayos\/wp-content\/uploads\/sites\/12\/2013\/01\/Captura.jpg\" alt=\"\" width=\"600\" height=\"384\" srcset=\"https:\/\/static-blogs.diariosur.es\/wp-content\/uploads\/sites\/12\/2013\/01\/Captura.jpg 774w, https:\/\/static-blogs.diariosur.es\/wp-content\/uploads\/sites\/12\/2013\/01\/Captura-624x400.jpg 624w, https:\/\/static-blogs.diariosur.es\/wp-content\/uploads\/sites\/12\/2013\/01\/Captura-768x492.jpg 768w\" sizes=\"(max-width: 600px) 100vw, 600px\" \/><\/a><\/p>\n<p><span style=\"color: #0000ff;\"><strong>Tambi\u00e9n\u00a0al tener el anticicl\u00f3n encima, las nieblas\u00a0ser\u00e1n\u00a0las\u00a0protagonistas\u00a0por el interior de la provincia y en buena parte de Espa\u00f1a, asi que precauci\u00f3n por las carreteras.<\/strong><\/span><\/p>\n<p>&nbsp;<\/p>\n<p><strong><span><span style=\"color: #ff0000;\">Poco mas que contar amigos, estos dias tengo que ayudar a los Reyes Magos y hasta el lunes por la ma\u00f1ana no nos veremos, que aunque sea fiesta trabajo el\u00a0d\u00eda\u00a0entero.<\/span><\/span><\/strong><\/p>\n<p><strong><span style=\"color: #ff0000;\"> Hay cambios a la vista, y la circulaci\u00f3n zonal tiene los dias contados, pero de esto iremos hablando poco a poco.<\/span><\/strong><\/p>\n<p><strong><span style=\"color: #ff0000;\"> Os dejo que este fot\u00f3n de mi amiga Pilar Pastor, la tomo el dia de Navidad desde la \u00a0Paya de la Carihuela. Es un impresionante cumulonimbus. <a href=\"https:\/\/blogs.diariosur.es\/tormentas-y-rayos\/2012\/12\/26\/la-magia-de-la-navidad-tuvimos-de-todo-impresionante-amanecer-tormentas-lluvias-sol-coliflores-lenticularis-y-terral-de-invierno\/\">Os paso el enlace para que veis la misma nube desde M\u00e1laga Capital.<\/a><\/span><\/strong><\/p>\n<p><strong><span style=\"color: #ff0000;\">Felices Reyes y que\u00a0os traigan\u00a0muchas cositas.<\/span><\/strong><\/p>\n<p><a href=\"https:\/\/blogs.diariosur.es\/tormentas-y-rayos\/2013\/01\/04\/prediccion-del-tiempo-cabalgata-de-reyes-magos-y-fin-de-semana-los-reyes-nos-traen-turron-del-anticiclon\/pilar\/\" rel=\"attachment wp-att-4569\"><img loading=\"lazy\" class=\"aligncenter size-full wp-image-4569\" title=\"pilar\" src=\"\/tormentas-y-rayos\/wp-content\/uploads\/sites\/12\/2013\/01\/pilar.png\" alt=\"\" width=\"690\" height=\"518\" srcset=\"https:\/\/static-blogs.diariosur.es\/wp-content\/uploads\/sites\/12\/2013\/01\/pilar.png 690w, https:\/\/static-blogs.diariosur.es\/wp-content\/uploads\/sites\/12\/2013\/01\/pilar-533x400.png 533w\" sizes=\"(max-width: 690px) 100vw, 690px\" \/><\/a><\/p>\n<p>&nbsp;<\/p>\n","protected":false},"excerpt":{"rendered":"<p>Buenos dias amigos de la meteo. Son las seis de la ma\u00f1ana, registro 8 grados y el levante en estos\u00a0momentos\u00a0esta casi en calma. Pero no me\u00a0extra\u00f1ar\u00eda\u00a0que soplara moderado durante la ma\u00f1ana. \u00a0Se cumplieron los pron\u00f3sticos y el levante hizo acto de presencia sobre el mediod\u00eda del jueves. En el post del dia anterior os comentaba, [&hellip;]<\/p>\n","protected":false},"author":16,"featured_media":4567,"comment_status":"open","ping_status":"closed","sticky":false,"template":"","format":"standard","meta":[],"categories":[2],"tags":[114,200,412,586,800,860,980],"_links":{"self":[{"href":"https:\/\/blogs.diariosur.es\/tormentas-y-rayos\/wp-json\/wp\/v2\/posts\/4562"}],"collection":[{"href":"https:\/\/blogs.diariosur.es\/tormentas-y-rayos\/wp-json\/wp\/v2\/posts"}],"about":[{"href":"https:\/\/blogs.diariosur.es\/tormentas-y-rayos\/wp-json\/wp\/v2\/types\/post"}],"author":[{"embeddable":true,"href":"https:\/\/blogs.diariosur.es\/tormentas-y-rayos\/wp-json\/wp\/v2\/users\/16"}],"replies":[{"embeddable":true,"href":"https:\/\/blogs.diariosur.es\/tormentas-y-rayos\/wp-json\/wp\/v2\/comments?post=4562"}],"version-history":[{"count":0,"href":"https:\/\/blogs.diariosur.es\/tormentas-y-rayos\/wp-json\/wp\/v2\/posts\/4562\/revisions"}],"wp:featuredmedia":[{"embeddable":true,"href":"https:\/\/blogs.diariosur.es\/tormentas-y-rayos\/wp-json\/wp\/v2\/media\/4567"}],"wp:attachment":[{"href":"https:\/\/blogs.diariosur.es\/tormentas-y-rayos\/wp-json\/wp\/v2\/media?parent=4562"}],"wp:term":[{"taxonomy":"category","embeddable":true,"href":"https:\/\/blogs.diariosur.es\/tormentas-y-rayos\/wp-json\/wp\/v2\/categories?post=4562"},{"taxonomy":"post_tag","embeddable":true,"href":"https:\/\/blogs.diariosur.es\/tormentas-y-rayos\/wp-json\/wp\/v2\/tags?post=4562"}],"curies":[{"name":"wp","href":"https:\/\/api.w.org\/{rel}","templated":true}]}}