{"id":45623,"date":"2025-08-03T08:16:14","date_gmt":"2025-08-03T06:16:14","guid":{"rendered":"https:\/\/blogs.diariosur.es\/tormentas-y-rayos\/?p=45623"},"modified":"2025-10-04T10:32:40","modified_gmt":"2025-10-04T08:32:40","slug":"como-comentaba-ayer-se-activa-el-aviso-amarilllo-el-martes-en-la-comarca-de-antequera-seguimiento-ola-de-calor","status":"publish","type":"post","link":"https:\/\/blogs.diariosur.es\/tormentas-y-rayos\/2025\/08\/03\/como-comentaba-ayer-se-activa-el-aviso-amarilllo-el-martes-en-la-comarca-de-antequera-seguimiento-ola-de-calor\/","title":{"rendered":"Como comentaba ayer, se activa el aviso amarillo el martes en la comarca de Antequera. Seguimiento ola de calor"},"content":{"rendered":"<p><a href=\"https:\/\/static-blogs.diariosur.es\/wp-content\/uploads\/sites\/12\/2025\/07\/444912498_10228884468795449_97962860407814916_n.jpg\"><img loading=\"lazy\" class=\"aligncenter size-thumbnail wp-image-45498\" src=\"https:\/\/static-blogs.diariosur.es\/wp-content\/uploads\/sites\/12\/2025\/07\/444912498_10228884468795449_97962860407814916_n-150x150.jpg\" alt=\"\" width=\"150\" height=\"150\" \/><\/a><\/p>\n<p data-pm-slice=\"1 1 []\">Buenos d\u00edas, amigos de la meteo. Cuando son las siete y media de la ma\u00f1ana en M\u00e1laga capital, el Aeropuerto registra 21,8 \u00baC, los cielos est\u00e1n despejados y el viento en mi zona sopla flojo de direcci\u00f3n variable.<\/p>\n<p>Como comentaba el jueves y ayer domingo, hab\u00eda probabilidad de aviso amarillo por altas temperaturas en la comarca de Antequera el martes; la Aemet lo activ\u00f3 ayer por la noche.<\/p>\n<p>Ayer puse este t\u00edtulo en el blog, y puse &#8220;comparando&#8230;&#8221;, por favor, leer.<\/p>\n<p>Este post lo puse ayer.<\/p>\n<h3 class=\"voc-blogs-section\"><a href=\"https:\/\/blogs.diariosur.es\/tormentas-y-rayos\/2025\/08\/02\/se-amplia-la-ola-de-calor-hasta-el-jueves-seguiremos-en-un-oasis-en-la-provincia-malaguena-comparando-con-otras-zonas-de-la-peninsula\/\">\u00bfSeguiremos en un \u201coasis\u201d en la provincia malague\u00f1a, comparando con otras zonas de la pen\u00ednsula?<\/a><\/h3>\n<p>Este post el jueves pasado<\/p>\n<h3 class=\"voc-blogs-section\"><a href=\"https:\/\/blogs.diariosur.es\/tormentas-y-rayos\/2025\/07\/31\/como-afectara-la-segunda-ola-de-calor-del-verano-a-la-provincia-de-malaga-2\/\">\u00bfC\u00f3mo afectara la segunda ola de calor del verano a la provincia de M\u00e1laga?<\/a><\/h3>\n<p data-pm-slice=\"1 1 []\">El martes, como se esperaba, se activa el aviso amarillo en la comarca de Antequera por altas temperaturas de 39 \u00baC; sobre todo en las zonas m\u00e1s cercanas a las provincias de C\u00f3rdoba y Sevilla se registrar\u00e1n las m\u00e1s altas.<\/p>\n<p><strong>De momento, el aviso especial por ola de calor elaborado por la Aemet dura hasta el jueves siete, pero es muy probable que hoy domingo o ma\u00f1ana lunes, cuando lo actualicen, lo ampl\u00eden hasta el s\u00e1bado o el domingo de la semana que viene. Ya veremos si se activan avisos rojos.<\/strong><\/p>\n<p><strong>Tambi\u00e9n hay probabilidad de que el jueves d\u00eda siete suban las temperaturas m\u00e1ximas y m\u00ednimas en la provincia malague\u00f1a, incluida su costa. Esto que os comento estar\u00e1 m\u00e1s claro en la nueva actualizaci\u00f3n que haga el martes o el mi\u00e9rcoles.<\/strong><\/p>\n<p><strong>\u00a0<\/strong><\/p>\n<p>Os pongo los avisos para ma\u00f1ana lunes y el martes. Fuente: Aemet.<\/p>\n<p><strong>Lunes<\/strong><\/p>\n<p>&nbsp;<\/p>\n<p><a href=\"https:\/\/static-blogs.diariosur.es\/wp-content\/uploads\/sites\/12\/2025\/08\/lunes-1.jpg\"><img loading=\"lazy\" class=\"aligncenter size-full wp-image-45625\" src=\"https:\/\/static-blogs.diariosur.es\/wp-content\/uploads\/sites\/12\/2025\/08\/lunes-1.jpg\" alt=\"\" width=\"1039\" height=\"810\" srcset=\"https:\/\/static-blogs.diariosur.es\/wp-content\/uploads\/sites\/12\/2025\/08\/lunes-1.jpg 1039w, https:\/\/static-blogs.diariosur.es\/wp-content\/uploads\/sites\/12\/2025\/08\/lunes-1-513x400.jpg 513w, https:\/\/static-blogs.diariosur.es\/wp-content\/uploads\/sites\/12\/2025\/08\/lunes-1-523x408.jpg 523w, https:\/\/static-blogs.diariosur.es\/wp-content\/uploads\/sites\/12\/2025\/08\/lunes-1-768x599.jpg 768w\" sizes=\"(max-width: 1039px) 100vw, 1039px\" \/><\/a><\/p>\n<p>&nbsp;<\/p>\n<p><strong>Martes<\/strong><\/p>\n<p>&nbsp;<\/p>\n<p><a href=\"https:\/\/static-blogs.diariosur.es\/wp-content\/uploads\/sites\/12\/2025\/08\/martes-1.jpg\"><img loading=\"lazy\" class=\"aligncenter size-full wp-image-45626\" src=\"https:\/\/static-blogs.diariosur.es\/wp-content\/uploads\/sites\/12\/2025\/08\/martes-1.jpg\" alt=\"\" width=\"1029\" height=\"823\" srcset=\"https:\/\/static-blogs.diariosur.es\/wp-content\/uploads\/sites\/12\/2025\/08\/martes-1.jpg 1029w, https:\/\/static-blogs.diariosur.es\/wp-content\/uploads\/sites\/12\/2025\/08\/martes-1-500x400.jpg 500w, https:\/\/static-blogs.diariosur.es\/wp-content\/uploads\/sites\/12\/2025\/08\/martes-1-510x408.jpg 510w, https:\/\/static-blogs.diariosur.es\/wp-content\/uploads\/sites\/12\/2025\/08\/martes-1-768x614.jpg 768w\" sizes=\"(max-width: 1029px) 100vw, 1029px\" \/><\/a><\/p>\n<p>&nbsp;<\/p>\n<p>Nos vemos ma\u00f1ana<\/p>\n","protected":false},"excerpt":{"rendered":"<p>Buenos d\u00edas, amigos de la meteo. Cuando son las siete y media de la ma\u00f1ana en M\u00e1laga capital, el Aeropuerto registra 21,8 \u00baC, los cielos est\u00e1n despejados y el viento en mi zona sopla flojo de direcci\u00f3n variable. Como comentaba el jueves y ayer domingo, hab\u00eda probabilidad de aviso amarillo por altas temperaturas en la [&hellip;]<\/p>\n","protected":false},"author":16,"featured_media":45627,"comment_status":"open","ping_status":"open","sticky":false,"template":"","format":"standard","meta":[],"categories":[2],"tags":[100,212,375,732],"_links":{"self":[{"href":"https:\/\/blogs.diariosur.es\/tormentas-y-rayos\/wp-json\/wp\/v2\/posts\/45623"}],"collection":[{"href":"https:\/\/blogs.diariosur.es\/tormentas-y-rayos\/wp-json\/wp\/v2\/posts"}],"about":[{"href":"https:\/\/blogs.diariosur.es\/tormentas-y-rayos\/wp-json\/wp\/v2\/types\/post"}],"author":[{"embeddable":true,"href":"https:\/\/blogs.diariosur.es\/tormentas-y-rayos\/wp-json\/wp\/v2\/users\/16"}],"replies":[{"embeddable":true,"href":"https:\/\/blogs.diariosur.es\/tormentas-y-rayos\/wp-json\/wp\/v2\/comments?post=45623"}],"version-history":[{"count":5,"href":"https:\/\/blogs.diariosur.es\/tormentas-y-rayos\/wp-json\/wp\/v2\/posts\/45623\/revisions"}],"predecessor-version":[{"id":46509,"href":"https:\/\/blogs.diariosur.es\/tormentas-y-rayos\/wp-json\/wp\/v2\/posts\/45623\/revisions\/46509"}],"wp:featuredmedia":[{"embeddable":true,"href":"https:\/\/blogs.diariosur.es\/tormentas-y-rayos\/wp-json\/wp\/v2\/media\/45627"}],"wp:attachment":[{"href":"https:\/\/blogs.diariosur.es\/tormentas-y-rayos\/wp-json\/wp\/v2\/media?parent=45623"}],"wp:term":[{"taxonomy":"category","embeddable":true,"href":"https:\/\/blogs.diariosur.es\/tormentas-y-rayos\/wp-json\/wp\/v2\/categories?post=45623"},{"taxonomy":"post_tag","embeddable":true,"href":"https:\/\/blogs.diariosur.es\/tormentas-y-rayos\/wp-json\/wp\/v2\/tags?post=45623"}],"curies":[{"name":"wp","href":"https:\/\/api.w.org\/{rel}","templated":true}]}}