{"id":45630,"date":"2025-08-04T09:01:24","date_gmt":"2025-08-04T07:01:24","guid":{"rendered":"https:\/\/blogs.diariosur.es\/tormentas-y-rayos\/?p=45630"},"modified":"2025-10-04T10:30:07","modified_gmt":"2025-10-04T08:30:07","slug":"seguimiento-especial-ola-de-calor-en-andalucia-y-provincia-de-malaga-hasta-el-domingo-10-de-agosto","status":"publish","type":"post","link":"https:\/\/blogs.diariosur.es\/tormentas-y-rayos\/2025\/08\/04\/seguimiento-especial-ola-de-calor-en-andalucia-y-provincia-de-malaga-hasta-el-domingo-10-de-agosto\/","title":{"rendered":"Seguimiento especial ola de calor en Andaluc\u00eda y provincia de M\u00e1laga hasta el domingo 10 de agosto"},"content":{"rendered":"<p><a href=\"https:\/\/static-blogs.diariosur.es\/wp-content\/uploads\/sites\/12\/2025\/07\/72999690_10217709542349272_7908844429161529344_n.jpg\"><img loading=\"lazy\" class=\"aligncenter size-thumbnail wp-image-45292\" src=\"https:\/\/static-blogs.diariosur.es\/wp-content\/uploads\/sites\/12\/2025\/07\/72999690_10217709542349272_7908844429161529344_n-150x150.jpg\" alt=\"\" width=\"150\" height=\"150\" \/><\/a><\/p>\n<p data-pm-slice=\"1 1 []\">Buenos d\u00edas, amigos de la meteo. Cuando son las ocho y cuarto de la ma\u00f1ana en M\u00e1laga capital, mi estaci\u00f3n registra 25,4 \u00baC, los cielos est\u00e1n despejados y el viento sopla flojo de direcci\u00f3n variable en mi zona.<\/p>\n<p>Ayer domingo, M\u00e1laga capital registr\u00f3 la temperatura m\u00e1xima<strong> m\u00e1s baja<\/strong> de las ocho capitales andaluzas; os pongo a continuaci\u00f3n las temperaturas que se dieron ayer.<\/p>\n<p>M\u00e1laga Aeropuerto\u00a032,7 \u00baC<\/p>\n<p>M\u00e1laga Centro Meteorol\u00f3gico 32,9 \u00baC<\/p>\n<p>M\u00e1laga Puerto 31,2 \u00baC<\/p>\n<p>C\u00f3rdoba Aeropuerto 41,4 \u00baC<\/p>\n<p>Sevilla Aeropuerto 40,4 \u00baC<\/p>\n<p>Granada Aeropuerto\u00a040,6 \u00baC<\/p>\n<p>Almer\u00eda Aeropuerto 37,4 \u00baC<\/p>\n<p>Ja\u00e9n 40,3 \u00baC<\/p>\n<p>C\u00e1diz 33,1 \u00baC<\/p>\n<p>Huelva capital 34,2 \u00b0C<\/p>\n<p>Como os comentaba ayer domingo a primera hora de la ma\u00f1ana, la ola de calor durar\u00e1 al menos hasta el d\u00eda 10 de agosto en muchas zonas de la pen\u00ednsula.<\/p>\n<p>Os pongo los avisos de ma\u00f1ana martes y el mi\u00e9rcoles. Como ya sab\u00e9is, ma\u00f1ana entra la comarca de Antequera en aviso amarillo. Las temperaturas m\u00e1s altas en la zona norte de la comarca.<\/p>\n<p><strong>Martes<\/strong><\/p>\n<p>&nbsp;<\/p>\n<p><a href=\"https:\/\/static-blogs.diariosur.es\/wp-content\/uploads\/sites\/12\/2025\/08\/martes-2.jpg\"><img loading=\"lazy\" class=\"aligncenter size-full wp-image-45631\" src=\"https:\/\/static-blogs.diariosur.es\/wp-content\/uploads\/sites\/12\/2025\/08\/martes-2.jpg\" alt=\"\" width=\"1030\" height=\"813\" srcset=\"https:\/\/static-blogs.diariosur.es\/wp-content\/uploads\/sites\/12\/2025\/08\/martes-2.jpg 1030w, https:\/\/static-blogs.diariosur.es\/wp-content\/uploads\/sites\/12\/2025\/08\/martes-2-507x400.jpg 507w, https:\/\/static-blogs.diariosur.es\/wp-content\/uploads\/sites\/12\/2025\/08\/martes-2-517x408.jpg 517w, https:\/\/static-blogs.diariosur.es\/wp-content\/uploads\/sites\/12\/2025\/08\/martes-2-768x606.jpg 768w\" sizes=\"(max-width: 1030px) 100vw, 1030px\" \/><\/a><\/p>\n<p><strong>Mi\u00e9rcoles<\/strong><\/p>\n<p>De momento no hay avisos para el mi\u00e9rcoles en la provincia de M\u00e1laga.<\/p>\n<p>&nbsp;<\/p>\n<p><a href=\"https:\/\/static-blogs.diariosur.es\/wp-content\/uploads\/sites\/12\/2025\/08\/miercoles.jpg\"><img loading=\"lazy\" class=\"aligncenter size-full wp-image-45632\" src=\"https:\/\/static-blogs.diariosur.es\/wp-content\/uploads\/sites\/12\/2025\/08\/miercoles.jpg\" alt=\"\" width=\"1042\" height=\"813\" srcset=\"https:\/\/static-blogs.diariosur.es\/wp-content\/uploads\/sites\/12\/2025\/08\/miercoles.jpg 1042w, https:\/\/static-blogs.diariosur.es\/wp-content\/uploads\/sites\/12\/2025\/08\/miercoles-513x400.jpg 513w, https:\/\/static-blogs.diariosur.es\/wp-content\/uploads\/sites\/12\/2025\/08\/miercoles-523x408.jpg 523w, https:\/\/static-blogs.diariosur.es\/wp-content\/uploads\/sites\/12\/2025\/08\/miercoles-768x599.jpg 768w\" sizes=\"(max-width: 1042px) 100vw, 1042px\" \/><\/a><\/p>\n<p>&nbsp;<\/p>\n<p>Ma\u00f1ana veremos si para el jueves se activan avisos en la provincia de M\u00e1laga. El modelo europeo ha bajado unos grados.<\/p>\n<p>Os dejo con esta foto que hice la semana pasada en Matalasca\u00f1as.<\/p>\n<p>&nbsp;<\/p>\n<p><a href=\"https:\/\/static-blogs.diariosur.es\/wp-content\/uploads\/sites\/12\/2025\/08\/DSC3624-e1754290613861.jpg\"><img loading=\"lazy\" class=\"aligncenter size-full wp-image-45633\" src=\"https:\/\/static-blogs.diariosur.es\/wp-content\/uploads\/sites\/12\/2025\/08\/DSC3624-e1754290613861.jpg\" alt=\"\" width=\"1200\" height=\"836\" \/><\/a><\/p>\n<p>&nbsp;<\/p>\n<p>&nbsp;<\/p>\n<p>&nbsp;<\/p>\n<p>&nbsp;<\/p>\n","protected":false},"excerpt":{"rendered":"<p>Buenos d\u00edas, amigos de la meteo. Cuando son las ocho y cuarto de la ma\u00f1ana en M\u00e1laga capital, mi estaci\u00f3n registra 25,4 \u00baC, los cielos est\u00e1n despejados y el viento sopla flojo de direcci\u00f3n variable en mi zona. Ayer domingo, M\u00e1laga capital registr\u00f3 la temperatura m\u00e1xima m\u00e1s baja de las ocho capitales andaluzas; os pongo [&hellip;]<\/p>\n","protected":false},"author":16,"featured_media":45633,"comment_status":"open","ping_status":"open","sticky":false,"template":"","format":"standard","meta":[],"categories":[2],"tags":[100,212,375,732],"_links":{"self":[{"href":"https:\/\/blogs.diariosur.es\/tormentas-y-rayos\/wp-json\/wp\/v2\/posts\/45630"}],"collection":[{"href":"https:\/\/blogs.diariosur.es\/tormentas-y-rayos\/wp-json\/wp\/v2\/posts"}],"about":[{"href":"https:\/\/blogs.diariosur.es\/tormentas-y-rayos\/wp-json\/wp\/v2\/types\/post"}],"author":[{"embeddable":true,"href":"https:\/\/blogs.diariosur.es\/tormentas-y-rayos\/wp-json\/wp\/v2\/users\/16"}],"replies":[{"embeddable":true,"href":"https:\/\/blogs.diariosur.es\/tormentas-y-rayos\/wp-json\/wp\/v2\/comments?post=45630"}],"version-history":[{"count":2,"href":"https:\/\/blogs.diariosur.es\/tormentas-y-rayos\/wp-json\/wp\/v2\/posts\/45630\/revisions"}],"predecessor-version":[{"id":46507,"href":"https:\/\/blogs.diariosur.es\/tormentas-y-rayos\/wp-json\/wp\/v2\/posts\/45630\/revisions\/46507"}],"wp:featuredmedia":[{"embeddable":true,"href":"https:\/\/blogs.diariosur.es\/tormentas-y-rayos\/wp-json\/wp\/v2\/media\/45633"}],"wp:attachment":[{"href":"https:\/\/blogs.diariosur.es\/tormentas-y-rayos\/wp-json\/wp\/v2\/media?parent=45630"}],"wp:term":[{"taxonomy":"category","embeddable":true,"href":"https:\/\/blogs.diariosur.es\/tormentas-y-rayos\/wp-json\/wp\/v2\/categories?post=45630"},{"taxonomy":"post_tag","embeddable":true,"href":"https:\/\/blogs.diariosur.es\/tormentas-y-rayos\/wp-json\/wp\/v2\/tags?post=45630"}],"curies":[{"name":"wp","href":"https:\/\/api.w.org\/{rel}","templated":true}]}}