{"id":45635,"date":"2025-08-04T16:47:23","date_gmt":"2025-08-04T14:47:23","guid":{"rendered":"https:\/\/blogs.diariosur.es\/tormentas-y-rayos\/?p=45635"},"modified":"2025-10-04T10:28:33","modified_gmt":"2025-10-04T08:28:33","slug":"muchos-me-estais-preguntado-el-por-que-los-cielos-estan-blanquecinos-en-malaga-os-explico-muy-poco-que-leer","status":"publish","type":"post","link":"https:\/\/blogs.diariosur.es\/tormentas-y-rayos\/2025\/08\/04\/muchos-me-estais-preguntado-el-por-que-los-cielos-estan-blanquecinos-en-malaga-os-explico-muy-poco-que-leer\/","title":{"rendered":"Muchos me est\u00e1is preguntando por qu\u00e9 los cielos est\u00e1n blanquecinos en M\u00e1laga. Os explico"},"content":{"rendered":"<blockquote><p><a href=\"https:\/\/static-blogs.diariosur.es\/wp-content\/uploads\/sites\/12\/2025\/07\/444912498_10228884468795449_97962860407814916_n-1.jpg\"><img loading=\"lazy\" class=\"aligncenter size-thumbnail wp-image-45529\" src=\"https:\/\/static-blogs.diariosur.es\/wp-content\/uploads\/sites\/12\/2025\/07\/444912498_10228884468795449_97962860407814916_n-1-150x150.jpg\" alt=\"\" width=\"150\" height=\"150\" \/><\/a><\/p><\/blockquote>\n<p data-pm-slice=\"1 1 []\">Buenas tardes, amigos de la meteo. Vuestra pregunta es f\u00e1cil de entender. En estos momentos y desde ayer, debido a la masa de aire seca africana, tenemos polvo en suspensi\u00f3n; esto hace que veamos los cielos de este color.<\/p>\n<p>Dicho esto, me voy para la cama, para la siesta.<\/p>\n<p>Mapa de concentraci\u00f3n de calima.<\/p>\n<p>&nbsp;<\/p>\n<p><a href=\"https:\/\/static-blogs.diariosur.es\/wp-content\/uploads\/sites\/12\/2025\/08\/Screenshot_20250804_155052_Chrome-e1754316072938.jpg\"><img loading=\"lazy\" class=\"aligncenter size-full wp-image-45636\" src=\"https:\/\/static-blogs.diariosur.es\/wp-content\/uploads\/sites\/12\/2025\/08\/Screenshot_20250804_155052_Chrome-e1754316072938.jpg\" alt=\"\" width=\"1100\" height=\"982\" \/><\/a><\/p>\n<p><a href=\"https:\/\/static-blogs.diariosur.es\/wp-content\/uploads\/sites\/12\/2025\/08\/FB_IMG_1754318676507.jpg\"><img loading=\"lazy\" class=\"aligncenter size-full wp-image-45637\" src=\"https:\/\/static-blogs.diariosur.es\/wp-content\/uploads\/sites\/12\/2025\/08\/FB_IMG_1754318676507.jpg\" alt=\"\" width=\"2048\" height=\"1536\" srcset=\"https:\/\/static-blogs.diariosur.es\/wp-content\/uploads\/sites\/12\/2025\/08\/FB_IMG_1754318676507.jpg 2048w, https:\/\/static-blogs.diariosur.es\/wp-content\/uploads\/sites\/12\/2025\/08\/FB_IMG_1754318676507-533x400.jpg 533w, https:\/\/static-blogs.diariosur.es\/wp-content\/uploads\/sites\/12\/2025\/08\/FB_IMG_1754318676507-544x408.jpg 544w, https:\/\/static-blogs.diariosur.es\/wp-content\/uploads\/sites\/12\/2025\/08\/FB_IMG_1754318676507-768x576.jpg 768w, https:\/\/static-blogs.diariosur.es\/wp-content\/uploads\/sites\/12\/2025\/08\/FB_IMG_1754318676507-1536x1152.jpg 1536w\" sizes=\"(max-width: 2048px) 100vw, 2048px\" \/><\/a><\/p>\n<p>Nos vemos ma\u00f1ana.<\/p>\n<p>&nbsp;<\/p>\n","protected":false},"excerpt":{"rendered":"<p>Buenas tardes, amigos de la meteo. Vuestra pregunta es f\u00e1cil de entender. En estos momentos y desde ayer, debido a la masa de aire seca africana, tenemos polvo en suspensi\u00f3n; esto hace que veamos los cielos de este color. Dicho esto, me voy para la cama, para la siesta. Mapa de concentraci\u00f3n de calima. &nbsp; [&hellip;]<\/p>\n","protected":false},"author":16,"featured_media":45637,"comment_status":"open","ping_status":"open","sticky":false,"template":"","format":"standard","meta":[],"categories":[2],"tags":[212,375,732],"_links":{"self":[{"href":"https:\/\/blogs.diariosur.es\/tormentas-y-rayos\/wp-json\/wp\/v2\/posts\/45635"}],"collection":[{"href":"https:\/\/blogs.diariosur.es\/tormentas-y-rayos\/wp-json\/wp\/v2\/posts"}],"about":[{"href":"https:\/\/blogs.diariosur.es\/tormentas-y-rayos\/wp-json\/wp\/v2\/types\/post"}],"author":[{"embeddable":true,"href":"https:\/\/blogs.diariosur.es\/tormentas-y-rayos\/wp-json\/wp\/v2\/users\/16"}],"replies":[{"embeddable":true,"href":"https:\/\/blogs.diariosur.es\/tormentas-y-rayos\/wp-json\/wp\/v2\/comments?post=45635"}],"version-history":[{"count":6,"href":"https:\/\/blogs.diariosur.es\/tormentas-y-rayos\/wp-json\/wp\/v2\/posts\/45635\/revisions"}],"predecessor-version":[{"id":46506,"href":"https:\/\/blogs.diariosur.es\/tormentas-y-rayos\/wp-json\/wp\/v2\/posts\/45635\/revisions\/46506"}],"wp:featuredmedia":[{"embeddable":true,"href":"https:\/\/blogs.diariosur.es\/tormentas-y-rayos\/wp-json\/wp\/v2\/media\/45637"}],"wp:attachment":[{"href":"https:\/\/blogs.diariosur.es\/tormentas-y-rayos\/wp-json\/wp\/v2\/media?parent=45635"}],"wp:term":[{"taxonomy":"category","embeddable":true,"href":"https:\/\/blogs.diariosur.es\/tormentas-y-rayos\/wp-json\/wp\/v2\/categories?post=45635"},{"taxonomy":"post_tag","embeddable":true,"href":"https:\/\/blogs.diariosur.es\/tormentas-y-rayos\/wp-json\/wp\/v2\/tags?post=45635"}],"curies":[{"name":"wp","href":"https:\/\/api.w.org\/{rel}","templated":true}]}}