{"id":45643,"date":"2025-08-07T08:52:41","date_gmt":"2025-08-07T06:52:41","guid":{"rendered":"https:\/\/blogs.diariosur.es\/tormentas-y-rayos\/?p=45643"},"modified":"2025-10-04T10:17:20","modified_gmt":"2025-10-04T08:17:20","slug":"el-tiempo-en-andalucia-y-provincia-de-malaga-avisos-por-tormentas-y-altas-temperaturas-ola-de-calor-hasta-el-dia-12","status":"publish","type":"post","link":"https:\/\/blogs.diariosur.es\/tormentas-y-rayos\/2025\/08\/07\/el-tiempo-en-andalucia-y-provincia-de-malaga-avisos-por-tormentas-y-altas-temperaturas-ola-de-calor-hasta-el-dia-12\/","title":{"rendered":"El tiempo en Andaluc\u00eda y provincia de M\u00e1laga. Avisos por tormentas y altas temperaturas. Ola de calor hasta el dia 12"},"content":{"rendered":"<p><a href=\"https:\/\/static-blogs.diariosur.es\/wp-content\/uploads\/sites\/12\/2025\/07\/444912498_10228884468795449_97962860407814916_n.jpg\"><img loading=\"lazy\" class=\"aligncenter size-thumbnail wp-image-45498\" src=\"https:\/\/static-blogs.diariosur.es\/wp-content\/uploads\/sites\/12\/2025\/07\/444912498_10228884468795449_97962860407814916_n-150x150.jpg\" alt=\"\" width=\"150\" height=\"150\" \/><\/a><\/p>\n<p>&nbsp;<\/p>\n<p data-pm-slice=\"1 1 []\">Buenos d\u00edas, amigos de la meteo. La temperatura m\u00ednima en el Aeropuerto de M\u00e1laga ha sido de <strong>23,2 \u00baC,<\/strong> los cielos est\u00e1n algo nubosos con altoc\u00famulos castellanus y el viento sopla flojo de direcci\u00f3n variable en mi estaci\u00f3n meteorol\u00f3gica. La temperatura del agua del mar rondar\u00e1 en la costa malague\u00f1a entre los 25,5 y 26,8 \u00baC.<\/p>\n<p>Estos altoc\u00famulos que he mencionado antes se deben a que tenemos un poco de aire fr\u00edo inestable en altura; esto traer\u00e1 consigo tormentas durante la tarde en las provincias de Granada y Ja\u00e9n; las tormentas ir\u00e1n acompa\u00f1adas de rachas fuertes de viento y probables chaparrones localizados.<\/p>\n<p>Os paso el mapa de <strong>aviso por tormentas<\/strong> elaborado por la AEMET; el aviso comienza a las 15:00 horas y termina sobre las 21:00 horas.<\/p>\n<p>&nbsp;<\/p>\n<p>&nbsp;<\/p>\n<p><a href=\"https:\/\/static-blogs.diariosur.es\/wp-content\/uploads\/sites\/12\/2025\/08\/Captura-de-pantalla-2025-08-07-080103.jpg\"><img loading=\"lazy\" class=\"aligncenter size-full wp-image-45644\" src=\"https:\/\/static-blogs.diariosur.es\/wp-content\/uploads\/sites\/12\/2025\/08\/Captura-de-pantalla-2025-08-07-080103.jpg\" alt=\"\" width=\"1033\" height=\"822\" srcset=\"https:\/\/static-blogs.diariosur.es\/wp-content\/uploads\/sites\/12\/2025\/08\/Captura-de-pantalla-2025-08-07-080103.jpg 1033w, https:\/\/static-blogs.diariosur.es\/wp-content\/uploads\/sites\/12\/2025\/08\/Captura-de-pantalla-2025-08-07-080103-503x400.jpg 503w, https:\/\/static-blogs.diariosur.es\/wp-content\/uploads\/sites\/12\/2025\/08\/Captura-de-pantalla-2025-08-07-080103-513x408.jpg 513w, https:\/\/static-blogs.diariosur.es\/wp-content\/uploads\/sites\/12\/2025\/08\/Captura-de-pantalla-2025-08-07-080103-768x611.jpg 768w\" sizes=\"(max-width: 1033px) 100vw, 1033px\" \/><\/a><\/p>\n<p>&nbsp;<\/p>\n<p>&nbsp;<\/p>\n<p data-pm-slice=\"1 1 []\">La comarca de Antequera entra en aviso amarillo por temperaturas de 38 \u00baC hoy jueves 7 de agosto. Pero, como coment\u00e9 el d\u00eda pasado, la probabilidad de las m\u00e1ximas m\u00e1s altas se dar\u00e1 en las zonas cercanas a las provincias de Sevilla y C\u00f3rdoba.<\/p>\n<p>Os pongo las temperaturas m\u00e1ximas que prev\u00e9 la Aemet en la provincia de M\u00e1laga entre las 16:00 y las 18:00.<\/p>\n<p>&nbsp;<\/p>\n<p><a href=\"https:\/\/static-blogs.diariosur.es\/wp-content\/uploads\/sites\/12\/2025\/08\/z.jpg\"><img loading=\"lazy\" class=\"aligncenter size-full wp-image-45648\" src=\"https:\/\/static-blogs.diariosur.es\/wp-content\/uploads\/sites\/12\/2025\/08\/z.jpg\" alt=\"\" width=\"1042\" height=\"820\" srcset=\"https:\/\/static-blogs.diariosur.es\/wp-content\/uploads\/sites\/12\/2025\/08\/z.jpg 1042w, https:\/\/static-blogs.diariosur.es\/wp-content\/uploads\/sites\/12\/2025\/08\/z-508x400.jpg 508w, https:\/\/static-blogs.diariosur.es\/wp-content\/uploads\/sites\/12\/2025\/08\/z-518x408.jpg 518w, https:\/\/static-blogs.diariosur.es\/wp-content\/uploads\/sites\/12\/2025\/08\/z-768x604.jpg 768w\" sizes=\"(max-width: 1042px) 100vw, 1042px\" \/><\/a><\/p>\n<p>&nbsp;<\/p>\n<p><a href=\"https:\/\/static-blogs.diariosur.es\/wp-content\/uploads\/sites\/12\/2025\/08\/Captura-de-pantalla-2025-08-07-082304.jpg\"><img loading=\"lazy\" class=\"aligncenter size-full wp-image-45645\" src=\"https:\/\/static-blogs.diariosur.es\/wp-content\/uploads\/sites\/12\/2025\/08\/Captura-de-pantalla-2025-08-07-082304.jpg\" alt=\"\" width=\"1033\" height=\"816\" srcset=\"https:\/\/static-blogs.diariosur.es\/wp-content\/uploads\/sites\/12\/2025\/08\/Captura-de-pantalla-2025-08-07-082304.jpg 1033w, https:\/\/static-blogs.diariosur.es\/wp-content\/uploads\/sites\/12\/2025\/08\/Captura-de-pantalla-2025-08-07-082304-506x400.jpg 506w, https:\/\/static-blogs.diariosur.es\/wp-content\/uploads\/sites\/12\/2025\/08\/Captura-de-pantalla-2025-08-07-082304-517x408.jpg 517w, https:\/\/static-blogs.diariosur.es\/wp-content\/uploads\/sites\/12\/2025\/08\/Captura-de-pantalla-2025-08-07-082304-768x607.jpg 768w\" sizes=\"(max-width: 1033px) 100vw, 1033px\" \/><\/a><\/p>\n<p>&nbsp;<\/p>\n<p>&nbsp;<\/p>\n<p data-pm-slice=\"1 1 []\">En cuanto a las temperaturas m\u00e1s altas, en Andaluc\u00eda se registrar\u00e1n en las provincias de C\u00f3rdoba, Ja\u00e9n y Granada; tienen activados los avisos naranjas por temperaturas de 40 \u00baC, los avisos amarillos en las dem\u00e1s zonas por 38 \u00baC y 39 \u00baC.<\/p>\n<p>Os pongo el mapa de avisos de la Aemet para hoy jueves en Andaluc\u00eda.<\/p>\n<p>&nbsp;<\/p>\n<p>&nbsp;<\/p>\n<p><a href=\"https:\/\/static-blogs.diariosur.es\/wp-content\/uploads\/sites\/12\/2025\/08\/Captura-de-pantalla-2025-08-07-082620.jpg\"><img loading=\"lazy\" class=\"aligncenter size-full wp-image-45646\" src=\"https:\/\/static-blogs.diariosur.es\/wp-content\/uploads\/sites\/12\/2025\/08\/Captura-de-pantalla-2025-08-07-082620.jpg\" alt=\"\" width=\"1039\" height=\"814\" srcset=\"https:\/\/static-blogs.diariosur.es\/wp-content\/uploads\/sites\/12\/2025\/08\/Captura-de-pantalla-2025-08-07-082620.jpg 1039w, https:\/\/static-blogs.diariosur.es\/wp-content\/uploads\/sites\/12\/2025\/08\/Captura-de-pantalla-2025-08-07-082620-511x400.jpg 511w, https:\/\/static-blogs.diariosur.es\/wp-content\/uploads\/sites\/12\/2025\/08\/Captura-de-pantalla-2025-08-07-082620-521x408.jpg 521w, https:\/\/static-blogs.diariosur.es\/wp-content\/uploads\/sites\/12\/2025\/08\/Captura-de-pantalla-2025-08-07-082620-768x602.jpg 768w\" sizes=\"(max-width: 1039px) 100vw, 1039px\" \/><\/a><\/p>\n<p>&nbsp;<\/p>\n<p data-pm-slice=\"1 1 []\">Ma\u00f1ana viernes el calor seguir\u00e1 de protagonista en muchos puntos de la pen\u00ednsula. La AEMET, en su comunicado oficial de ola de calor, comenta que hasta el d\u00eda 12 de agosto es muy probable que siga la ola de calor.<\/p>\n<p>Os paso el mapa de avisos para ma\u00f1ana viernes 8 de agosto.<\/p>\n<p>&nbsp;<\/p>\n<p>&nbsp;<\/p>\n<p><a href=\"https:\/\/static-blogs.diariosur.es\/wp-content\/uploads\/sites\/12\/2025\/08\/VIERNES.jpg\"><img loading=\"lazy\" class=\"aligncenter size-full wp-image-45647\" src=\"https:\/\/static-blogs.diariosur.es\/wp-content\/uploads\/sites\/12\/2025\/08\/VIERNES.jpg\" alt=\"\" width=\"1033\" height=\"808\" srcset=\"https:\/\/static-blogs.diariosur.es\/wp-content\/uploads\/sites\/12\/2025\/08\/VIERNES.jpg 1033w, https:\/\/static-blogs.diariosur.es\/wp-content\/uploads\/sites\/12\/2025\/08\/VIERNES-511x400.jpg 511w, https:\/\/static-blogs.diariosur.es\/wp-content\/uploads\/sites\/12\/2025\/08\/VIERNES-522x408.jpg 522w, https:\/\/static-blogs.diariosur.es\/wp-content\/uploads\/sites\/12\/2025\/08\/VIERNES-768x601.jpg 768w\" sizes=\"(max-width: 1033px) 100vw, 1033px\" \/><\/a><\/p>\n<p>&nbsp;<\/p>\n<p>Os dejo con esta foto de cuando estuve en Matalasca\u00f1as el mes pasado.<\/p>\n<p>&nbsp;<\/p>\n<p><a href=\"https:\/\/static-blogs.diariosur.es\/wp-content\/uploads\/sites\/12\/2025\/08\/DSC3649-1-e1754549533303.jpg\"><img loading=\"lazy\" class=\"aligncenter size-full wp-image-45650\" src=\"https:\/\/static-blogs.diariosur.es\/wp-content\/uploads\/sites\/12\/2025\/08\/DSC3649-1-e1754549533303.jpg\" alt=\"\" width=\"1200\" height=\"819\" \/><\/a><\/p>\n<p>&nbsp;<\/p>\n","protected":false},"excerpt":{"rendered":"<p>&nbsp; Buenos d\u00edas, amigos de la meteo. La temperatura m\u00ednima en el Aeropuerto de M\u00e1laga ha sido de 23,2 \u00baC, los cielos est\u00e1n algo nubosos con altoc\u00famulos castellanus y el viento sopla flojo de direcci\u00f3n variable en mi estaci\u00f3n meteorol\u00f3gica. La temperatura del agua del mar rondar\u00e1 en la costa malague\u00f1a entre los 25,5 y [&hellip;]<\/p>\n","protected":false},"author":16,"featured_media":45650,"comment_status":"open","ping_status":"open","sticky":false,"template":"","format":"standard","meta":[],"categories":[2],"tags":[81,94,100,151,212,375,732,962,996],"_links":{"self":[{"href":"https:\/\/blogs.diariosur.es\/tormentas-y-rayos\/wp-json\/wp\/v2\/posts\/45643"}],"collection":[{"href":"https:\/\/blogs.diariosur.es\/tormentas-y-rayos\/wp-json\/wp\/v2\/posts"}],"about":[{"href":"https:\/\/blogs.diariosur.es\/tormentas-y-rayos\/wp-json\/wp\/v2\/types\/post"}],"author":[{"embeddable":true,"href":"https:\/\/blogs.diariosur.es\/tormentas-y-rayos\/wp-json\/wp\/v2\/users\/16"}],"replies":[{"embeddable":true,"href":"https:\/\/blogs.diariosur.es\/tormentas-y-rayos\/wp-json\/wp\/v2\/comments?post=45643"}],"version-history":[{"count":4,"href":"https:\/\/blogs.diariosur.es\/tormentas-y-rayos\/wp-json\/wp\/v2\/posts\/45643\/revisions"}],"predecessor-version":[{"id":46504,"href":"https:\/\/blogs.diariosur.es\/tormentas-y-rayos\/wp-json\/wp\/v2\/posts\/45643\/revisions\/46504"}],"wp:featuredmedia":[{"embeddable":true,"href":"https:\/\/blogs.diariosur.es\/tormentas-y-rayos\/wp-json\/wp\/v2\/media\/45650"}],"wp:attachment":[{"href":"https:\/\/blogs.diariosur.es\/tormentas-y-rayos\/wp-json\/wp\/v2\/media?parent=45643"}],"wp:term":[{"taxonomy":"category","embeddable":true,"href":"https:\/\/blogs.diariosur.es\/tormentas-y-rayos\/wp-json\/wp\/v2\/categories?post=45643"},{"taxonomy":"post_tag","embeddable":true,"href":"https:\/\/blogs.diariosur.es\/tormentas-y-rayos\/wp-json\/wp\/v2\/tags?post=45643"}],"curies":[{"name":"wp","href":"https:\/\/api.w.org\/{rel}","templated":true}]}}