{"id":45669,"date":"2025-08-19T07:49:32","date_gmt":"2025-08-19T05:49:32","guid":{"rendered":"https:\/\/blogs.diariosur.es\/tormentas-y-rayos\/?p=45669"},"modified":"2025-10-04T09:47:42","modified_gmt":"2025-10-04T07:47:42","slug":"oasis-en-malaga-capital-temperaturas-maximas-y-minimas-en-los-16-dias-de-la-ola-de-calor","status":"publish","type":"post","link":"https:\/\/blogs.diariosur.es\/tormentas-y-rayos\/2025\/08\/19\/oasis-en-malaga-capital-temperaturas-maximas-y-minimas-en-los-16-dias-de-la-ola-de-calor\/","title":{"rendered":"\u00bfOasis en M\u00e1laga capital? Temperaturas m\u00e1ximas y m\u00ednimas en los 16 dias de la ola de calor"},"content":{"rendered":"<p><a href=\"https:\/\/static-blogs.diariosur.es\/wp-content\/uploads\/sites\/12\/2025\/07\/444912498_10228884468795449_97962860407814916_n-1.jpg\"><img loading=\"lazy\" class=\"aligncenter size-thumbnail wp-image-45529\" src=\"https:\/\/static-blogs.diariosur.es\/wp-content\/uploads\/sites\/12\/2025\/07\/444912498_10228884468795449_97962860407814916_n-1-150x150.jpg\" alt=\"\" width=\"150\" height=\"150\" \/><\/a><\/p>\n<p data-pm-slice=\"1 1 []\">Buenos d\u00edas, amigos de la meteo. El 3 de agosto comenz\u00f3 la segunda ola de calor del verano 2025 en Espa\u00f1a y termin\u00f3 ayer 18 de agosto, en total 16 d\u00edas. He ido recogiendo datos de temperaturas m\u00e1ximas y m\u00ednimas de las estaciones de la Aemet del aeropuerto y puerto. Lo de poner oasis es comparando con zonas de Andaluc\u00eda y otras regiones de Espa\u00f1a que se han visto afectadas por la ola de calor.<\/p>\n<p>Os pongo a continuaci\u00f3n los datos, en primer lugar Aeropuerto y en segundo lugar Puerto. El Centro Meteorol\u00f3gico no lo he puesto porque los valores son parecidos al Aeropuerto, salvo cuatro d\u00edas que registr\u00f3 m\u00e1ximas m\u00e1s altas que el Aeropuerto. Destacar las temperaturas m\u00ednimas muy altas que se han dado en la estaci\u00f3n de la Aemet del Puerto; se ha debido a la temperatura del agua del mar que tenemos tan caliente; las brisas no han refrescado. Pero a partir de hoy martes y ma\u00f1ana mi\u00e9rcoles ir\u00e1 bajando la temperatura del mar gracias al<a class=\"qbe-widget\" href=\"https:\/\/blogs.diariosur.es\/tormentas-y-rayos\/2025\/08\/18\/ultima-hora-se-activa-el-aviso-naranja-en-sol-y-guadalhorce-y-amarillo-en-la-axarquia\/\" target=\"_blank\" rel=\"noopener noreferrer\"><strong> terral<\/strong><\/a>; calculo que para el viernes rondar\u00e1n los 19 \u00b0C o los 20 \u00b0C.<\/p>\n<p>Os hablo de las olas de calor m\u00e1s importantes que hemos tenido, antes de poneros los datos de temperaturas de M\u00e1laga capital.<\/p>\n<p>Fuente AEMET<\/p>\n<p>La\u00a0ola de calor m\u00e1s larga jam\u00e1s registrada en Espa\u00f1a\u00a0se produjo en\u00a02015.\u00a0 Comenz\u00f3 el 27 de junio y se alarg\u00f3 hasta el 22 de julio,\u00a0un total de 26 d\u00edas. Entre los valores m\u00e1ximos registrados destacan C\u00f3rdoba con 45.2 \u00baC y Zaragoza Aeropuerto con 44.9 \u00baC.<\/p>\n<p>La\u00a0segunda ola de calor m\u00e1s larga en Espa\u00f1a fue la de 2022,\u00a0considerada como la m\u00e1s extensa e intensa. Comenz\u00f3 el 9 de julio y finaliz\u00f3 el 26 del mismo mes,\u00a0un total de 18 d\u00edas seguidos. Esta es considerada la m\u00e1s intensa y extensa, afectando a 44 provincias y con una anomal\u00eda de 4.5 \u00baC. El d\u00eda 24 de julio se registraron 46 \u00b0C en Mor\u00f3n de la Frontera.<\/p>\n<p>Las terceras olas de calor m\u00e1s largas son la del a\u00f1o 2003 y este a\u00f1o 2025 con 16 d\u00edas.<\/p>\n<p>Si quer\u00e9is saber m\u00e1s de olas de calor en Espa\u00f1a, os paso este interesante enlace.<\/p>\n<p>&nbsp;<\/p>\n<h3><a href=\"https:\/\/aemetblog.es\/2020\/06\/25\/olas-de-calor-en-espana-desde-1975-2\/\" rel=\"external nofollow\"><strong>OLAS DE CALOR EN ESPA\u00d1A DESDE 197<\/strong>5<\/a><\/h3>\n<p>&nbsp;<\/p>\n<h3><strong>Os pongo las m\u00e1ximas y m\u00ednimas.<\/strong><\/h3>\n<h3><strong><span style=\"color: #ff0000;\">3 de agosto<\/span>\u00a0\u00a0<\/strong><\/h3>\n<p>32,7 \u00baC de m\u00e1xima y 21,6 \u00baC de m\u00ednima Aemet Aeropuerto<\/p>\n<p>31,2 \u00baC de m\u00e1xima y 23 \u00baC de m\u00ednima Aemet Puerto<\/p>\n<h3><span style=\"color: #ff0000;\"><strong>4 de Agosto<\/strong><\/span><\/h3>\n<p>31,2 \u00baC de m\u00e1xima y 24 \u00baC de de m\u00ednima<\/p>\n<p>29,7 \u00baC de m\u00e1xima y 23,9 de m\u00ednima<\/p>\n<h3><span style=\"color: #ff0000;\"><strong>5 de Agosto<\/strong><\/span><\/h3>\n<p>31,4 \u00baC de m\u00e1xima y 22,1 de m\u00ednima<\/p>\n<p>30,1 \u00baC de m\u00e1xima y 24,2 \u00baC de m\u00ednima<\/p>\n<h3><span style=\"color: #ff0000;\"><strong>6 de agosto\u00a0<\/strong><\/span><\/h3>\n<p>32,4 \u00baC de m\u00e1xima y 23 \u00baC de m\u00ednima<\/p>\n<p>30,3 \u00baC de m\u00e1xima y 25,3 \u00baC de m\u00ednima<\/p>\n<h3><span style=\"color: #ff0000;\"><strong>7 de agosto<\/strong><\/span><\/h3>\n<p>33 \u00baC de m\u00e1xima y 22,7 \u00baC de m\u00ednima<\/p>\n<p>30,2 \u00baC de m\u00e1xima y 23,7 \u00baC de m\u00ednima<\/p>\n<h3><span style=\"color: #ff0000;\"><strong>8 de agosto<\/strong><\/span><\/h3>\n<p>31,3 \u00baC de m\u00e1xima y 25 \u00baC de m\u00ednima<\/p>\n<p>29,9 \u00baC de m\u00e1xima y 25,4 \u00baC de m\u00ednima<\/p>\n<h3><span style=\"color: #ff0000;\"><strong>9 de agosto<\/strong><\/span><\/h3>\n<p>32,1 \u00baC de m\u00e1xima y 23,2 \u00baC de m\u00ednima<\/p>\n<p>30,2 \u00baC de m\u00e1xima y 24,4 \u00baC de m\u00ednima<\/p>\n<h3><span style=\"color: #ff0000;\"><strong>10 de agosto<\/strong><\/span><\/h3>\n<p>30,9 \u00baC de m\u00e1xima y 21,8 \u00baC de m\u00ednima<\/p>\n<p>30,9 \u00baC de m\u00e1xima y 24 \u00baC de m\u00ednima<\/p>\n<h3><span style=\"color: #ff0000;\"><strong>11 de agosto<\/strong><\/span><\/h3>\n<p>31,1 \u00baC de m\u00e1xima y 22,5 \u00baC de m\u00ednima<\/p>\n<p>29,8 \u00baC de m\u00e1xima y 24,3 \u00baC de m\u00ednima<\/p>\n<h3><span style=\"color: #ff0000;\"><strong>12 de agosto<\/strong><\/span><\/h3>\n<p>33,9 \u00baC de m\u00e1xima y 22,8 \u00baC de m\u00ednima<\/p>\n<p>32,3 de m\u00e1xima y 24,8 \\C de m\u00ednima<\/p>\n<h3><span style=\"color: #ff0000;\"><strong>13 de agosto<\/strong><\/span><\/h3>\n<p>34,8 \u00baC de m\u00e1xima y 23,7 \u00baC de m\u00ednima.<\/p>\n<p>32,6 \u00baC de m\u00e1xima y 25,7 \u00baC de m\u00ednima<\/p>\n<p>El Centro Meteorol\u00f3gico registro una m\u00e1xima de <strong>35 \u00baC\u00a0<\/strong>sin terral<\/p>\n<h3><span style=\"color: #ff0000;\"><strong>14 de agosto<\/strong><\/span><\/h3>\n<p>34,3 \u00baC de m\u00e1xima y 21,6 \u00baC de m\u00ednima<\/p>\n<p>32,8 \u00baC de m\u00e1xima y 24,8 \u00baC de m\u00ednima<\/p>\n<h3><span style=\"color: #ff0000;\"><strong>15 de agosto\u00a0<\/strong><\/span><\/h3>\n<p>34,5 \u00baC de m\u00e1xima y 22,1 \u00baC de m\u00ednima<\/p>\n<p>33,4 \u00baC de m\u00e1xima y 24,7 \u00baC de m\u00ednima<\/p>\n<h3><span style=\"color: #ff0000;\"><strong>16 de agosto\u00a0<\/strong><\/span><\/h3>\n<p>34,6 \u00baC de m\u00e1xima y 22,5 \u00baC de m\u00edmima<\/p>\n<p>32,2 \u00baC de m\u00e1xima y 25,5 \u00baC de m\u00ednima<\/p>\n<p>El Centro Meteorol\u00f3gico registro una maxima de <strong>35 \u00baC<\/strong> sin terral<\/p>\n<h3><span style=\"color: #ff0000;\"><strong>17 de agosto<\/strong><\/span><\/h3>\n<p>35,1 \u00baC de m\u00e1xima y 23,7 \u00baC de m\u00ednima<\/p>\n<p>32,6 \u00baC de m\u00e1xima y 27 \u00baC de m\u00ednima<\/p>\n<p>El Centro Meteorol\u00f3gico registro <strong>36,3 \u00ba C<\/strong> de m\u00e1xima sin terral<\/p>\n<h3><span style=\"color: #ff0000;\">18 de agosto \u00faltimo dia de la ola calor<\/span><\/h3>\n<p>35,5 \u00baC de m\u00e1xima y 25,3 \u00baC de m\u00ednima, no hubo terral<\/p>\n<p>36,1 \u00baC de m\u00e1xima y 25,5 \u00baC de m\u00ednima, no hubo terral<\/p>\n<p>Destacar Centro Meteorol\u00f3gico con<strong> 37,9 \u00baC<\/strong>, no hubo terral.<\/p>\n<p>Os paso la grafica de viento del Centro Meteorol\u00f3gico , como pod\u00e9is comprobar tuvimos levante hasta las doce de la noche.<\/p>\n<p>&nbsp;<\/p>\n<p><a href=\"https:\/\/static-blogs.diariosur.es\/wp-content\/uploads\/sites\/12\/2025\/08\/z-2-e1755581413594.jpg\"><img loading=\"lazy\" class=\"aligncenter size-full wp-image-45828\" src=\"https:\/\/static-blogs.diariosur.es\/wp-content\/uploads\/sites\/12\/2025\/08\/z-2-e1755581413594.jpg\" alt=\"\" width=\"1100\" height=\"512\" \/><\/a><\/p>\n<p>Os pongo algunos registros que se han dado. Fuenet Aemet<\/p>\n<p><a href=\"https:\/\/static-blogs.diariosur.es\/wp-content\/uploads\/sites\/12\/2025\/08\/GyaA6R_WoAMAlzy-e1755582234400.jpg\"><img loading=\"lazy\" class=\"aligncenter size-full wp-image-45829\" src=\"https:\/\/static-blogs.diariosur.es\/wp-content\/uploads\/sites\/12\/2025\/08\/GyaA6R_WoAMAlzy-e1755582234400.jpg\" alt=\"\" width=\"800\" height=\"1000\" \/><\/a><\/p>\n<p><a href=\"https:\/\/static-blogs.diariosur.es\/wp-content\/uploads\/sites\/12\/2025\/08\/GynMNESXoAA-Nbl-e1755582261463.jpg\"><img loading=\"lazy\" class=\"aligncenter size-full wp-image-45830\" src=\"https:\/\/static-blogs.diariosur.es\/wp-content\/uploads\/sites\/12\/2025\/08\/GynMNESXoAA-Nbl-e1755582261463.jpg\" alt=\"\" width=\"900\" height=\"1125\" \/><\/a><\/p>\n<p><a href=\"https:\/\/static-blogs.diariosur.es\/wp-content\/uploads\/sites\/12\/2025\/08\/GypTpLZWAAAfsOX-e1755582287981.jpg\"><img loading=\"lazy\" class=\"aligncenter size-full wp-image-45831\" src=\"https:\/\/static-blogs.diariosur.es\/wp-content\/uploads\/sites\/12\/2025\/08\/GypTpLZWAAAfsOX-e1755582287981.jpg\" alt=\"\" width=\"900\" height=\"1125\" \/><\/a><\/p>\n<p>&nbsp;<\/p>\n<p><a href=\"https:\/\/static-blogs.diariosur.es\/wp-content\/uploads\/sites\/12\/2025\/08\/zz-e1755582516774.jpg\"><img loading=\"lazy\" class=\"aligncenter size-full wp-image-45832\" src=\"https:\/\/static-blogs.diariosur.es\/wp-content\/uploads\/sites\/12\/2025\/08\/zz-e1755582516774.jpg\" alt=\"\" width=\"1000\" height=\"909\" \/><\/a><\/p>\n<p>&nbsp;<\/p>\n<p>&nbsp;<\/p>\n<p>&nbsp;<\/p>\n<p>&nbsp;<\/p>\n<p>&nbsp;<\/p>\n","protected":false},"excerpt":{"rendered":"<p>Buenos d\u00edas, amigos de la meteo. El 3 de agosto comenz\u00f3 la segunda ola de calor del verano 2025 en Espa\u00f1a y termin\u00f3 ayer 18 de agosto, en total 16 d\u00edas. He ido recogiendo datos de temperaturas m\u00e1ximas y m\u00ednimas de las estaciones de la Aemet del aeropuerto y puerto. Lo de poner oasis es [&hellip;]<\/p>\n","protected":false},"author":16,"featured_media":45672,"comment_status":"open","ping_status":"open","sticky":false,"template":"","format":"standard","meta":[],"categories":[2],"tags":[81,151,212,375,587,676,732,872,962,975],"_links":{"self":[{"href":"https:\/\/blogs.diariosur.es\/tormentas-y-rayos\/wp-json\/wp\/v2\/posts\/45669"}],"collection":[{"href":"https:\/\/blogs.diariosur.es\/tormentas-y-rayos\/wp-json\/wp\/v2\/posts"}],"about":[{"href":"https:\/\/blogs.diariosur.es\/tormentas-y-rayos\/wp-json\/wp\/v2\/types\/post"}],"author":[{"embeddable":true,"href":"https:\/\/blogs.diariosur.es\/tormentas-y-rayos\/wp-json\/wp\/v2\/users\/16"}],"replies":[{"embeddable":true,"href":"https:\/\/blogs.diariosur.es\/tormentas-y-rayos\/wp-json\/wp\/v2\/comments?post=45669"}],"version-history":[{"count":19,"href":"https:\/\/blogs.diariosur.es\/tormentas-y-rayos\/wp-json\/wp\/v2\/posts\/45669\/revisions"}],"predecessor-version":[{"id":46488,"href":"https:\/\/blogs.diariosur.es\/tormentas-y-rayos\/wp-json\/wp\/v2\/posts\/45669\/revisions\/46488"}],"wp:featuredmedia":[{"embeddable":true,"href":"https:\/\/blogs.diariosur.es\/tormentas-y-rayos\/wp-json\/wp\/v2\/media\/45672"}],"wp:attachment":[{"href":"https:\/\/blogs.diariosur.es\/tormentas-y-rayos\/wp-json\/wp\/v2\/media?parent=45669"}],"wp:term":[{"taxonomy":"category","embeddable":true,"href":"https:\/\/blogs.diariosur.es\/tormentas-y-rayos\/wp-json\/wp\/v2\/categories?post=45669"},{"taxonomy":"post_tag","embeddable":true,"href":"https:\/\/blogs.diariosur.es\/tormentas-y-rayos\/wp-json\/wp\/v2\/tags?post=45669"}],"curies":[{"name":"wp","href":"https:\/\/api.w.org\/{rel}","templated":true}]}}