{"id":45676,"date":"2025-08-11T08:09:10","date_gmt":"2025-08-11T06:09:10","guid":{"rendered":"https:\/\/blogs.diariosur.es\/tormentas-y-rayos\/?p=45676"},"modified":"2025-10-04T10:12:31","modified_gmt":"2025-10-04T08:12:31","slug":"el-tiempo-en-la-provincia-de-malaga-noche-torrida-en-la-capital-aviso-por-altas-temperaturas-el-martes-en-antequera","status":"publish","type":"post","link":"https:\/\/blogs.diariosur.es\/tormentas-y-rayos\/2025\/08\/11\/el-tiempo-en-la-provincia-de-malaga-noche-torrida-en-la-capital-aviso-por-altas-temperaturas-el-martes-en-antequera\/","title":{"rendered":"El tiempo en la provincia de M\u00e1laga, noche t\u00f3rrida en la capital. Aviso por altas temperaturas el martes en Antequera"},"content":{"rendered":"<p><a href=\"https:\/\/static-blogs.diariosur.es\/wp-content\/uploads\/sites\/12\/2025\/07\/444912498_10228884468795449_97962860407814916_n.jpg\"><img loading=\"lazy\" class=\"aligncenter size-thumbnail wp-image-45498\" src=\"https:\/\/static-blogs.diariosur.es\/wp-content\/uploads\/sites\/12\/2025\/07\/444912498_10228884468795449_97962860407814916_n-150x150.jpg\" alt=\"\" width=\"150\" height=\"150\" \/><\/a><\/p>\n<p data-pm-slice=\"1 1 []\">Buenos d\u00edas, amigos de la meteo. La estaci\u00f3n de la Aemet del Puerto de M\u00e1laga no ha bajado esta pasada madrugada de los 25 \u00baC, como en otras zonas de la capital cercanas al mar, como es el caso de mi estaci\u00f3n en Avda. Ortega y Gasset. Es decir, hemos tenido una noche y madrugada t\u00f3rrida. En las estaciones del Aeropuerto y Centro Meteorol\u00f3gico han rondado los 24,4 \u00baC; ha sido tropical. La temperatura del agua del mar rondar\u00e1 hoy los 27 \u00baC.<\/p>\n<p>Os paso la gr\u00e1fica de temperatura del puerto.<\/p>\n<p>&nbsp;<\/p>\n<p><a href=\"https:\/\/static-blogs.diariosur.es\/wp-content\/uploads\/sites\/12\/2025\/08\/puerto-1-e1754892519851.jpg\"><img loading=\"lazy\" class=\"aligncenter size-full wp-image-45683\" src=\"https:\/\/static-blogs.diariosur.es\/wp-content\/uploads\/sites\/12\/2025\/08\/puerto-1-e1754892519851.jpg\" alt=\"\" width=\"1100\" height=\"516\" \/><\/a><\/p>\n<p>&nbsp;<\/p>\n<p>&nbsp;<\/p>\n<p data-pm-slice=\"1 1 []\">Hoy lunes 11 de agosto no tenemos avisos por altas temperaturas en la provincia de M\u00e1laga. Pero en otras provincias andaluzas s\u00ed; en algunos puntos de avisos naranjas pueden llegar a los <strong>43 \u00baC.<\/strong><\/p>\n<p>Os paso el mapa de avisos elaborado por la Aemet para hoy lunes.<\/p>\n<p>&nbsp;<\/p>\n<p><a href=\"https:\/\/static-blogs.diariosur.es\/wp-content\/uploads\/sites\/12\/2025\/08\/lunes-2.jpg\"><img loading=\"lazy\" class=\"aligncenter size-full wp-image-45680\" src=\"https:\/\/static-blogs.diariosur.es\/wp-content\/uploads\/sites\/12\/2025\/08\/lunes-2.jpg\" alt=\"\" width=\"1047\" height=\"819\" srcset=\"https:\/\/static-blogs.diariosur.es\/wp-content\/uploads\/sites\/12\/2025\/08\/lunes-2.jpg 1047w, https:\/\/static-blogs.diariosur.es\/wp-content\/uploads\/sites\/12\/2025\/08\/lunes-2-511x400.jpg 511w, https:\/\/static-blogs.diariosur.es\/wp-content\/uploads\/sites\/12\/2025\/08\/lunes-2-522x408.jpg 522w, https:\/\/static-blogs.diariosur.es\/wp-content\/uploads\/sites\/12\/2025\/08\/lunes-2-768x601.jpg 768w\" sizes=\"(max-width: 1047px) 100vw, 1047px\" \/><\/a><\/p>\n<p>&nbsp;<\/p>\n<p>&nbsp;<\/p>\n<p data-pm-slice=\"1 1 []\">Ma\u00f1ana martes entra en aviso amarillo por altas temperaturas de 39 \u00baC la comarca de Antequera. Como he ido comentando estos d\u00edas pasados, las temperaturas m\u00e1s altas en la comarca de Antequera se registrar\u00e1n en las zonas cercanas a las provincias de Sevilla y C\u00f3rdoba. En el pueblo de Antequera rondaran los 36 o 37 \u00baC.<\/p>\n<p><strong>Recordar que el umbral para el aviso amarillo en las comarcas de Antequera y Ronda es a partir de 38 \u00baC.\u00a0<\/strong><\/p>\n<p>Os paso el mapa de avisos por altas temperaturas para ma\u00f1ana martes. En las provincias de Sevilla, C\u00f3rdoba, Ja\u00e9n e interior de la de Huelva pueden llegar a los <strong>43 \u00baC.<\/strong><\/p>\n<p>&nbsp;<\/p>\n<p>&nbsp;<\/p>\n<p>&nbsp;<\/p>\n<p><a href=\"https:\/\/static-blogs.diariosur.es\/wp-content\/uploads\/sites\/12\/2025\/08\/martes-3.jpg\"><img loading=\"lazy\" class=\"aligncenter size-full wp-image-45681\" src=\"https:\/\/static-blogs.diariosur.es\/wp-content\/uploads\/sites\/12\/2025\/08\/martes-3.jpg\" alt=\"\" width=\"1047\" height=\"817\" srcset=\"https:\/\/static-blogs.diariosur.es\/wp-content\/uploads\/sites\/12\/2025\/08\/martes-3.jpg 1047w, https:\/\/static-blogs.diariosur.es\/wp-content\/uploads\/sites\/12\/2025\/08\/martes-3-513x400.jpg 513w, https:\/\/static-blogs.diariosur.es\/wp-content\/uploads\/sites\/12\/2025\/08\/martes-3-523x408.jpg 523w, https:\/\/static-blogs.diariosur.es\/wp-content\/uploads\/sites\/12\/2025\/08\/martes-3-768x599.jpg 768w\" sizes=\"(max-width: 1047px) 100vw, 1047px\" \/><\/a><\/p>\n<p>&nbsp;<\/p>\n<p>Ma\u00f1ana hablaremos un poco del comienzo de la Feria de M\u00e1laga.<\/p>\n<p>Os dejo con esta refrescante foto que ha hecho mi amigo Crist\u00f3bal Gambero. Muchas gracias, es un fot\u00f3n<\/p>\n<p>&nbsp;<\/p>\n<p><a href=\"https:\/\/static-blogs.diariosur.es\/wp-content\/uploads\/sites\/12\/2025\/08\/530364959_24113800224908978_2782417202802678832_n-e1754892352399.jpg\"><img loading=\"lazy\" class=\"aligncenter size-full wp-image-45682\" src=\"https:\/\/static-blogs.diariosur.es\/wp-content\/uploads\/sites\/12\/2025\/08\/530364959_24113800224908978_2782417202802678832_n-e1754892352399.jpg\" alt=\"\" width=\"1100\" height=\"782\" \/><\/a><\/p>\n","protected":false},"excerpt":{"rendered":"<p>Buenos d\u00edas, amigos de la meteo. La estaci\u00f3n de la Aemet del Puerto de M\u00e1laga no ha bajado esta pasada madrugada de los 25 \u00baC, como en otras zonas de la capital cercanas al mar, como es el caso de mi estaci\u00f3n en Avda. Ortega y Gasset. Es decir, hemos tenido una noche y madrugada [&hellip;]<\/p>\n","protected":false},"author":16,"featured_media":45682,"comment_status":"open","ping_status":"open","sticky":false,"template":"","format":"standard","meta":[],"categories":[2],"tags":[81,100,151,212,375,676,732,872,962],"_links":{"self":[{"href":"https:\/\/blogs.diariosur.es\/tormentas-y-rayos\/wp-json\/wp\/v2\/posts\/45676"}],"collection":[{"href":"https:\/\/blogs.diariosur.es\/tormentas-y-rayos\/wp-json\/wp\/v2\/posts"}],"about":[{"href":"https:\/\/blogs.diariosur.es\/tormentas-y-rayos\/wp-json\/wp\/v2\/types\/post"}],"author":[{"embeddable":true,"href":"https:\/\/blogs.diariosur.es\/tormentas-y-rayos\/wp-json\/wp\/v2\/users\/16"}],"replies":[{"embeddable":true,"href":"https:\/\/blogs.diariosur.es\/tormentas-y-rayos\/wp-json\/wp\/v2\/comments?post=45676"}],"version-history":[{"count":8,"href":"https:\/\/blogs.diariosur.es\/tormentas-y-rayos\/wp-json\/wp\/v2\/posts\/45676\/revisions"}],"predecessor-version":[{"id":46501,"href":"https:\/\/blogs.diariosur.es\/tormentas-y-rayos\/wp-json\/wp\/v2\/posts\/45676\/revisions\/46501"}],"wp:featuredmedia":[{"embeddable":true,"href":"https:\/\/blogs.diariosur.es\/tormentas-y-rayos\/wp-json\/wp\/v2\/media\/45682"}],"wp:attachment":[{"href":"https:\/\/blogs.diariosur.es\/tormentas-y-rayos\/wp-json\/wp\/v2\/media?parent=45676"}],"wp:term":[{"taxonomy":"category","embeddable":true,"href":"https:\/\/blogs.diariosur.es\/tormentas-y-rayos\/wp-json\/wp\/v2\/categories?post=45676"},{"taxonomy":"post_tag","embeddable":true,"href":"https:\/\/blogs.diariosur.es\/tormentas-y-rayos\/wp-json\/wp\/v2\/tags?post=45676"}],"curies":[{"name":"wp","href":"https:\/\/api.w.org\/{rel}","templated":true}]}}