{"id":45698,"date":"2025-08-13T08:12:39","date_gmt":"2025-08-13T06:12:39","guid":{"rendered":"https:\/\/blogs.diariosur.es\/tormentas-y-rayos\/?p=45698"},"modified":"2025-10-04T10:07:31","modified_gmt":"2025-10-04T08:07:31","slug":"empezaran-los-fuegos-artificiales-en-la-feria-de-malaga-con-terral","status":"publish","type":"post","link":"https:\/\/blogs.diariosur.es\/tormentas-y-rayos\/2025\/08\/13\/empezaran-los-fuegos-artificiales-en-la-feria-de-malaga-con-terral\/","title":{"rendered":"\u00bfEmpezar\u00e1n los fuegos artificiales en la Feria de M\u00e1laga con terral?"},"content":{"rendered":"<p><a href=\"https:\/\/static-blogs.diariosur.es\/wp-content\/uploads\/sites\/12\/2025\/07\/444912498_10228884468795449_97962860407814916_n-1.jpg\"><img loading=\"lazy\" class=\"aligncenter size-thumbnail wp-image-45529\" src=\"https:\/\/static-blogs.diariosur.es\/wp-content\/uploads\/sites\/12\/2025\/07\/444912498_10228884468795449_97962860407814916_n-1-150x150.jpg\" alt=\"\" width=\"150\" height=\"150\" \/><\/a><\/p>\n<p>&nbsp;<\/p>\n<p data-pm-slice=\"1 1 []\">Buenos d\u00edas, amigos de la meteo. Noche y madrugada t\u00f3rrida en las tres estaciones que tiene la Aemet en M\u00e1laga capital. Lo \u00fanico \u201cbueno\u201d es que la humedad no ha sido muy alta, porque tenemos la masa de aire seca africana encima de Andaluc\u00eda; las brisas de tierra tambi\u00e9n han sido protagonistas.<\/p>\n<p>Os paso las gr\u00e1ficas de temperatura del Puerto, Aeropuerto y Centro Meteorol\u00f3gico, tambi\u00e9n la de humedad del Puerto, que ha sido la m\u00e1s baja.<\/p>\n<p>&nbsp;<\/p>\n<p><a href=\"https:\/\/static-blogs.diariosur.es\/wp-content\/uploads\/sites\/12\/2025\/08\/puerto-2-e1755062892438.jpg\"><img loading=\"lazy\" class=\"aligncenter size-full wp-image-45715\" src=\"https:\/\/static-blogs.diariosur.es\/wp-content\/uploads\/sites\/12\/2025\/08\/puerto-2-e1755062892438.jpg\" alt=\"\" width=\"1100\" height=\"499\" \/><\/a><\/p>\n<p><a href=\"https:\/\/static-blogs.diariosur.es\/wp-content\/uploads\/sites\/12\/2025\/08\/p1-e1755062918812.jpg\"><img loading=\"lazy\" class=\"aligncenter size-full wp-image-45716\" src=\"https:\/\/static-blogs.diariosur.es\/wp-content\/uploads\/sites\/12\/2025\/08\/p1-e1755062918812.jpg\" alt=\"\" width=\"1100\" height=\"505\" \/><\/a><\/p>\n<p><a href=\"https:\/\/static-blogs.diariosur.es\/wp-content\/uploads\/sites\/12\/2025\/08\/c-e1755062947370.jpg\"><img loading=\"lazy\" class=\"aligncenter size-full wp-image-45717\" src=\"https:\/\/static-blogs.diariosur.es\/wp-content\/uploads\/sites\/12\/2025\/08\/c-e1755062947370.jpg\" alt=\"\" width=\"1100\" height=\"472\" \/><\/a><\/p>\n<p><a href=\"https:\/\/static-blogs.diariosur.es\/wp-content\/uploads\/sites\/12\/2025\/08\/a-e1755062971230.jpg\"><img loading=\"lazy\" class=\"aligncenter size-full wp-image-45718\" src=\"https:\/\/static-blogs.diariosur.es\/wp-content\/uploads\/sites\/12\/2025\/08\/a-e1755062971230.jpg\" alt=\"\" width=\"1100\" height=\"531\" \/><\/a><\/p>\n<p data-pm-slice=\"1 1 []\">Desde que comenz\u00f3 la ola de calor el d\u00eda 3 de agosto, ayer se registr\u00f3 la temperatura m\u00e1s alta en la capital en el Centro Meteorol\u00f3gico con 34,1 \u00baC, seguida del Aeropuerto con 33,9 \u00baC y Puerto con 32,3 \u00baC. En el interior de la provincia malague\u00f1a, destacar Alpandeire con 38 \u00baC, Cortes de la Frontera 38,7 \u00baC, \u00c1lora 38,5 \u00baC, Ronda 37,9 \u00baC, Antequera 37,3 \u00baC y Fuente de Piedra con 39,2.<\/p>\n<p>En otras provincias de Andaluc\u00eda se sobrepasaron los 45 \u00baC, 44, 43 y 42 \u00baC.<\/p>\n<p>&nbsp;<\/p>\n<p><a href=\"https:\/\/static-blogs.diariosur.es\/wp-content\/uploads\/sites\/12\/2025\/08\/Captura-de-pantalla-2025-08-13-073426-e1755063667921.jpg\"><img loading=\"lazy\" class=\"aligncenter size-full wp-image-45719\" src=\"https:\/\/static-blogs.diariosur.es\/wp-content\/uploads\/sites\/12\/2025\/08\/Captura-de-pantalla-2025-08-13-073426-e1755063667921.jpg\" alt=\"\" width=\"1200\" height=\"389\" \/><\/a><\/p>\n<p data-pm-slice=\"1 1 []\">Hoy 13 de agosto, de las ocho provincias andaluzas, solo la de M\u00e1laga no tiene avisos por altas temperaturas. Os paso el mapa de avisos elaborado por la Aemet.<\/p>\n<p>&nbsp;<\/p>\n<p><a href=\"https:\/\/static-blogs.diariosur.es\/wp-content\/uploads\/sites\/12\/2025\/08\/Captura-de-pantalla-2025-08-13-074512.jpg\"><img loading=\"lazy\" class=\"aligncenter size-full wp-image-45720\" src=\"https:\/\/static-blogs.diariosur.es\/wp-content\/uploads\/sites\/12\/2025\/08\/Captura-de-pantalla-2025-08-13-074512.jpg\" alt=\"\" width=\"1053\" height=\"820\" srcset=\"https:\/\/static-blogs.diariosur.es\/wp-content\/uploads\/sites\/12\/2025\/08\/Captura-de-pantalla-2025-08-13-074512.jpg 1053w, https:\/\/static-blogs.diariosur.es\/wp-content\/uploads\/sites\/12\/2025\/08\/Captura-de-pantalla-2025-08-13-074512-514x400.jpg 514w, https:\/\/static-blogs.diariosur.es\/wp-content\/uploads\/sites\/12\/2025\/08\/Captura-de-pantalla-2025-08-13-074512-524x408.jpg 524w, https:\/\/static-blogs.diariosur.es\/wp-content\/uploads\/sites\/12\/2025\/08\/Captura-de-pantalla-2025-08-13-074512-768x598.jpg 768w\" sizes=\"(max-width: 1053px) 100vw, 1053px\" \/><\/a><\/p>\n<p>&nbsp;<\/p>\n<p data-pm-slice=\"1 1 []\"><strong>Recordad que la Aemet prolonga la ola de calor hasta el lunes 18 de agosto.<\/strong><\/p>\n<p>&nbsp;<\/p>\n<h3><strong>\u00bfEmpezar\u00e1n los fuegos artificiales en la Feria de M\u00e1laga con terral?<\/strong><\/h3>\n<p>Todo hace indicar que durante los fuegos, primer d\u00eda de feria y segundo si no hay sorpresas, es<strong> probable<\/strong> que no tengamos terral. Hay probabilidad de fen\u00f3menos de subsidencia, al estar a\u00fan la masa de aire seca afect\u00e1ndonos. Ayer hubo momentos en que el aire era caliente y soplaba brisas del mar. Tambi\u00e9n la humedad era baja.<\/p>\n<p><a href=\"https:\/\/blogs.diariosur.es\/tormentas-y-rayos\/2020\/07\/02\/el-tiempo-en-malaga-aviso-amarillo-fenomeno-subsidencia\/\"><strong>AQU\u00cd OS EXPLICO EL FEN\u00d3MENO DE SUBSIDENCIA<\/strong><\/a><\/p>\n<p data-pm-slice=\"1 1 []\">A partir del lunes ya veremos si, al terminar la ola de calor, giran los vientos a componente oeste; esto puede traer consigo que algunos d\u00edas de la semana que viene es probable que entre nuestro viento malague\u00f1o.<\/p>\n<p>Os dejo con esta bonita foto de mi amiga Nany Lavado.<\/p>\n<p>&nbsp;<\/p>\n<p><a href=\"https:\/\/static-blogs.diariosur.es\/wp-content\/uploads\/sites\/12\/2025\/08\/502771943_10232940677198124_8768759363392277675_n-e1755064845889.jpg\"><img loading=\"lazy\" class=\"aligncenter size-full wp-image-45721\" src=\"https:\/\/static-blogs.diariosur.es\/wp-content\/uploads\/sites\/12\/2025\/08\/502771943_10232940677198124_8768759363392277675_n-e1755064845889.jpg\" alt=\"\" width=\"1200\" height=\"801\" \/><\/a><\/p>\n<p>&nbsp;<\/p>\n","protected":false},"excerpt":{"rendered":"<p>&nbsp; Buenos d\u00edas, amigos de la meteo. Noche y madrugada t\u00f3rrida en las tres estaciones que tiene la Aemet en M\u00e1laga capital. Lo \u00fanico \u201cbueno\u201d es que la humedad no ha sido muy alta, porque tenemos la masa de aire seca africana encima de Andaluc\u00eda; las brisas de tierra tambi\u00e9n han sido protagonistas. Os paso [&hellip;]<\/p>\n","protected":false},"author":16,"featured_media":45721,"comment_status":"open","ping_status":"open","sticky":false,"template":"","format":"standard","meta":[],"categories":[2],"tags":[212,408,587,732,975],"_links":{"self":[{"href":"https:\/\/blogs.diariosur.es\/tormentas-y-rayos\/wp-json\/wp\/v2\/posts\/45698"}],"collection":[{"href":"https:\/\/blogs.diariosur.es\/tormentas-y-rayos\/wp-json\/wp\/v2\/posts"}],"about":[{"href":"https:\/\/blogs.diariosur.es\/tormentas-y-rayos\/wp-json\/wp\/v2\/types\/post"}],"author":[{"embeddable":true,"href":"https:\/\/blogs.diariosur.es\/tormentas-y-rayos\/wp-json\/wp\/v2\/users\/16"}],"replies":[{"embeddable":true,"href":"https:\/\/blogs.diariosur.es\/tormentas-y-rayos\/wp-json\/wp\/v2\/comments?post=45698"}],"version-history":[{"count":7,"href":"https:\/\/blogs.diariosur.es\/tormentas-y-rayos\/wp-json\/wp\/v2\/posts\/45698\/revisions"}],"predecessor-version":[{"id":46499,"href":"https:\/\/blogs.diariosur.es\/tormentas-y-rayos\/wp-json\/wp\/v2\/posts\/45698\/revisions\/46499"}],"wp:featuredmedia":[{"embeddable":true,"href":"https:\/\/blogs.diariosur.es\/tormentas-y-rayos\/wp-json\/wp\/v2\/media\/45721"}],"wp:attachment":[{"href":"https:\/\/blogs.diariosur.es\/tormentas-y-rayos\/wp-json\/wp\/v2\/media?parent=45698"}],"wp:term":[{"taxonomy":"category","embeddable":true,"href":"https:\/\/blogs.diariosur.es\/tormentas-y-rayos\/wp-json\/wp\/v2\/categories?post=45698"},{"taxonomy":"post_tag","embeddable":true,"href":"https:\/\/blogs.diariosur.es\/tormentas-y-rayos\/wp-json\/wp\/v2\/tags?post=45698"}],"curies":[{"name":"wp","href":"https:\/\/api.w.org\/{rel}","templated":true}]}}