{"id":45700,"date":"2025-08-12T07:29:00","date_gmt":"2025-08-12T05:29:00","guid":{"rendered":"https:\/\/blogs.diariosur.es\/tormentas-y-rayos\/?p=45700"},"modified":"2025-10-04T10:09:11","modified_gmt":"2025-10-04T08:09:11","slug":"mucha-precaucion-se-activan-avisos-rojos-por-altas-temperaturas-en-tres-provincias-andaluzas","status":"publish","type":"post","link":"https:\/\/blogs.diariosur.es\/tormentas-y-rayos\/2025\/08\/12\/mucha-precaucion-se-activan-avisos-rojos-por-altas-temperaturas-en-tres-provincias-andaluzas\/","title":{"rendered":"Mucha precauci\u00f3n. Se activan avisos rojos por altas temperaturas en tres provincias andaluzas."},"content":{"rendered":"<p><a href=\"https:\/\/static-blogs.diariosur.es\/wp-content\/uploads\/sites\/12\/2025\/07\/444912498_10228884468795449_97962860407814916_n-1.jpg\"><img loading=\"lazy\" class=\"aligncenter size-thumbnail wp-image-45529\" src=\"https:\/\/static-blogs.diariosur.es\/wp-content\/uploads\/sites\/12\/2025\/07\/444912498_10228884468795449_97962860407814916_n-1-150x150.jpg\" alt=\"\" width=\"150\" height=\"150\" \/><\/a><\/p>\n<p data-pm-slice=\"1 1 []\">Reedito: Adem\u00e1s de la comarca de Antequera en aviso amarillo por 39 \u00b0C, tambi\u00e9n se activa en la comarca de Ronda por 38 \u00b0C.<\/p>\n<p>Buenos d\u00edas, amigos de la meteo. Nuevamente noche y madrugada t\u00f3rrida en muchas zonas de la capital malague\u00f1a; en la estaci\u00f3n de la Aemet del Puerto no ha bajado de 25 \u00baC. Destacar que ha tenido un pico de 28 \u00baC, como podr\u00e9is ver en el gr\u00e1fico que os pongo a continuaci\u00f3n. En las otras dos estaciones de la Aemet de M\u00e1laga capital, han rondado entre 25 \u00baC y 24 \u00baC. La temperatura del agua del mar en estos momentos es de 26 \u00baC; hoy puede llegar a 27 \u00baC.<\/p>\n<p>&nbsp;<\/p>\n<p><a href=\"https:\/\/static-blogs.diariosur.es\/wp-content\/uploads\/sites\/12\/2025\/08\/martes-4-e1754973507926.jpg\"><img loading=\"lazy\" class=\"aligncenter size-full wp-image-45701\" src=\"https:\/\/static-blogs.diariosur.es\/wp-content\/uploads\/sites\/12\/2025\/08\/martes-4-e1754973507926.jpg\" alt=\"\" width=\"1100\" height=\"529\" \/><\/a><\/p>\n<h3><a href=\"https:\/\/static-blogs.diariosur.es\/wp-content\/uploads\/sites\/12\/2025\/08\/aero-e1754977642834.jpg\"><img loading=\"lazy\" class=\"aligncenter size-full wp-image-45708\" src=\"https:\/\/static-blogs.diariosur.es\/wp-content\/uploads\/sites\/12\/2025\/08\/aero-e1754977642834.jpg\" alt=\"\" width=\"1000\" height=\"447\" \/><\/a><\/h3>\n<p><a href=\"https:\/\/static-blogs.diariosur.es\/wp-content\/uploads\/sites\/12\/2025\/08\/cen-e1754977669442.jpg\"><img loading=\"lazy\" class=\"aligncenter size-full wp-image-45709\" src=\"https:\/\/static-blogs.diariosur.es\/wp-content\/uploads\/sites\/12\/2025\/08\/cen-e1754977669442.jpg\" alt=\"\" width=\"1000\" height=\"459\" \/><\/a><\/p>\n<h3 data-pm-slice=\"1 1 []\"><strong>Mucha precauci\u00f3n. Se activan avisos rojos por altas temperaturas en tres provincias andaluzas.<\/strong><\/h3>\n<p>Hoy martes la Aemet ha activado avisos rojos por altas temperaturas en las provincias de Huelva, C\u00f3rdoba y Sevilla.<\/p>\n<p>El aviso rojo en la provincia de Huelva es para todo su litoral; se esperan m\u00e1ximas de 42 \u00baC. En el interior de la provincia ser\u00e1 naranja por m\u00e1ximas de 43 \u00baC; en algunos puntos pueden llegar a los 44 \u00baC.<\/p>\n<p>En la provincia de C\u00f3rdoba, el aviso rojo es para la campi\u00f1a, por temperaturas de 44 \u00baC; en las dem\u00e1s zonas de la provincia de C\u00f3rdoba ser\u00e1 naranja por m\u00e1ximas de 40 \u00baC y 42 \u00baC.<\/p>\n<p>En la provincia de Sevilla, el aviso rojo ser\u00e1 por temperaturas m\u00e1ximas de 44 \u00baC en la campi\u00f1a; en las dem\u00e1s zonas de la provincia, naranja por temperaturas de 40 \u00baC.<\/p>\n<p>Desde que comenz\u00f3 la ola de calor el domingo d\u00eda 3, hoy martes 12 ser\u00e1 el d\u00eda m\u00e1s caluroso en conjunto en Andaluc\u00eda.<\/p>\n<p>Destacar tambi\u00e9n el aviso rojo de Gipuzkoa interior y Bizkaia interior por m\u00e1ximas de 40 \u00baC.<\/p>\n<p>Os paso el mapa de avisos por altas temperaturas de hoy martes. Fuente: Aemet.<\/p>\n<p>&nbsp;<\/p>\n<p><a href=\"https:\/\/static-blogs.diariosur.es\/wp-content\/uploads\/sites\/12\/2025\/08\/Captura-de-pantalla-2025-08-12-072227.jpg\"><img loading=\"lazy\" class=\"aligncenter size-full wp-image-45702\" src=\"https:\/\/static-blogs.diariosur.es\/wp-content\/uploads\/sites\/12\/2025\/08\/Captura-de-pantalla-2025-08-12-072227.jpg\" alt=\"\" width=\"1036\" height=\"814\" srcset=\"https:\/\/static-blogs.diariosur.es\/wp-content\/uploads\/sites\/12\/2025\/08\/Captura-de-pantalla-2025-08-12-072227.jpg 1036w, https:\/\/static-blogs.diariosur.es\/wp-content\/uploads\/sites\/12\/2025\/08\/Captura-de-pantalla-2025-08-12-072227-509x400.jpg 509w, https:\/\/static-blogs.diariosur.es\/wp-content\/uploads\/sites\/12\/2025\/08\/Captura-de-pantalla-2025-08-12-072227-519x408.jpg 519w, https:\/\/static-blogs.diariosur.es\/wp-content\/uploads\/sites\/12\/2025\/08\/Captura-de-pantalla-2025-08-12-072227-768x603.jpg 768w\" sizes=\"(max-width: 1036px) 100vw, 1036px\" \/><\/a><\/p>\n<p>&nbsp;<\/p>\n<p><a href=\"https:\/\/static-blogs.diariosur.es\/wp-content\/uploads\/sites\/12\/2025\/08\/Captura-de-pantalla-2025-08-12-072144.jpg\"><img loading=\"lazy\" class=\"aligncenter size-full wp-image-45703\" src=\"https:\/\/static-blogs.diariosur.es\/wp-content\/uploads\/sites\/12\/2025\/08\/Captura-de-pantalla-2025-08-12-072144.jpg\" alt=\"\" width=\"1047\" height=\"808\" srcset=\"https:\/\/static-blogs.diariosur.es\/wp-content\/uploads\/sites\/12\/2025\/08\/Captura-de-pantalla-2025-08-12-072144.jpg 1047w, https:\/\/static-blogs.diariosur.es\/wp-content\/uploads\/sites\/12\/2025\/08\/Captura-de-pantalla-2025-08-12-072144-518x400.jpg 518w, https:\/\/static-blogs.diariosur.es\/wp-content\/uploads\/sites\/12\/2025\/08\/Captura-de-pantalla-2025-08-12-072144-529x408.jpg 529w, https:\/\/static-blogs.diariosur.es\/wp-content\/uploads\/sites\/12\/2025\/08\/Captura-de-pantalla-2025-08-12-072144-768x593.jpg 768w\" sizes=\"(max-width: 1047px) 100vw, 1047px\" \/><\/a><\/p>\n<p>&nbsp;<\/p>\n<p>&nbsp;<\/p>\n","protected":false},"excerpt":{"rendered":"<p>Reedito: Adem\u00e1s de la comarca de Antequera en aviso amarillo por 39 \u00b0C, tambi\u00e9n se activa en la comarca de Ronda por 38 \u00b0C. Buenos d\u00edas, amigos de la meteo. Nuevamente noche y madrugada t\u00f3rrida en muchas zonas de la capital malague\u00f1a; en la estaci\u00f3n de la Aemet del Puerto no ha bajado de 25 [&hellip;]<\/p>\n","protected":false},"author":16,"featured_media":44847,"comment_status":"open","ping_status":"open","sticky":false,"template":"","format":"standard","meta":[],"categories":[2],"tags":[81,100,151,212,375,732,872,962],"_links":{"self":[{"href":"https:\/\/blogs.diariosur.es\/tormentas-y-rayos\/wp-json\/wp\/v2\/posts\/45700"}],"collection":[{"href":"https:\/\/blogs.diariosur.es\/tormentas-y-rayos\/wp-json\/wp\/v2\/posts"}],"about":[{"href":"https:\/\/blogs.diariosur.es\/tormentas-y-rayos\/wp-json\/wp\/v2\/types\/post"}],"author":[{"embeddable":true,"href":"https:\/\/blogs.diariosur.es\/tormentas-y-rayos\/wp-json\/wp\/v2\/users\/16"}],"replies":[{"embeddable":true,"href":"https:\/\/blogs.diariosur.es\/tormentas-y-rayos\/wp-json\/wp\/v2\/comments?post=45700"}],"version-history":[{"count":6,"href":"https:\/\/blogs.diariosur.es\/tormentas-y-rayos\/wp-json\/wp\/v2\/posts\/45700\/revisions"}],"predecessor-version":[{"id":46500,"href":"https:\/\/blogs.diariosur.es\/tormentas-y-rayos\/wp-json\/wp\/v2\/posts\/45700\/revisions\/46500"}],"wp:featuredmedia":[{"embeddable":true,"href":"https:\/\/blogs.diariosur.es\/tormentas-y-rayos\/wp-json\/wp\/v2\/media\/44847"}],"wp:attachment":[{"href":"https:\/\/blogs.diariosur.es\/tormentas-y-rayos\/wp-json\/wp\/v2\/media?parent=45700"}],"wp:term":[{"taxonomy":"category","embeddable":true,"href":"https:\/\/blogs.diariosur.es\/tormentas-y-rayos\/wp-json\/wp\/v2\/categories?post=45700"},{"taxonomy":"post_tag","embeddable":true,"href":"https:\/\/blogs.diariosur.es\/tormentas-y-rayos\/wp-json\/wp\/v2\/tags?post=45700"}],"curies":[{"name":"wp","href":"https:\/\/api.w.org\/{rel}","templated":true}]}}