{"id":45726,"date":"2025-08-14T07:31:37","date_gmt":"2025-08-14T05:31:37","guid":{"rendered":"https:\/\/blogs.diariosur.es\/tormentas-y-rayos\/?p=45726"},"modified":"2025-10-04T10:03:52","modified_gmt":"2025-10-04T08:03:52","slug":"avisos-por-altas-temperaturas-en-la-provincia-de-malaga-cuantos-terrales-hemos-tenido-en-la-feria-de-malaga-desde-el-ano-2007","status":"publish","type":"post","link":"https:\/\/blogs.diariosur.es\/tormentas-y-rayos\/2025\/08\/14\/avisos-por-altas-temperaturas-en-la-provincia-de-malaga-cuantos-terrales-hemos-tenido-en-la-feria-de-malaga-desde-el-ano-2007\/","title":{"rendered":"Avisos por altas temperaturas en zonas de la provincia de M\u00e1laga \u00bfCu\u00e1ntos terrales hemos tenido en la Feria de M\u00e1laga desde el a\u00f1o 2007?"},"content":{"rendered":"<p><a href=\"https:\/\/static-blogs.diariosur.es\/wp-content\/uploads\/sites\/12\/2025\/07\/72999690_10217709542349272_7908844429161529344_n.jpg\"><img loading=\"lazy\" class=\"aligncenter size-thumbnail wp-image-45292\" src=\"https:\/\/static-blogs.diariosur.es\/wp-content\/uploads\/sites\/12\/2025\/07\/72999690_10217709542349272_7908844429161529344_n-150x150.jpg\" alt=\"\" width=\"150\" height=\"150\" \/><\/a><\/p>\n<p>&nbsp;<\/p>\n<p data-pm-slice=\"1 1 []\">Buenos d\u00edas, amigos de la meteo. Ayer mi\u00e9rcoles, el Centro Meteorol\u00f3gico de M\u00e1laga capital registr\u00f3 35 \u00b0C, por ahora la temperatura m\u00e1s alta desde que comenz\u00f3 la ola de calor el d\u00eda 3. Curiosamente, aunque soplaba este, sureste, ten\u00edamos aire caliente y humedad baja, como pod\u00e9is ver en los gr\u00e1ficos que os pongo a continuaci\u00f3n. Nuevamente tuvimos <strong>subsidencia<\/strong>. En el Aeropuerto y Puerto pas\u00f3 lo mismo, registr\u00e1ndose 34,8 \u00baC y 32,4 \u00baC. Gr\u00e1ficos del Centro Meteorol\u00f3gico de M\u00e1laga capital. Fuente: AEMET<\/p>\n<p>&nbsp;<\/p>\n<p><a href=\"https:\/\/static-blogs.diariosur.es\/wp-content\/uploads\/sites\/12\/2025\/08\/v-e1755146948265.jpg\"><img loading=\"lazy\" class=\"aligncenter size-full wp-image-45731\" src=\"https:\/\/static-blogs.diariosur.es\/wp-content\/uploads\/sites\/12\/2025\/08\/v-e1755146948265.jpg\" alt=\"\" width=\"1100\" height=\"504\" \/><\/a><\/p>\n<p><a href=\"https:\/\/static-blogs.diariosur.es\/wp-content\/uploads\/sites\/12\/2025\/08\/h-e1755146995631.jpg\"><img loading=\"lazy\" class=\"aligncenter size-full wp-image-45732\" src=\"https:\/\/static-blogs.diariosur.es\/wp-content\/uploads\/sites\/12\/2025\/08\/h-e1755146995631.jpg\" alt=\"\" width=\"1100\" height=\"530\" \/><\/a><\/p>\n<p><a href=\"https:\/\/static-blogs.diariosur.es\/wp-content\/uploads\/sites\/12\/2025\/08\/t-e1755147020518.jpg\"><img loading=\"lazy\" class=\"aligncenter size-full wp-image-45733\" src=\"https:\/\/static-blogs.diariosur.es\/wp-content\/uploads\/sites\/12\/2025\/08\/t-e1755147020518.jpg\" alt=\"\" width=\"1100\" height=\"525\" \/><\/a><\/p>\n<p>El s\u00e1bado 16 se activa el aviso amarillo por altas temperaturas de 39 \u00baC en las comarcas de Ronda y Antequera. Os paso el mapa de avisos de la Aemet para el s\u00e1bado.<\/p>\n<p>&nbsp;<\/p>\n<p><a href=\"https:\/\/static-blogs.diariosur.es\/wp-content\/uploads\/sites\/12\/2025\/08\/Captura-de-pantalla-2025-08-14-065326.jpg\"><img loading=\"lazy\" class=\"aligncenter size-full wp-image-45734\" src=\"https:\/\/static-blogs.diariosur.es\/wp-content\/uploads\/sites\/12\/2025\/08\/Captura-de-pantalla-2025-08-14-065326.jpg\" alt=\"\" width=\"1045\" height=\"831\" srcset=\"https:\/\/static-blogs.diariosur.es\/wp-content\/uploads\/sites\/12\/2025\/08\/Captura-de-pantalla-2025-08-14-065326.jpg 1045w, https:\/\/static-blogs.diariosur.es\/wp-content\/uploads\/sites\/12\/2025\/08\/Captura-de-pantalla-2025-08-14-065326-503x400.jpg 503w, https:\/\/static-blogs.diariosur.es\/wp-content\/uploads\/sites\/12\/2025\/08\/Captura-de-pantalla-2025-08-14-065326-513x408.jpg 513w, https:\/\/static-blogs.diariosur.es\/wp-content\/uploads\/sites\/12\/2025\/08\/Captura-de-pantalla-2025-08-14-065326-768x611.jpg 768w\" sizes=\"(max-width: 1045px) 100vw, 1045px\" \/><\/a><\/p>\n<h3><\/h3>\n<p>&nbsp;<\/p>\n<h3 data-pm-slice=\"1 1 []\"><strong>\u00bfCu\u00e1ntos terrales hemos tenido en la Feria de M\u00e1laga desde el a\u00f1o 2007?<\/strong><\/h3>\n<p>Ma\u00f1ana comienza la Feria de M\u00e1laga y la pregunta del mill\u00f3n es: \u00bftendremos terral? Ante la creencia popular de que siempre tenemos algunos d\u00edas en la Feria, no es cierto, como ver\u00e9is m\u00e1s adelante.<\/p>\n<p>Los datos que os pongo son del aeropuerto a partir de 36\u00b0C; es el umbral para activar el aviso amarillo por la Aemet en M\u00e1laga por altas temperaturas cuando entra el terral. Como tenemos dos recintos feriales, donde suele hacer m\u00e1s calor es en Cortijo Torres; en el centro, aunque haya terral, en ocasiones entran brisas del mar y no se aprecia.<\/p>\n<p><strong>A\u00f1o 2007. La Feria fue del 11 al 19. El d\u00eda 11 registramos 36.6 \u00baC, el d\u00eda 12 registramos 36.7 \u00baC y el d\u00eda 16 registramos 36.8 \u00baC.<\/strong><\/p>\n<p><strong>A\u00f1o 2008. La Feria fue del 16 al 24. No tuvimos terral.<\/strong><\/p>\n<p><strong>A\u00f1o 2009. La Feria fue del 15 al 22. No tuvimos terral.<\/strong><\/p>\n<p><strong>A\u00f1o 2010. La Feria fue del 14 al 21. No tuvimos terral.<\/strong><\/p>\n<p><strong>A\u00f1o 2011. La Feria fue del 13 al 21. No tuvimos terral.<\/strong><\/p>\n<p><strong>A\u00f1o 2012. La Feria fue del 13 al 21. El d\u00eda 12 registramos 41.4 \u00baC y el d\u00eda 15 registramos 37 \u00baC.<\/strong><\/p>\n<p><strong>A\u00f1o 2013. La Feria fue del 17 al 24. No tuvimos terral.<\/strong><\/p>\n<p><strong>A\u00f1o 2014. La Feria fue del 16 al 23. El d\u00eda 20 registramos 37.5 \u00baC.<\/strong><\/p>\n<p><strong>A\u00f1o 2015. La Feria fue del 14 al 22. No tuvimos terral.<\/strong><\/p>\n<p><strong>A\u00f1o 2016. La Feria fue del 13 al 20. El d\u00eda 18 registramos 37.6 \u00baC, el d\u00eda 19 registramos 39.2 \u00baC y el d\u00eda 20 registramos 40.5 \u00baC.<\/strong><\/p>\n<p><strong>A\u00f1o 2017. La Feria fue del 12 al 19. No tuvimos terral.<\/strong><\/p>\n<p><strong>A\u00f1o 2018. La feria fue del 11 al 19. El d\u00eda 14 registramos 36.5 \u00baC.<\/strong><\/p>\n<p><strong>A\u00f1o 2019. La feria fue del 15 al 24. El d\u00eda 19 registramos 37.8 \u00baC.<\/strong><\/p>\n<p><strong>A\u00f1o 2020. Pandemia, seg\u00fan las fechas, los dos d\u00edas, los dos \u00faltimos d\u00edas.<\/strong><\/p>\n<p><strong>A\u00f1o 2021. Pandemia no hubo.<\/strong><\/p>\n<p><strong>A\u00f1o 2022.<\/strong> <strong>La Feria fue del 13 al 20. El d\u00eda 13 registramos 39.2 \u00baC, el d\u00eda 14 registramos 39.1 \u00baC, el d\u00eda 15 registramos 36.4 \u00baC,\u00a0el d\u00eda 16 registramos 36.4 \u00baC. Probablemente la m\u00e1s calurosa.<\/strong><\/p>\n<p><strong>A\u00f1o 2023. La Feria fue del 12 al 19. El d\u00eda 18 registramos 40.2 \u00baC.<\/strong><\/p>\n<p><strong>A\u00f1o 2024. La Feria fue del 17 al 24. El d\u00eda 18 registramos 38,2 \u00baC.<\/strong><\/p>\n<p>Cuando termine la feria de 2025, sabremos cu\u00e1ntos terrales hemos tenido. Puedo confirmar uno de momento.<\/p>\n<p>Os dejo con estas fotos de mi amigo Salvador Salas, fot\u00f3grafo del Diario Sur de M\u00e1laga.<\/p>\n<p>&nbsp;<\/p>\n<p>&nbsp;<\/p>\n<p><a href=\"https:\/\/static-blogs.diariosur.es\/wp-content\/uploads\/sites\/12\/2025\/08\/f.jpg\"><img loading=\"lazy\" class=\"aligncenter size-full wp-image-45736\" src=\"https:\/\/static-blogs.diariosur.es\/wp-content\/uploads\/sites\/12\/2025\/08\/f.jpg\" alt=\"\" width=\"1100\" height=\"736\" srcset=\"https:\/\/static-blogs.diariosur.es\/wp-content\/uploads\/sites\/12\/2025\/08\/f.jpg 1100w, https:\/\/static-blogs.diariosur.es\/wp-content\/uploads\/sites\/12\/2025\/08\/f-598x400.jpg 598w, https:\/\/static-blogs.diariosur.es\/wp-content\/uploads\/sites\/12\/2025\/08\/f-610x408.jpg 610w, https:\/\/static-blogs.diariosur.es\/wp-content\/uploads\/sites\/12\/2025\/08\/f-768x514.jpg 768w\" sizes=\"(max-width: 1100px) 100vw, 1100px\" \/><\/a><\/p>\n<p>&nbsp;<\/p>\n<p><a href=\"https:\/\/static-blogs.diariosur.es\/wp-content\/uploads\/sites\/12\/2025\/08\/f1.jpg\"><img loading=\"lazy\" class=\"aligncenter size-full wp-image-45737\" src=\"https:\/\/static-blogs.diariosur.es\/wp-content\/uploads\/sites\/12\/2025\/08\/f1.jpg\" alt=\"\" width=\"1100\" height=\"735\" srcset=\"https:\/\/static-blogs.diariosur.es\/wp-content\/uploads\/sites\/12\/2025\/08\/f1.jpg 1100w, https:\/\/static-blogs.diariosur.es\/wp-content\/uploads\/sites\/12\/2025\/08\/f1-599x400.jpg 599w, https:\/\/static-blogs.diariosur.es\/wp-content\/uploads\/sites\/12\/2025\/08\/f1-611x408.jpg 611w, https:\/\/static-blogs.diariosur.es\/wp-content\/uploads\/sites\/12\/2025\/08\/f1-768x513.jpg 768w\" sizes=\"(max-width: 1100px) 100vw, 1100px\" \/><\/a><\/p>\n","protected":false},"excerpt":{"rendered":"<p>&nbsp; Buenos d\u00edas, amigos de la meteo. Ayer mi\u00e9rcoles, el Centro Meteorol\u00f3gico de M\u00e1laga capital registr\u00f3 35 \u00b0C, por ahora la temperatura m\u00e1s alta desde que comenz\u00f3 la ola de calor el d\u00eda 3. Curiosamente, aunque soplaba este, sureste, ten\u00edamos aire caliente y humedad baja, como pod\u00e9is ver en los gr\u00e1ficos que os pongo a [&hellip;]<\/p>\n","protected":false},"author":16,"featured_media":45736,"comment_status":"open","ping_status":"open","sticky":false,"template":"","format":"standard","meta":[],"categories":[2],"tags":[50,81,151,408,587,1250,975],"_links":{"self":[{"href":"https:\/\/blogs.diariosur.es\/tormentas-y-rayos\/wp-json\/wp\/v2\/posts\/45726"}],"collection":[{"href":"https:\/\/blogs.diariosur.es\/tormentas-y-rayos\/wp-json\/wp\/v2\/posts"}],"about":[{"href":"https:\/\/blogs.diariosur.es\/tormentas-y-rayos\/wp-json\/wp\/v2\/types\/post"}],"author":[{"embeddable":true,"href":"https:\/\/blogs.diariosur.es\/tormentas-y-rayos\/wp-json\/wp\/v2\/users\/16"}],"replies":[{"embeddable":true,"href":"https:\/\/blogs.diariosur.es\/tormentas-y-rayos\/wp-json\/wp\/v2\/comments?post=45726"}],"version-history":[{"count":10,"href":"https:\/\/blogs.diariosur.es\/tormentas-y-rayos\/wp-json\/wp\/v2\/posts\/45726\/revisions"}],"predecessor-version":[{"id":46497,"href":"https:\/\/blogs.diariosur.es\/tormentas-y-rayos\/wp-json\/wp\/v2\/posts\/45726\/revisions\/46497"}],"wp:featuredmedia":[{"embeddable":true,"href":"https:\/\/blogs.diariosur.es\/tormentas-y-rayos\/wp-json\/wp\/v2\/media\/45736"}],"wp:attachment":[{"href":"https:\/\/blogs.diariosur.es\/tormentas-y-rayos\/wp-json\/wp\/v2\/media?parent=45726"}],"wp:term":[{"taxonomy":"category","embeddable":true,"href":"https:\/\/blogs.diariosur.es\/tormentas-y-rayos\/wp-json\/wp\/v2\/categories?post=45726"},{"taxonomy":"post_tag","embeddable":true,"href":"https:\/\/blogs.diariosur.es\/tormentas-y-rayos\/wp-json\/wp\/v2\/tags?post=45726"}],"curies":[{"name":"wp","href":"https:\/\/api.w.org\/{rel}","templated":true}]}}