{"id":45762,"date":"2025-08-15T08:22:08","date_gmt":"2025-08-15T06:22:08","guid":{"rendered":"https:\/\/blogs.diariosur.es\/tormentas-y-rayos\/?p=45762"},"modified":"2025-10-04T10:01:28","modified_gmt":"2025-10-04T08:01:28","slug":"actualizacion-sorpresa-para-el-domingo-17-de-feria-ya-veremos","status":"publish","type":"post","link":"https:\/\/blogs.diariosur.es\/tormentas-y-rayos\/2025\/08\/15\/actualizacion-sorpresa-para-el-domingo-17-de-feria-ya-veremos\/","title":{"rendered":"Actualizaci\u00f3n. Sorpresa para el domingo 17 de feria, ya veremos"},"content":{"rendered":"<p><a href=\"https:\/\/static-blogs.diariosur.es\/wp-content\/uploads\/sites\/12\/2025\/07\/444912498_10228884468795449_97962860407814916_n.jpg\"><img loading=\"lazy\" class=\"aligncenter size-thumbnail wp-image-45498\" src=\"https:\/\/static-blogs.diariosur.es\/wp-content\/uploads\/sites\/12\/2025\/07\/444912498_10228884468795449_97962860407814916_n-150x150.jpg\" alt=\"\" width=\"150\" height=\"150\" \/><\/a><\/p>\n<p data-pm-slice=\"1 1 []\">Buenos d\u00edas, amigos de la meteo. Actualizo el post que ayer puse a las doce de la noche.<\/p>\n<p>Sorpresa: Se activa el aviso amarillo en Sol y Guadalhorce por m\u00e1ximas de 38 \u00b0C. En la comarca de Antequera, el naranja por 42 y Ronda, el naranja por 41 \u00b0C.<\/p>\n<p>De todas formas, para M\u00e1laga capital, no tengo claro si llegaremos a 38 \u00b0C e incluso menos. El viento en superficie es de sureste, aunque a 850 hPa (1500 m) es de noroeste. Esta noche con los modelos en mesoescala estar\u00e1 m\u00e1s claro. Es probable que en el aviso de Sol y Guadalhorce pongan una nota informativa de la zona con m\u00e1s probabilidad de llegar a los 38 \u00baC, e incluso m\u00e1s.<\/p>\n<p>Os paso el mapa de viento del europeo y los avisos. Fuente: Meteologix, Aemet<\/p>\n<p>&nbsp;<\/p>\n<p>&nbsp;<\/p>\n<p><a href=\"https:\/\/static-blogs.diariosur.es\/wp-content\/uploads\/sites\/12\/2025\/08\/viento.jpg\"><img loading=\"lazy\" class=\"aligncenter size-full wp-image-45763\" src=\"https:\/\/static-blogs.diariosur.es\/wp-content\/uploads\/sites\/12\/2025\/08\/viento.jpg\" alt=\"\" width=\"1141\" height=\"1140\" srcset=\"https:\/\/static-blogs.diariosur.es\/wp-content\/uploads\/sites\/12\/2025\/08\/viento.jpg 1141w, https:\/\/static-blogs.diariosur.es\/wp-content\/uploads\/sites\/12\/2025\/08\/viento-400x400.jpg 400w, https:\/\/static-blogs.diariosur.es\/wp-content\/uploads\/sites\/12\/2025\/08\/viento-408x408.jpg 408w, https:\/\/static-blogs.diariosur.es\/wp-content\/uploads\/sites\/12\/2025\/08\/viento-150x150.jpg 150w, https:\/\/static-blogs.diariosur.es\/wp-content\/uploads\/sites\/12\/2025\/08\/viento-768x767.jpg 768w\" sizes=\"(max-width: 1141px) 100vw, 1141px\" \/><\/a><\/p>\n<p>&nbsp;<\/p>\n<p><a href=\"https:\/\/static-blogs.diariosur.es\/wp-content\/uploads\/sites\/12\/2025\/08\/Screenshot_20250815_000125_Chrome-e1755209449668.jpg\"><img loading=\"lazy\" class=\"aligncenter size-large wp-image-45746\" src=\"https:\/\/static-blogs.diariosur.es\/wp-content\/uploads\/sites\/12\/2025\/08\/Screenshot_20250815_000125_Chrome-554x408.jpg\" alt=\"\" width=\"554\" height=\"408\" \/><\/a><\/p>\n<p>&nbsp;<\/p>\n<p><a href=\"https:\/\/static-blogs.diariosur.es\/wp-content\/uploads\/sites\/12\/2025\/08\/Screenshot_20250815_000703_Chrome.jpg\"><img loading=\"lazy\" class=\"aligncenter size-large wp-image-45747\" src=\"https:\/\/static-blogs.diariosur.es\/wp-content\/uploads\/sites\/12\/2025\/08\/Screenshot_20250815_000703_Chrome-530x408.jpg\" sizes=\"(max-width: 530px) 100vw, 530px\" srcset=\"https:\/\/static-blogs.diariosur.es\/wp-content\/uploads\/sites\/12\/2025\/08\/Screenshot_20250815_000703_Chrome-530x408.jpg 530w, https:\/\/static-blogs.diariosur.es\/wp-content\/uploads\/sites\/12\/2025\/08\/Screenshot_20250815_000703_Chrome-520x400.jpg 520w, https:\/\/static-blogs.diariosur.es\/wp-content\/uploads\/sites\/12\/2025\/08\/Screenshot_20250815_000703_Chrome-768x591.jpg 768w, https:\/\/static-blogs.diariosur.es\/wp-content\/uploads\/sites\/12\/2025\/08\/Screenshot_20250815_000703_Chrome.jpg 1440w\" alt=\"\" width=\"530\" height=\"408\" \/><\/a><\/p>\n<p><a href=\"https:\/\/static-blogs.diariosur.es\/wp-content\/uploads\/sites\/12\/2025\/08\/Screenshot_20250815_000102_Chrome.jpg\"><img loading=\"lazy\" class=\"aligncenter size-large wp-image-45750\" src=\"https:\/\/static-blogs.diariosur.es\/wp-content\/uploads\/sites\/12\/2025\/08\/Screenshot_20250815_000102_Chrome-472x408.jpg\" sizes=\"(max-width: 472px) 100vw, 472px\" srcset=\"https:\/\/static-blogs.diariosur.es\/wp-content\/uploads\/sites\/12\/2025\/08\/Screenshot_20250815_000102_Chrome-472x408.jpg 472w, https:\/\/static-blogs.diariosur.es\/wp-content\/uploads\/sites\/12\/2025\/08\/Screenshot_20250815_000102_Chrome-463x400.jpg 463w, https:\/\/static-blogs.diariosur.es\/wp-content\/uploads\/sites\/12\/2025\/08\/Screenshot_20250815_000102_Chrome-768x664.jpg 768w, https:\/\/static-blogs.diariosur.es\/wp-content\/uploads\/sites\/12\/2025\/08\/Screenshot_20250815_000102_Chrome.jpg 1440w\" alt=\"\" width=\"472\" height=\"408\" \/><\/a><\/p>\n<p>&nbsp;<\/p>\n<p>&nbsp;<\/p>\n","protected":false},"excerpt":{"rendered":"<p>Buenos d\u00edas, amigos de la meteo. Actualizo el post que ayer puse a las doce de la noche. Sorpresa: Se activa el aviso amarillo en Sol y Guadalhorce por m\u00e1ximas de 38 \u00b0C. En la comarca de Antequera, el naranja por 42 y Ronda, el naranja por 41 \u00b0C. De todas formas, para M\u00e1laga capital, [&hellip;]<\/p>\n","protected":false},"author":16,"featured_media":45672,"comment_status":"open","ping_status":"open","sticky":false,"template":"","format":"standard","meta":[],"categories":[2],"tags":[408,587],"_links":{"self":[{"href":"https:\/\/blogs.diariosur.es\/tormentas-y-rayos\/wp-json\/wp\/v2\/posts\/45762"}],"collection":[{"href":"https:\/\/blogs.diariosur.es\/tormentas-y-rayos\/wp-json\/wp\/v2\/posts"}],"about":[{"href":"https:\/\/blogs.diariosur.es\/tormentas-y-rayos\/wp-json\/wp\/v2\/types\/post"}],"author":[{"embeddable":true,"href":"https:\/\/blogs.diariosur.es\/tormentas-y-rayos\/wp-json\/wp\/v2\/users\/16"}],"replies":[{"embeddable":true,"href":"https:\/\/blogs.diariosur.es\/tormentas-y-rayos\/wp-json\/wp\/v2\/comments?post=45762"}],"version-history":[{"count":4,"href":"https:\/\/blogs.diariosur.es\/tormentas-y-rayos\/wp-json\/wp\/v2\/posts\/45762\/revisions"}],"predecessor-version":[{"id":46496,"href":"https:\/\/blogs.diariosur.es\/tormentas-y-rayos\/wp-json\/wp\/v2\/posts\/45762\/revisions\/46496"}],"wp:featuredmedia":[{"embeddable":true,"href":"https:\/\/blogs.diariosur.es\/tormentas-y-rayos\/wp-json\/wp\/v2\/media\/45672"}],"wp:attachment":[{"href":"https:\/\/blogs.diariosur.es\/tormentas-y-rayos\/wp-json\/wp\/v2\/media?parent=45762"}],"wp:term":[{"taxonomy":"category","embeddable":true,"href":"https:\/\/blogs.diariosur.es\/tormentas-y-rayos\/wp-json\/wp\/v2\/categories?post=45762"},{"taxonomy":"post_tag","embeddable":true,"href":"https:\/\/blogs.diariosur.es\/tormentas-y-rayos\/wp-json\/wp\/v2\/tags?post=45762"}],"curies":[{"name":"wp","href":"https:\/\/api.w.org\/{rel}","templated":true}]}}