{"id":45766,"date":"2025-08-16T08:08:33","date_gmt":"2025-08-16T06:08:33","guid":{"rendered":"https:\/\/blogs.diariosur.es\/tormentas-y-rayos\/?p=45766"},"modified":"2025-10-04T09:59:48","modified_gmt":"2025-10-04T07:59:48","slug":"las-ocho-provincias-andaluzas-en-avisos-rojo-naranja-y-amarillo-por-altas-temperaturas-manana-domingo-avance-prevision-18-y-19-feria-de-malaga","status":"publish","type":"post","link":"https:\/\/blogs.diariosur.es\/tormentas-y-rayos\/2025\/08\/16\/las-ocho-provincias-andaluzas-en-avisos-rojo-naranja-y-amarillo-por-altas-temperaturas-manana-domingo-avance-prevision-18-y-19-feria-de-malaga\/","title":{"rendered":"Las ocho provincias andaluzas en avisos rojo, naranja y amarillo por altas temperaturas ma\u00f1ana domingo. Avance previsi\u00f3n 18 y 19 Feria de M\u00e1laga"},"content":{"rendered":"<p><a href=\"https:\/\/static-blogs.diariosur.es\/wp-content\/uploads\/sites\/12\/2025\/07\/444912498_10228884468795449_97962860407814916_n.jpg\"><img loading=\"lazy\" class=\"aligncenter size-thumbnail wp-image-45498\" src=\"https:\/\/static-blogs.diariosur.es\/wp-content\/uploads\/sites\/12\/2025\/07\/444912498_10228884468795449_97962860407814916_n-150x150.jpg\" alt=\"\" width=\"150\" height=\"150\" \/><\/a><\/p>\n<p>&nbsp;<\/p>\n<p data-pm-slice=\"1 1 []\">Buenos d\u00edas, amigos de la meteo. Cuando son las seis de la ma\u00f1ana en M\u00e1laga capital, se registran estas temperaturas en las tres estaciones de la Aemet.<\/p>\n<p>M\u00e1laga Aeropuerto 23,8<\/p>\n<p>Centro Meteorol\u00f3gico 24,9<\/p>\n<p>M\u00e1laga Puerto 26 \u00b0C; en esta estaci\u00f3n no ha bajado de esta temperatura en toda la madrugada, nuevamente noche t\u00f3rrida. Temperatura del agua del mar: 25,8 \u00baC<\/p>\n<p>Ma\u00f1ana domingo y por primera vez este verano, las ocho provincias andaluzas entran en aviso por altas temperaturas. En algunos puntos de avisos rojos, pueden sobrepasar los 44 \u00b0C y 45 \u00b0C.<\/p>\n<p>Os paso el mapa de avisos de Andaluc\u00eda y la pen\u00ednsula.<\/p>\n<p>.<\/p>\n<p><a href=\"https:\/\/static-blogs.diariosur.es\/wp-content\/uploads\/sites\/12\/2025\/08\/Captura-de-pantalla-2025-08-16-072619.jpg\"><img loading=\"lazy\" class=\"aligncenter size-full wp-image-45774\" src=\"https:\/\/static-blogs.diariosur.es\/wp-content\/uploads\/sites\/12\/2025\/08\/Captura-de-pantalla-2025-08-16-072619.jpg\" alt=\"\" width=\"1044\" height=\"822\" srcset=\"https:\/\/static-blogs.diariosur.es\/wp-content\/uploads\/sites\/12\/2025\/08\/Captura-de-pantalla-2025-08-16-072619.jpg 1044w, https:\/\/static-blogs.diariosur.es\/wp-content\/uploads\/sites\/12\/2025\/08\/Captura-de-pantalla-2025-08-16-072619-508x400.jpg 508w, https:\/\/static-blogs.diariosur.es\/wp-content\/uploads\/sites\/12\/2025\/08\/Captura-de-pantalla-2025-08-16-072619-518x408.jpg 518w, https:\/\/static-blogs.diariosur.es\/wp-content\/uploads\/sites\/12\/2025\/08\/Captura-de-pantalla-2025-08-16-072619-768x605.jpg 768w\" sizes=\"(max-width: 1044px) 100vw, 1044px\" \/><\/a><\/p>\n<p>&nbsp;<\/p>\n<p><a href=\"https:\/\/static-blogs.diariosur.es\/wp-content\/uploads\/sites\/12\/2025\/08\/Captura-de-pantalla-2025-08-16-072535.jpg\"><img loading=\"lazy\" class=\"aligncenter size-full wp-image-45775\" src=\"https:\/\/static-blogs.diariosur.es\/wp-content\/uploads\/sites\/12\/2025\/08\/Captura-de-pantalla-2025-08-16-072535.jpg\" alt=\"\" width=\"1051\" height=\"808\" srcset=\"https:\/\/static-blogs.diariosur.es\/wp-content\/uploads\/sites\/12\/2025\/08\/Captura-de-pantalla-2025-08-16-072535.jpg 1051w, https:\/\/static-blogs.diariosur.es\/wp-content\/uploads\/sites\/12\/2025\/08\/Captura-de-pantalla-2025-08-16-072535-520x400.jpg 520w, https:\/\/static-blogs.diariosur.es\/wp-content\/uploads\/sites\/12\/2025\/08\/Captura-de-pantalla-2025-08-16-072535-531x408.jpg 531w, https:\/\/static-blogs.diariosur.es\/wp-content\/uploads\/sites\/12\/2025\/08\/Captura-de-pantalla-2025-08-16-072535-768x590.jpg 768w\" sizes=\"(max-width: 1051px) 100vw, 1051px\" \/><\/a><\/p>\n<p>&nbsp;<\/p>\n<p data-pm-slice=\"1 1 []\">Centr\u00e1ndonos en la provincia malague\u00f1a, el aviso en la comarca de Ronda es naranja por 41 \u00b0C, en la comarca de Antequera por 42\u00b0C; el aviso amarillo en Sol y Guadalhorce es por 38\u00b0C; en este aviso hay una nota informativa de la Aemet para el interior del valle del Guadalhorce, donde en algunos puntos pueden llegar a los <strong>42 \u00baC.<\/strong><\/p>\n<p>La masa de aire muy c\u00e1lida y seca de origen africano estar\u00e1 en su m\u00e1ximo apogeo, afectando a Andaluc\u00eda y otras zonas de la pen\u00ednsula e Islas Baleares. A 850 hpa (1500 m), la temperatura rondar\u00e1 entre los 28 \u00b0C y 30 \u00b0C. El viento tambi\u00e9n a 850 hpa ser\u00e1 de noroeste; aunque en superficie el viento sea de sureste, tendremos mucho calor. Nuevamente, espero fen\u00f3menos de subsidencia.<\/p>\n<h3><strong>Avance probable, predicci\u00f3n lunes 18 de agosto en la provincia de M\u00e1laga.<\/strong><\/h3>\n<p>Para el lunes 18, toda la provincia de M\u00e1laga entra en avisos por altas temperaturas. Curiosamente, tampoco se ve viento de terral.<\/p>\n<p>Comarca de Ronda: aviso amarillo por m\u00e1ximas de 38 \u00baC.<\/p>\n<p>Comarca de Antequera: aviso naranja por m\u00e1ximas de 40 \u00baC<\/p>\n<p>Axarqu\u00eda: aviso amarillo por m\u00e1ximas de 37 \u00baC.<\/p>\n<p>Sol y Guadalhorce, aviso amarillo. Temperatura m\u00e1xima: 37 \u00baC. Se pueden alcanzar los 40 \u00b0C en el interior de la comarca del Guadalhorce.<\/p>\n<p>Ma\u00f1ana domingo, con el modelo en mesoescala Harmonie, estar\u00e1 m\u00e1s clara la predicci\u00f3n del lunes. Os pongo el mapa de avisos para el lunes.<\/p>\n<p>&nbsp;<\/p>\n<p>&nbsp;<\/p>\n<p><a href=\"https:\/\/static-blogs.diariosur.es\/wp-content\/uploads\/sites\/12\/2025\/08\/z-1.jpg\"><img loading=\"lazy\" class=\"aligncenter size-full wp-image-45778\" src=\"https:\/\/static-blogs.diariosur.es\/wp-content\/uploads\/sites\/12\/2025\/08\/z-1.jpg\" alt=\"\" width=\"1042\" height=\"805\" srcset=\"https:\/\/static-blogs.diariosur.es\/wp-content\/uploads\/sites\/12\/2025\/08\/z-1.jpg 1042w, https:\/\/static-blogs.diariosur.es\/wp-content\/uploads\/sites\/12\/2025\/08\/z-1-518x400.jpg 518w, https:\/\/static-blogs.diariosur.es\/wp-content\/uploads\/sites\/12\/2025\/08\/z-1-528x408.jpg 528w, https:\/\/static-blogs.diariosur.es\/wp-content\/uploads\/sites\/12\/2025\/08\/z-1-768x593.jpg 768w\" sizes=\"(max-width: 1042px) 100vw, 1042px\" \/><\/a><\/p>\n<p>&nbsp;<\/p>\n<h3 data-pm-slice=\"1 1 []\"><strong>Avance probable, predicci\u00f3n martes 19 de agosto en la provincia de M\u00e1laga.<\/strong><\/h3>\n<p>A partir del martes 19,\u00a0s\u00ed tendremos una probabilidad alta de viento de <strong>terral y poniente<\/strong> en las zonas habituales de la costa malague\u00f1a; soplar\u00e1 de <strong>moderado a fuerte.<\/strong> Aunque a\u00fan no est\u00e1n los avisos por altas temperaturas, es muy probable que solo se activen en Sol, Guadalhorce y Axarqu\u00eda. Ya iremos viendo qu\u00e9 m\u00e1ximas tendremos. Por fin ir\u00e1 bajando la temperatura del agua del mar.<\/p>\n<p><strong>Si me pregunt\u00e1is para el d\u00eda 20, hay tambi\u00e9n probabilidad de terral.\u00a0<\/strong><\/p>\n<p>&nbsp;<\/p>\n<p>Os dejo con estas fotos que hice tal d\u00eda como hoy del a\u00f1o 2015.<\/p>\n<p>&nbsp;<\/p>\n<p><a href=\"https:\/\/static-blogs.diariosur.es\/wp-content\/uploads\/sites\/12\/2025\/08\/465714959_10230674276819531_2634986085977879313_n-e1755323561290.jpg\"><img loading=\"lazy\" class=\"aligncenter size-full wp-image-45776\" src=\"https:\/\/static-blogs.diariosur.es\/wp-content\/uploads\/sites\/12\/2025\/08\/465714959_10230674276819531_2634986085977879313_n-e1755323561290.jpg\" alt=\"\" width=\"1100\" height=\"734\" \/><\/a><\/p>\n<p>&nbsp;<\/p>\n<p><a href=\"https:\/\/static-blogs.diariosur.es\/wp-content\/uploads\/sites\/12\/2025\/08\/466087747_10230674276939534_4065675117618663123_n-e1755323586910.jpg\"><img loading=\"lazy\" class=\"aligncenter size-full wp-image-45777\" src=\"https:\/\/static-blogs.diariosur.es\/wp-content\/uploads\/sites\/12\/2025\/08\/466087747_10230674276939534_4065675117618663123_n-e1755323586910.jpg\" alt=\"\" width=\"1100\" height=\"734\" \/><\/a><\/p>\n<p>&nbsp;<\/p>\n<p>&nbsp;<\/p>\n<p>&nbsp;<\/p>\n<p>&nbsp;<\/p>\n<blockquote><p>&nbsp;<\/p><\/blockquote>\n<p>&nbsp;<\/p>\n","protected":false},"excerpt":{"rendered":"<p>&nbsp; Buenos d\u00edas, amigos de la meteo. Cuando son las seis de la ma\u00f1ana en M\u00e1laga capital, se registran estas temperaturas en las tres estaciones de la Aemet. M\u00e1laga Aeropuerto 23,8 Centro Meteorol\u00f3gico 24,9 M\u00e1laga Puerto 26 \u00b0C; en esta estaci\u00f3n no ha bajado de esta temperatura en toda la madrugada, nuevamente noche t\u00f3rrida. Temperatura [&hellip;]<\/p>\n","protected":false},"author":16,"featured_media":45777,"comment_status":"open","ping_status":"open","sticky":false,"template":"","format":"standard","meta":[],"categories":[2],"tags":[81,151,212,358,408,587,676,732,872,962,975],"_links":{"self":[{"href":"https:\/\/blogs.diariosur.es\/tormentas-y-rayos\/wp-json\/wp\/v2\/posts\/45766"}],"collection":[{"href":"https:\/\/blogs.diariosur.es\/tormentas-y-rayos\/wp-json\/wp\/v2\/posts"}],"about":[{"href":"https:\/\/blogs.diariosur.es\/tormentas-y-rayos\/wp-json\/wp\/v2\/types\/post"}],"author":[{"embeddable":true,"href":"https:\/\/blogs.diariosur.es\/tormentas-y-rayos\/wp-json\/wp\/v2\/users\/16"}],"replies":[{"embeddable":true,"href":"https:\/\/blogs.diariosur.es\/tormentas-y-rayos\/wp-json\/wp\/v2\/comments?post=45766"}],"version-history":[{"count":12,"href":"https:\/\/blogs.diariosur.es\/tormentas-y-rayos\/wp-json\/wp\/v2\/posts\/45766\/revisions"}],"predecessor-version":[{"id":46494,"href":"https:\/\/blogs.diariosur.es\/tormentas-y-rayos\/wp-json\/wp\/v2\/posts\/45766\/revisions\/46494"}],"wp:featuredmedia":[{"embeddable":true,"href":"https:\/\/blogs.diariosur.es\/tormentas-y-rayos\/wp-json\/wp\/v2\/media\/45777"}],"wp:attachment":[{"href":"https:\/\/blogs.diariosur.es\/tormentas-y-rayos\/wp-json\/wp\/v2\/media?parent=45766"}],"wp:term":[{"taxonomy":"category","embeddable":true,"href":"https:\/\/blogs.diariosur.es\/tormentas-y-rayos\/wp-json\/wp\/v2\/categories?post=45766"},{"taxonomy":"post_tag","embeddable":true,"href":"https:\/\/blogs.diariosur.es\/tormentas-y-rayos\/wp-json\/wp\/v2\/tags?post=45766"}],"curies":[{"name":"wp","href":"https:\/\/api.w.org\/{rel}","templated":true}]}}