{"id":45786,"date":"2025-08-17T07:49:23","date_gmt":"2025-08-17T05:49:23","guid":{"rendered":"https:\/\/blogs.diariosur.es\/tormentas-y-rayos\/?p=45786"},"modified":"2025-10-04T09:57:05","modified_gmt":"2025-10-04T07:57:05","slug":"la-estacion-de-la-aemet-del-puerto-de-malaga-registra-la-madrugada-mas-calurosa-desde-que-comenzo-en-verano","status":"publish","type":"post","link":"https:\/\/blogs.diariosur.es\/tormentas-y-rayos\/2025\/08\/17\/la-estacion-de-la-aemet-del-puerto-de-malaga-registra-la-madrugada-mas-calurosa-desde-que-comenzo-en-verano\/","title":{"rendered":"La estaci\u00f3n de la Aemet del Puerto de M\u00e1laga, registra la madrugada m\u00e1s calurosa desde que comenz\u00f3 en verano"},"content":{"rendered":"<p><a href=\"https:\/\/static-blogs.diariosur.es\/wp-content\/uploads\/sites\/12\/2025\/07\/444912498_10228884468795449_97962860407814916_n-1.jpg\"><img loading=\"lazy\" class=\"aligncenter size-thumbnail wp-image-45529\" src=\"https:\/\/static-blogs.diariosur.es\/wp-content\/uploads\/sites\/12\/2025\/07\/444912498_10228884468795449_97962860407814916_n-1-150x150.jpg\" alt=\"\" width=\"150\" height=\"150\" \/><\/a><\/p>\n<p data-pm-slice=\"1 1 []\">Buenos d\u00edas, amigos de la meteo. Cuando son las siete de la ma\u00f1ana en M\u00e1laga capital, mi estaci\u00f3n situada en Avda. Ortega y Gasset registra en estos momentos 29,3 \u00baC, los cielos est\u00e1n despejados, el viento sopla flojo de direcci\u00f3n variable y la humedad es del 32%. Por lo menos no hemos sudado mucho. La temperatura del agua del mar es de 25 \u00baC y la mar de momento est\u00e1 en calma.<\/p>\n<p>Durante la madrugada de hoy domingo, la estaci\u00f3n de la Aemet del Puerto no ha bajado de los 28 \u00baC; ha sido la madrugada m\u00e1s calurosa desde que comenz\u00f3 el verano. En las otras dos estaciones de la Aemet han rondado los 25 \u00baC.<\/p>\n<p>&nbsp;<\/p>\n<p><a href=\"https:\/\/static-blogs.diariosur.es\/wp-content\/uploads\/sites\/12\/2025\/08\/puerto-torrida-e1755406012504.jpg\"><img loading=\"lazy\" class=\"aligncenter size-full wp-image-45787\" src=\"https:\/\/static-blogs.diariosur.es\/wp-content\/uploads\/sites\/12\/2025\/08\/puerto-torrida-e1755406013478.jpg\" alt=\"\" width=\"1200\" height=\"566\" \/><\/a><\/p>\n<p>&nbsp;<\/p>\n<p data-pm-slice=\"1 1 []\">Como muchos sab\u00e9is, hoy domingo, pen\u00faltimo d\u00eda de la ola de calor, tendremos un d\u00eda caluroso en toda la provincia. El viento no ser\u00e1 de terral en las zonas habituales, pero estamos en avisos por altas temperaturas en Sol y Guadalhorce. Ma\u00f1ana entra en aviso toda la provincia malague\u00f1a, pero tampoco se espera terral.<\/p>\n<p>&nbsp;<\/p>\n<p><strong>El terral se espera el martes y mi\u00e9rcoles; esta tarde o ma\u00f1ana, con los modelos actualizados, veremos los avisos y temperaturas m\u00e1ximas que pueden darse en las zonas habituales. Os adelanto que el mi\u00e9rcoles el terral ser\u00e1 flojito en cuanto a temperatura.<\/strong><\/p>\n<p>&nbsp;<\/p>\n<p>Os paso el mapa de avisos por altas temperaturas actualizados para hoy domingo y ma\u00f1ana lunes. Fuente: Aemet.<\/p>\n<p>&nbsp;<\/p>\n<p><a href=\"https:\/\/static-blogs.diariosur.es\/wp-content\/uploads\/sites\/12\/2025\/08\/Captura-de-pantalla-2025-08-17-072430.jpg\"><img loading=\"lazy\" class=\"aligncenter size-full wp-image-45788\" src=\"https:\/\/static-blogs.diariosur.es\/wp-content\/uploads\/sites\/12\/2025\/08\/Captura-de-pantalla-2025-08-17-072430.jpg\" alt=\"\" width=\"1051\" height=\"813\" srcset=\"https:\/\/static-blogs.diariosur.es\/wp-content\/uploads\/sites\/12\/2025\/08\/Captura-de-pantalla-2025-08-17-072430.jpg 1051w, https:\/\/static-blogs.diariosur.es\/wp-content\/uploads\/sites\/12\/2025\/08\/Captura-de-pantalla-2025-08-17-072430-517x400.jpg 517w, https:\/\/static-blogs.diariosur.es\/wp-content\/uploads\/sites\/12\/2025\/08\/Captura-de-pantalla-2025-08-17-072430-527x408.jpg 527w, https:\/\/static-blogs.diariosur.es\/wp-content\/uploads\/sites\/12\/2025\/08\/Captura-de-pantalla-2025-08-17-072430-768x594.jpg 768w\" sizes=\"(max-width: 1051px) 100vw, 1051px\" \/><\/a><\/p>\n<p>&nbsp;<\/p>\n<p><a href=\"https:\/\/static-blogs.diariosur.es\/wp-content\/uploads\/sites\/12\/2025\/08\/Captura-de-pantalla-2025-08-17-074303.jpg\"><img loading=\"lazy\" class=\"aligncenter size-full wp-image-45789\" src=\"https:\/\/static-blogs.diariosur.es\/wp-content\/uploads\/sites\/12\/2025\/08\/Captura-de-pantalla-2025-08-17-074303.jpg\" alt=\"\" width=\"1041\" height=\"816\" srcset=\"https:\/\/static-blogs.diariosur.es\/wp-content\/uploads\/sites\/12\/2025\/08\/Captura-de-pantalla-2025-08-17-074303.jpg 1041w, https:\/\/static-blogs.diariosur.es\/wp-content\/uploads\/sites\/12\/2025\/08\/Captura-de-pantalla-2025-08-17-074303-510x400.jpg 510w, https:\/\/static-blogs.diariosur.es\/wp-content\/uploads\/sites\/12\/2025\/08\/Captura-de-pantalla-2025-08-17-074303-521x408.jpg 521w, https:\/\/static-blogs.diariosur.es\/wp-content\/uploads\/sites\/12\/2025\/08\/Captura-de-pantalla-2025-08-17-074303-768x602.jpg 768w\" sizes=\"(max-width: 1041px) 100vw, 1041px\" \/><\/a><\/p>\n<p>&nbsp;<\/p>\n<p>Os dejo con esta foto de mi amiga Nany Lavado. Ojala se pinche el sol ,jijijijiji<\/p>\n<p>&nbsp;<\/p>\n<p><a href=\"https:\/\/static-blogs.diariosur.es\/wp-content\/uploads\/sites\/12\/2025\/08\/471703191_10231309374056565_8281408816248168855_n.jpg\"><img loading=\"lazy\" class=\"aligncenter size-full wp-image-45790\" src=\"https:\/\/static-blogs.diariosur.es\/wp-content\/uploads\/sites\/12\/2025\/08\/471703191_10231309374056565_8281408816248168855_n.jpg\" alt=\"\" width=\"700\" height=\"1050\" srcset=\"https:\/\/static-blogs.diariosur.es\/wp-content\/uploads\/sites\/12\/2025\/08\/471703191_10231309374056565_8281408816248168855_n.jpg 700w, https:\/\/static-blogs.diariosur.es\/wp-content\/uploads\/sites\/12\/2025\/08\/471703191_10231309374056565_8281408816248168855_n-267x400.jpg 267w, https:\/\/static-blogs.diariosur.es\/wp-content\/uploads\/sites\/12\/2025\/08\/471703191_10231309374056565_8281408816248168855_n-272x408.jpg 272w\" sizes=\"(max-width: 700px) 100vw, 700px\" \/><\/a><\/p>\n","protected":false},"excerpt":{"rendered":"<p>Buenos d\u00edas, amigos de la meteo. Cuando son las siete de la ma\u00f1ana en M\u00e1laga capital, mi estaci\u00f3n situada en Avda. Ortega y Gasset registra en estos momentos 29,3 \u00baC, los cielos est\u00e1n despejados, el viento sopla flojo de direcci\u00f3n variable y la humedad es del 32%. Por lo menos no hemos sudado mucho. La [&hellip;]<\/p>\n","protected":false},"author":16,"featured_media":45790,"comment_status":"open","ping_status":"open","sticky":false,"template":"","format":"standard","meta":[],"categories":[2],"tags":[81,100,151,212,408,587,676,732,872,962],"_links":{"self":[{"href":"https:\/\/blogs.diariosur.es\/tormentas-y-rayos\/wp-json\/wp\/v2\/posts\/45786"}],"collection":[{"href":"https:\/\/blogs.diariosur.es\/tormentas-y-rayos\/wp-json\/wp\/v2\/posts"}],"about":[{"href":"https:\/\/blogs.diariosur.es\/tormentas-y-rayos\/wp-json\/wp\/v2\/types\/post"}],"author":[{"embeddable":true,"href":"https:\/\/blogs.diariosur.es\/tormentas-y-rayos\/wp-json\/wp\/v2\/users\/16"}],"replies":[{"embeddable":true,"href":"https:\/\/blogs.diariosur.es\/tormentas-y-rayos\/wp-json\/wp\/v2\/comments?post=45786"}],"version-history":[{"count":3,"href":"https:\/\/blogs.diariosur.es\/tormentas-y-rayos\/wp-json\/wp\/v2\/posts\/45786\/revisions"}],"predecessor-version":[{"id":46493,"href":"https:\/\/blogs.diariosur.es\/tormentas-y-rayos\/wp-json\/wp\/v2\/posts\/45786\/revisions\/46493"}],"wp:featuredmedia":[{"embeddable":true,"href":"https:\/\/blogs.diariosur.es\/tormentas-y-rayos\/wp-json\/wp\/v2\/media\/45790"}],"wp:attachment":[{"href":"https:\/\/blogs.diariosur.es\/tormentas-y-rayos\/wp-json\/wp\/v2\/media?parent=45786"}],"wp:term":[{"taxonomy":"category","embeddable":true,"href":"https:\/\/blogs.diariosur.es\/tormentas-y-rayos\/wp-json\/wp\/v2\/categories?post=45786"},{"taxonomy":"post_tag","embeddable":true,"href":"https:\/\/blogs.diariosur.es\/tormentas-y-rayos\/wp-json\/wp\/v2\/tags?post=45786"}],"curies":[{"name":"wp","href":"https:\/\/api.w.org\/{rel}","templated":true}]}}