{"id":45793,"date":"2025-08-17T19:44:01","date_gmt":"2025-08-17T17:44:01","guid":{"rendered":"https:\/\/blogs.diariosur.es\/tormentas-y-rayos\/?p=45793"},"modified":"2025-10-04T09:54:35","modified_gmt":"2025-10-04T07:54:35","slug":"el-interior-de-la-provincia-malaguena-registra-en-conjunto-las-temperaturas-mas-altas-del-verano-2025","status":"publish","type":"post","link":"https:\/\/blogs.diariosur.es\/tormentas-y-rayos\/2025\/08\/17\/el-interior-de-la-provincia-malaguena-registra-en-conjunto-las-temperaturas-mas-altas-del-verano-2025\/","title":{"rendered":"El interior de la provincia malague\u00f1a registra hoy domingo, en conjunto, las temperaturas m\u00e1s altas del verano 2025"},"content":{"rendered":"<p><a href=\"https:\/\/static-blogs.diariosur.es\/wp-content\/uploads\/sites\/12\/2025\/07\/444912498_10228884468795449_97962860407814916_n-1.jpg\"><img loading=\"lazy\" class=\"aligncenter size-thumbnail wp-image-45529\" src=\"https:\/\/static-blogs.diariosur.es\/wp-content\/uploads\/sites\/12\/2025\/07\/444912498_10228884468795449_97962860407814916_n-1-150x150.jpg\" alt=\"\" width=\"150\" height=\"150\" \/><\/a><\/p>\n<p data-pm-slice=\"1 1 []\">Buenas tardes, amigos de la meteo. La provincia malague\u00f1a, sobre todo en su interior, ha registrado las temperaturas m\u00e1ximas m\u00e1s altas desde que comenz\u00f3 el verano 2025.<\/p>\n<p>En M\u00e1laga capital destaca el Centro Meteorol\u00f3gico con 36,2 \u00b0C sin terral, por ahora la m\u00e1s alta desde que comenz\u00f3 la ola de calor. En el aeropuerto se han registrado 35 \u00b0C y en el puerto 32,5 \u00b0C.<\/p>\n<p>Os pongo datos de Aemet, Meteoclimatic y Wunderground del interior de la provincia.<\/p>\n<p>Antequera 41,4 \u00b0C<\/p>\n<p>Fuente de Piedra 42,5 \u00b0C<\/p>\n<p>\u00c1lora 42,6 \u00b0C<\/p>\n<p>Ronda 42,6 \u00b0C<\/p>\n<p>Alpandeire 40,9 \u00b0C<\/p>\n<p>Cortes de la Frontera 40,5 \u00b0C<\/p>\n<p>Archidona Vega\u00a043,2 \u00b0C<\/p>\n<p>Alameda\u00a043,2 \u00b0C<\/p>\n<p>Algatoc\u00edn\u00a040,4 \u00b0C<\/p>\n<p>El Colmenar las Buitreras\u00a040,8 \u00b0C<\/p>\n<p>Tolox 41 \u00b0C<\/p>\n<p>Campillos 43 \u00b0C<\/p>\n<p>Al margen 42,9 \u00b0C<\/p>\n<p>Arriate\u00a041,8 C<\/p>\n<p>Gauc\u00edn 40 \u00b0C<\/p>\n<p>Casabermeja Arroyo Cauche 40 \u00b0C<\/p>\n<p>El Borge 39 \u00b0C<\/p>\n<p>Almachar 38,9 \u00b0C<\/p>\n<p>Villanueva del Trabuco 41,7 \u00b0C<\/p>\n<p>Villanueva del Rosario\u00a040,3 \u00b0C<\/p>\n<p>Cuevas de San Marcos\u00a042 \u00b0C<\/p>\n<p>Villanueva de Tapia\u00a042,7 \u00b0C<\/p>\n<p>Al margen 41,8 \u00b0C<\/p>\n<p>El Burgo\u00a039,7 \u00b0C<\/p>\n<p>Alhaur\u00edn el Grande\u00a041,7<\/p>\n<p>Coin\u00a042 \u00b0C<\/p>\n<p>Pizarra\u00a041 \u00b0C<\/p>\n<p>C\u00e1rtama Sierra Llana 38,1<\/p>\n<p>Bobadilla 43 \u00b0C<\/p>\n<p>Humilladero 42,7 \u00b0C<\/p>\n<p>Nos vemos ma\u00f1ana.<\/p>\n<p>&nbsp;<\/p>\n<p>&nbsp;<\/p>\n<p>&nbsp;<\/p>\n","protected":false},"excerpt":{"rendered":"<p>Buenas tardes, amigos de la meteo. La provincia malague\u00f1a, sobre todo en su interior, ha registrado las temperaturas m\u00e1ximas m\u00e1s altas desde que comenz\u00f3 el verano 2025. En M\u00e1laga capital destaca el Centro Meteorol\u00f3gico con 36,2 \u00b0C sin terral, por ahora la m\u00e1s alta desde que comenz\u00f3 la ola de calor. En el aeropuerto se [&hellip;]<\/p>\n","protected":false},"author":16,"featured_media":45268,"comment_status":"open","ping_status":"open","sticky":false,"template":"","format":"standard","meta":[],"categories":[2],"tags":[212,732],"_links":{"self":[{"href":"https:\/\/blogs.diariosur.es\/tormentas-y-rayos\/wp-json\/wp\/v2\/posts\/45793"}],"collection":[{"href":"https:\/\/blogs.diariosur.es\/tormentas-y-rayos\/wp-json\/wp\/v2\/posts"}],"about":[{"href":"https:\/\/blogs.diariosur.es\/tormentas-y-rayos\/wp-json\/wp\/v2\/types\/post"}],"author":[{"embeddable":true,"href":"https:\/\/blogs.diariosur.es\/tormentas-y-rayos\/wp-json\/wp\/v2\/users\/16"}],"replies":[{"embeddable":true,"href":"https:\/\/blogs.diariosur.es\/tormentas-y-rayos\/wp-json\/wp\/v2\/comments?post=45793"}],"version-history":[{"count":14,"href":"https:\/\/blogs.diariosur.es\/tormentas-y-rayos\/wp-json\/wp\/v2\/posts\/45793\/revisions"}],"predecessor-version":[{"id":46491,"href":"https:\/\/blogs.diariosur.es\/tormentas-y-rayos\/wp-json\/wp\/v2\/posts\/45793\/revisions\/46491"}],"wp:featuredmedia":[{"embeddable":true,"href":"https:\/\/blogs.diariosur.es\/tormentas-y-rayos\/wp-json\/wp\/v2\/media\/45268"}],"wp:attachment":[{"href":"https:\/\/blogs.diariosur.es\/tormentas-y-rayos\/wp-json\/wp\/v2\/media?parent=45793"}],"wp:term":[{"taxonomy":"category","embeddable":true,"href":"https:\/\/blogs.diariosur.es\/tormentas-y-rayos\/wp-json\/wp\/v2\/categories?post=45793"},{"taxonomy":"post_tag","embeddable":true,"href":"https:\/\/blogs.diariosur.es\/tormentas-y-rayos\/wp-json\/wp\/v2\/tags?post=45793"}],"curies":[{"name":"wp","href":"https:\/\/api.w.org\/{rel}","templated":true}]}}