{"id":45806,"date":"2025-08-18T07:55:43","date_gmt":"2025-08-18T05:55:43","guid":{"rendered":"https:\/\/blogs.diariosur.es\/tormentas-y-rayos\/?p=45806"},"modified":"2025-10-04T09:52:08","modified_gmt":"2025-10-04T07:52:08","slug":"la-magia-del-rio-suas-o-zuas-en-pleno-agosto-en-el-valle-de-genal-espectacular-madrugada-infernal-en-malaga","status":"publish","type":"post","link":"https:\/\/blogs.diariosur.es\/tormentas-y-rayos\/2025\/08\/18\/la-magia-del-rio-suas-o-zuas-en-pleno-agosto-en-el-valle-de-genal-espectacular-madrugada-infernal-en-malaga\/","title":{"rendered":"La magia del r\u00edo S\u00faas o Z\u00faas en pleno agosto en el Valle del Genal, espectacular. Madrugada infernal en M\u00e1laga"},"content":{"rendered":"<p><a href=\"https:\/\/static-blogs.diariosur.es\/wp-content\/uploads\/sites\/12\/2025\/07\/72999690_10217709542349272_7908844429161529344_n.jpg\"><img loading=\"lazy\" class=\"aligncenter size-thumbnail wp-image-45292\" src=\"https:\/\/static-blogs.diariosur.es\/wp-content\/uploads\/sites\/12\/2025\/07\/72999690_10217709542349272_7908844429161529344_n-150x150.jpg\" alt=\"\" width=\"150\" height=\"150\" \/><\/a><\/p>\n<p data-pm-slice=\"1 1 []\">Buenos d\u00edas, amigos de la meteo. Con el video y la foto que os pondr\u00e9 al final del post seguro que os refrescar\u00e9is, porque la noche y la madrugada han sido infernales; en esta ocasi\u00f3n la humedad ha sido un poco m\u00e1s alta. Las tres estaciones de la AEMET que tenemos en la capital no han bajado de 27 \u00baC y 26 \u00baC; incluso hemos tenido picos de<strong> 30 \u00baC y 32 \u00baC.\u00a0<\/strong><\/p>\n<p>&nbsp;<\/p>\n<p><a href=\"https:\/\/static-blogs.diariosur.es\/wp-content\/uploads\/sites\/12\/2025\/08\/puerto-3-e1755494842219.jpg\"><img loading=\"lazy\" class=\"aligncenter size-full wp-image-45809\" src=\"https:\/\/static-blogs.diariosur.es\/wp-content\/uploads\/sites\/12\/2025\/08\/puerto-3-e1755494842219.jpg\" alt=\"\" width=\"1100\" height=\"503\" \/><\/a><a href=\"https:\/\/static-blogs.diariosur.es\/wp-content\/uploads\/sites\/12\/2025\/08\/aeropuerto-e1755494876131.jpg\"><img loading=\"lazy\" class=\"aligncenter size-full wp-image-45810\" src=\"https:\/\/static-blogs.diariosur.es\/wp-content\/uploads\/sites\/12\/2025\/08\/aeropuerto-e1755494876131.jpg\" alt=\"\" width=\"1100\" height=\"505\" \/><\/a><a href=\"https:\/\/static-blogs.diariosur.es\/wp-content\/uploads\/sites\/12\/2025\/08\/centro-meteorologico-e1755494969832.jpg\"><img loading=\"lazy\" class=\"aligncenter size-full wp-image-45811\" src=\"https:\/\/static-blogs.diariosur.es\/wp-content\/uploads\/sites\/12\/2025\/08\/centro-meteorologico-e1755494969832.jpg\" alt=\"\" width=\"1100\" height=\"499\" \/><\/a> Como muchos ayer estabais de feria por la tarde noche, os vuelvo a poner la actualizaci\u00f3n del blog.<\/p>\n<h3 class=\"voc-blogs-section\"><a href=\"https:\/\/blogs.diariosur.es\/tormentas-y-rayos\/2025\/08\/17\/el-interior-de-la-provincia-malaguena-registra-en-conjunto-las-temperaturas-mas-altas-del-verano-2025\/\"><strong>El interior de la provincia malague\u00f1a registra hoy domingo en conjunto, las temperaturas m\u00e1s altas del verano 2025<\/strong><\/a><\/h3>\n<p data-pm-slice=\"1 1 []\">Hoy lunes es muy probable que se repita la jugada de ayer; al final del d\u00eda lo veremos. Recordar que toda la provincia est\u00e1 en aviso por altas temperaturas.<\/p>\n<p><strong>Ma\u00f1ana martes s\u00ed tendremos terral y poniente en las zonas habituales de la costa malague\u00f1a; espero rachas de moderadas a fuertes a partir de primeras horas de la tarde. De momento se activa el aviso amarillo en Sol y Guadalhorce por m\u00e1ximas que rondar\u00e1n los 37 \u00baC y 38 \u00baC; lo m\u00e1s probable es que en la nueva actualizaci\u00f3n de los avisos entre tambi\u00e9n la Axarqu\u00eda, e incluso activen el naranja en Sol y Guadalhorce.<\/strong><\/p>\n<h3><strong>La magia del r\u00edo S\u00faas o Z\u00faas en pleno agosto en el Valle de Genal, espectacular.<\/strong><\/h3>\n<p>El r\u00edo S\u00faas o Z\u00faas,\u00a0que nace bajo las casas azules de J\u00fazcar, tiene tan solo 3 km de longitud, pero es uno de los principales afluentes del r\u00edo Genal. En su cauce se encuentra la Sima del Diablo, donde se puede practicar barranquismo durante todo el a\u00f1o. Ayer domingo, mi amigo Jes\u00fas, acompa\u00f1ado de sus amigos, no pasaron calor. El agua estaba muy fresquita.<\/p>\n<p>Muchas gracias, amigo Antonio Jes\u00fas, un fuerte abrazo.<\/p>\n<p>&nbsp;<\/p>\n<p>&nbsp;<\/p>\n<p><iframe loading=\"lazy\" title=\"YouTube video player\" src=\"https:\/\/www.youtube.com\/embed\/zvjNCDTD1p4?si=l1XYWtTAeojpbTOo\" width=\"560\" height=\"315\" frameborder=\"0\" allowfullscreen=\"allowfullscreen\"><\/iframe>;<\/p>\n<p>&nbsp;<\/p>\n<p>&nbsp;<\/p>\n<p><a href=\"https:\/\/static-blogs.diariosur.es\/wp-content\/uploads\/sites\/12\/2025\/08\/jesus.jpg\"><img loading=\"lazy\" class=\"aligncenter size-full wp-image-45815\" src=\"https:\/\/static-blogs.diariosur.es\/wp-content\/uploads\/sites\/12\/2025\/08\/jesus.jpg\" alt=\"\" width=\"500\" height=\"1071\" srcset=\"https:\/\/static-blogs.diariosur.es\/wp-content\/uploads\/sites\/12\/2025\/08\/jesus.jpg 500w, https:\/\/static-blogs.diariosur.es\/wp-content\/uploads\/sites\/12\/2025\/08\/jesus-187x400.jpg 187w, https:\/\/static-blogs.diariosur.es\/wp-content\/uploads\/sites\/12\/2025\/08\/jesus-190x408.jpg 190w\" sizes=\"(max-width: 500px) 100vw, 500px\" \/><\/a><\/p>\n","protected":false},"excerpt":{"rendered":"<p>Buenos d\u00edas, amigos de la meteo. Con el video y la foto que os pondr\u00e9 al final del post seguro que os refrescar\u00e9is, porque la noche y la madrugada han sido infernales; en esta ocasi\u00f3n la humedad ha sido un poco m\u00e1s alta. Las tres estaciones de la AEMET que tenemos en la capital no [&hellip;]<\/p>\n","protected":false},"author":16,"featured_media":45815,"comment_status":"open","ping_status":"open","sticky":false,"template":"","format":"standard","meta":[],"categories":[2],"tags":[212,1629,2062,732,865,2061],"_links":{"self":[{"href":"https:\/\/blogs.diariosur.es\/tormentas-y-rayos\/wp-json\/wp\/v2\/posts\/45806"}],"collection":[{"href":"https:\/\/blogs.diariosur.es\/tormentas-y-rayos\/wp-json\/wp\/v2\/posts"}],"about":[{"href":"https:\/\/blogs.diariosur.es\/tormentas-y-rayos\/wp-json\/wp\/v2\/types\/post"}],"author":[{"embeddable":true,"href":"https:\/\/blogs.diariosur.es\/tormentas-y-rayos\/wp-json\/wp\/v2\/users\/16"}],"replies":[{"embeddable":true,"href":"https:\/\/blogs.diariosur.es\/tormentas-y-rayos\/wp-json\/wp\/v2\/comments?post=45806"}],"version-history":[{"count":6,"href":"https:\/\/blogs.diariosur.es\/tormentas-y-rayos\/wp-json\/wp\/v2\/posts\/45806\/revisions"}],"predecessor-version":[{"id":46489,"href":"https:\/\/blogs.diariosur.es\/tormentas-y-rayos\/wp-json\/wp\/v2\/posts\/45806\/revisions\/46489"}],"wp:featuredmedia":[{"embeddable":true,"href":"https:\/\/blogs.diariosur.es\/tormentas-y-rayos\/wp-json\/wp\/v2\/media\/45815"}],"wp:attachment":[{"href":"https:\/\/blogs.diariosur.es\/tormentas-y-rayos\/wp-json\/wp\/v2\/media?parent=45806"}],"wp:term":[{"taxonomy":"category","embeddable":true,"href":"https:\/\/blogs.diariosur.es\/tormentas-y-rayos\/wp-json\/wp\/v2\/categories?post=45806"},{"taxonomy":"post_tag","embeddable":true,"href":"https:\/\/blogs.diariosur.es\/tormentas-y-rayos\/wp-json\/wp\/v2\/tags?post=45806"}],"curies":[{"name":"wp","href":"https:\/\/api.w.org\/{rel}","templated":true}]}}