{"id":45835,"date":"2025-08-19T12:01:07","date_gmt":"2025-08-19T10:01:07","guid":{"rendered":"https:\/\/blogs.diariosur.es\/tormentas-y-rayos\/?p=45835"},"modified":"2025-08-28T19:37:59","modified_gmt":"2025-08-28T17:37:59","slug":"ultima-hora-se-activa-el-aviso-amarilllo-por-fenomenos-costeros-manana-miercoles-en-la-costa-malaguena","status":"publish","type":"post","link":"https:\/\/blogs.diariosur.es\/tormentas-y-rayos\/2025\/08\/19\/ultima-hora-se-activa-el-aviso-amarilllo-por-fenomenos-costeros-manana-miercoles-en-la-costa-malaguena\/","title":{"rendered":"\u00daltima hora: se activa el aviso amarilllo por fen\u00f3menos costeros ma\u00f1ana mi\u00e9rcoles en la costa malague\u00f1a"},"content":{"rendered":"<p><a href=\"https:\/\/static-blogs.diariosur.es\/wp-content\/uploads\/sites\/12\/2025\/07\/444912498_10228884468795449_97962860407814916_n-1.jpg\"><img loading=\"lazy\" class=\"aligncenter size-thumbnail wp-image-45529\" src=\"https:\/\/static-blogs.diariosur.es\/wp-content\/uploads\/sites\/12\/2025\/07\/444912498_10228884468795449_97962860407814916_n-1-150x150.jpg\" alt=\"\" width=\"150\" height=\"150\" \/><\/a><\/p>\n<p>Hola de nuevo, amigos de la meteo. Adem\u00e1s del aviso amarillo por altas temperaturas para ma\u00f1ana mi\u00e9rcoles, tambi\u00e9n se activa por fen\u00f3menos costeros.<\/p>\n<p>Os pongo los avisos.<\/p>\n<p><a href=\"https:\/\/static-blogs.diariosur.es\/wp-content\/uploads\/sites\/12\/2025\/08\/FB_IMG_1755598160550-e1755598202938.jpg\"><img loading=\"lazy\" class=\"aligncenter size-full wp-image-45841\" src=\"https:\/\/static-blogs.diariosur.es\/wp-content\/uploads\/sites\/12\/2025\/08\/FB_IMG_1755598160550-e1755598202938.jpg\" alt=\"\" width=\"1000\" height=\"768\" \/><\/a><\/p>\n<p>&nbsp;<\/p>\n<p><a href=\"https:\/\/static-blogs.diariosur.es\/wp-content\/uploads\/sites\/12\/2025\/08\/Screenshot_20250819_114724_Chrome-e1755597147820.jpg\"><img loading=\"lazy\" class=\"aligncenter size-full wp-image-45836\" src=\"https:\/\/static-blogs.diariosur.es\/wp-content\/uploads\/sites\/12\/2025\/08\/Screenshot_20250819_114724_Chrome-e1755597147820.jpg\" alt=\"\" width=\"1000\" height=\"787\" \/><\/a><\/p>\n<p>&nbsp;<\/p>\n<p><a href=\"https:\/\/static-blogs.diariosur.es\/wp-content\/uploads\/sites\/12\/2025\/08\/Screenshot_20250819_114740_Chrome-e1755597184613.jpg\"><img loading=\"lazy\" class=\"aligncenter size-full wp-image-45837\" src=\"https:\/\/static-blogs.diariosur.es\/wp-content\/uploads\/sites\/12\/2025\/08\/Screenshot_20250819_114740_Chrome-e1755597184613.jpg\" alt=\"\" width=\"1000\" height=\"745\" \/><\/a><\/p>\n<p>&nbsp;<\/p>\n<p>&nbsp;<\/p>\n<p>&nbsp;<\/p>\n","protected":false},"excerpt":{"rendered":"<p>Hola de nuevo, amigos de la meteo. Adem\u00e1s del aviso amarillo por altas temperaturas para ma\u00f1ana mi\u00e9rcoles, tambi\u00e9n se activa por fen\u00f3menos costeros. Os pongo los avisos. &nbsp; &nbsp; &nbsp; &nbsp; &nbsp;<\/p>\n","protected":false},"author":16,"featured_media":45838,"comment_status":"open","ping_status":"open","sticky":false,"template":"","format":"standard","meta":[],"categories":[2],"tags":[94,1894,151,288,406],"_links":{"self":[{"href":"https:\/\/blogs.diariosur.es\/tormentas-y-rayos\/wp-json\/wp\/v2\/posts\/45835"}],"collection":[{"href":"https:\/\/blogs.diariosur.es\/tormentas-y-rayos\/wp-json\/wp\/v2\/posts"}],"about":[{"href":"https:\/\/blogs.diariosur.es\/tormentas-y-rayos\/wp-json\/wp\/v2\/types\/post"}],"author":[{"embeddable":true,"href":"https:\/\/blogs.diariosur.es\/tormentas-y-rayos\/wp-json\/wp\/v2\/users\/16"}],"replies":[{"embeddable":true,"href":"https:\/\/blogs.diariosur.es\/tormentas-y-rayos\/wp-json\/wp\/v2\/comments?post=45835"}],"version-history":[{"count":3,"href":"https:\/\/blogs.diariosur.es\/tormentas-y-rayos\/wp-json\/wp\/v2\/posts\/45835\/revisions"}],"predecessor-version":[{"id":45842,"href":"https:\/\/blogs.diariosur.es\/tormentas-y-rayos\/wp-json\/wp\/v2\/posts\/45835\/revisions\/45842"}],"wp:featuredmedia":[{"embeddable":true,"href":"https:\/\/blogs.diariosur.es\/tormentas-y-rayos\/wp-json\/wp\/v2\/media\/45838"}],"wp:attachment":[{"href":"https:\/\/blogs.diariosur.es\/tormentas-y-rayos\/wp-json\/wp\/v2\/media?parent=45835"}],"wp:term":[{"taxonomy":"category","embeddable":true,"href":"https:\/\/blogs.diariosur.es\/tormentas-y-rayos\/wp-json\/wp\/v2\/categories?post=45835"},{"taxonomy":"post_tag","embeddable":true,"href":"https:\/\/blogs.diariosur.es\/tormentas-y-rayos\/wp-json\/wp\/v2\/tags?post=45835"}],"curies":[{"name":"wp","href":"https:\/\/api.w.org\/{rel}","templated":true}]}}