{"id":4584,"date":"2013-01-09T07:08:50","date_gmt":"2013-01-09T06:08:50","guid":{"rendered":"http:\/\/blogs.diariosur.es\/tormentas-y-rayos\/?p=4584"},"modified":"2013-01-09T07:08:50","modified_gmt":"2013-01-09T06:08:50","slug":"el-terral-de-invierno-seguira-de-protagonista-posibles-bajada-de-temperaturas-el-proximo-fin-de-semana","status":"publish","type":"post","link":"https:\/\/blogs.diariosur.es\/tormentas-y-rayos\/2013\/01\/09\/el-terral-de-invierno-seguira-de-protagonista-posibles-bajada-de-temperaturas-el-proximo-fin-de-semana\/","title":{"rendered":"El terral de invierno seguir\u00e1 de protagonista.&#8221; Impresionante, bestial&#8221; video de Isabel Garcia Pires."},"content":{"rendered":"<p><strong>Buenos d\u00edas amigos de la meteo. Son las seis de la ma\u00f1ana, registro 11 grados y los cielos est\u00e1n algo nubosos. As\u00ed que debido a estas nubes altas, hay posibilidad de que tengamos un bonito amanecer. En estos momentos los restos del frente, que os comentaba <a href=\"https:\/\/blogs.diariosur.es\/tormentas-y-rayos\/2013\/01\/07\/las-rebajas-del-anticiclon-ya-mismo-comenzaran-impresionantes-videos-de-una-supercelula-en-australia\/\">en el anterior post<\/a>, est\u00e1n cruzando los cielos andaluces. En esta imagen lo pod\u00e9is ver perfectamente. Fuente \u00a0Meteogalicia, Eumetsat. Ma\u00f1ana el segundo frente sera muy parecido a este, dejando nubes altas mayormente.<\/strong><\/p>\n<p>&nbsp;<\/p>\n<p><a href=\"https:\/\/blogs.diariosur.es\/tormentas-y-rayos\/2013\/01\/09\/el-terral-de-invierno-seguira-de-protagonista-posibles-bajada-de-temperaturas-el-proximo-fin-de-semana\/nubes-bajas-2\/\" rel=\"attachment wp-att-4598\"><img loading=\"lazy\" class=\"aligncenter size-medium wp-image-4598\" title=\"nubes bajas\" src=\"\/tormentas-y-rayos\/wp-content\/uploads\/sites\/12\/2013\/01\/nubes-bajas1.jpg\" alt=\"\" width=\"578\" height=\"400\" srcset=\"https:\/\/static-blogs.diariosur.es\/wp-content\/uploads\/sites\/12\/2013\/01\/nubes-bajas1.jpg 735w, https:\/\/static-blogs.diariosur.es\/wp-content\/uploads\/sites\/12\/2013\/01\/nubes-bajas1-579x400.jpg 579w\" sizes=\"(max-width: 578px) 100vw, 578px\" \/><\/a><\/p>\n<p>&nbsp;<\/p>\n<p><strong>Las temperaturas\u00a0m\u00e1ximas\u00a0 tanto el lunes como el mates, han sido altas para las fechas que estamos, os paso un\u00a0gr\u00e1fico\u00a0fuente aemet.\u00a0<\/strong><\/p>\n<p><a href=\"https:\/\/blogs.diariosur.es\/tormentas-y-rayos\/2013\/01\/09\/el-terral-de-invierno-seguira-de-protagonista-posibles-bajada-de-temperaturas-el-proximo-fin-de-semana\/f\/\" rel=\"attachment wp-att-4585\"><img loading=\"lazy\" class=\"aligncenter size-medium wp-image-4585\" title=\"f\" src=\"\/tormentas-y-rayos\/wp-content\/uploads\/sites\/12\/2013\/01\/f.jpg\" alt=\"\" width=\"600\" height=\"244\" srcset=\"https:\/\/static-blogs.diariosur.es\/wp-content\/uploads\/sites\/12\/2013\/01\/f.jpg 728w, https:\/\/static-blogs.diariosur.es\/wp-content\/uploads\/sites\/12\/2013\/01\/f-640x261.jpg 640w\" sizes=\"(max-width: 600px) 100vw, 600px\" \/><\/a><\/p>\n<p>&nbsp;<\/p>\n<p>&nbsp;<\/p>\n<p><a href=\"https:\/\/blogs.diariosur.es\/tormentas-y-rayos\/2013\/01\/09\/el-terral-de-invierno-seguira-de-protagonista-posibles-bajada-de-temperaturas-el-proximo-fin-de-semana\/f1\/\" rel=\"attachment wp-att-4586\"><img loading=\"lazy\" class=\"aligncenter size-medium wp-image-4586\" title=\"f1\" src=\"\/tormentas-y-rayos\/wp-content\/uploads\/sites\/12\/2013\/01\/f1.jpg\" alt=\"\" width=\"600\" height=\"264\" srcset=\"https:\/\/static-blogs.diariosur.es\/wp-content\/uploads\/sites\/12\/2013\/01\/f1.jpg 722w, https:\/\/static-blogs.diariosur.es\/wp-content\/uploads\/sites\/12\/2013\/01\/f1-640x282.jpg 640w\" sizes=\"(max-width: 600px) 100vw, 600px\" \/><\/a><\/p>\n<p>&nbsp;<\/p>\n<p><strong>La niebla y algunas heladas, han sido las protagonistas por el interior de\u00a0nuestra\u00a0provincia malague\u00f1a. Fernando Berrocal nos manda estas fotos tomadas en el Pantano del Guadalhorce. Preciosas amigo.<\/strong><\/p>\n<p><a href=\"https:\/\/blogs.diariosur.es\/tormentas-y-rayos\/2013\/01\/09\/el-terral-de-invierno-seguira-de-protagonista-posibles-bajada-de-temperaturas-el-proximo-fin-de-semana\/2013-01-08_09-35-01_918\/\" rel=\"attachment wp-att-4588\"><img loading=\"lazy\" class=\"aligncenter size-full wp-image-4588\" title=\"2013-01-08_09-35-01_918\" src=\"\/tormentas-y-rayos\/wp-content\/uploads\/sites\/12\/2013\/01\/2013-01-08_09-35-01_918.jpg\" alt=\"\" width=\"670\" height=\"378\" srcset=\"https:\/\/static-blogs.diariosur.es\/wp-content\/uploads\/sites\/12\/2013\/01\/2013-01-08_09-35-01_918.jpg 670w, https:\/\/static-blogs.diariosur.es\/wp-content\/uploads\/sites\/12\/2013\/01\/2013-01-08_09-35-01_918-640x361.jpg 640w\" sizes=\"(max-width: 670px) 100vw, 670px\" \/><\/a><\/p>\n<p>&nbsp;<\/p>\n<p>&nbsp;<\/p>\n<p><a href=\"https:\/\/blogs.diariosur.es\/tormentas-y-rayos\/2013\/01\/09\/el-terral-de-invierno-seguira-de-protagonista-posibles-bajada-de-temperaturas-el-proximo-fin-de-semana\/2013-01-08_09-32-17_482\/\" rel=\"attachment wp-att-4589\"><img loading=\"lazy\" class=\"aligncenter size-full wp-image-4589\" title=\"2013-01-08_09-32-17_482\" src=\"\/tormentas-y-rayos\/wp-content\/uploads\/sites\/12\/2013\/01\/2013-01-08_09-32-17_482.jpg\" alt=\"\" width=\"350\" height=\"621\" srcset=\"https:\/\/static-blogs.diariosur.es\/wp-content\/uploads\/sites\/12\/2013\/01\/2013-01-08_09-32-17_482.jpg 350w, https:\/\/static-blogs.diariosur.es\/wp-content\/uploads\/sites\/12\/2013\/01\/2013-01-08_09-32-17_482-225x400.jpg 225w\" sizes=\"(max-width: 350px) 100vw, 350px\" \/><\/a><\/p>\n<p><strong>El terral de invierno seguir\u00e1 siendo el protagonista, y como os comente el dia pasado, poco a poco, se avecinan cambios. Estos primeros cambios llegar\u00edan el pr\u00f3ximo fin de semana, de mano de una borrasca que ya se puede ver en este modelo.<\/strong><\/p>\n<p><a href=\"https:\/\/blogs.diariosur.es\/tormentas-y-rayos\/2013\/01\/09\/el-terral-de-invierno-seguira-de-protagonista-posibles-bajada-de-temperaturas-el-proximo-fin-de-semana\/borrasca-25\/\" rel=\"attachment wp-att-4587\"><img loading=\"lazy\" class=\"aligncenter size-medium wp-image-4587\" title=\"borrasca\" src=\"\/tormentas-y-rayos\/wp-content\/uploads\/sites\/12\/2013\/01\/borrasca.jpg\" alt=\"\" width=\"600\" height=\"368\" srcset=\"https:\/\/static-blogs.diariosur.es\/wp-content\/uploads\/sites\/12\/2013\/01\/borrasca.jpg 766w, https:\/\/static-blogs.diariosur.es\/wp-content\/uploads\/sites\/12\/2013\/01\/borrasca-640x394.jpg 640w\" sizes=\"(max-width: 600px) 100vw, 600px\" \/><\/a><\/p>\n<p>&nbsp;<\/p>\n<p><strong>\u00a0Traer\u00eda bajada de temperaturas y lluvias a la zona norte y centro peninsular. En Andaluc\u00eda tambi\u00e9n notar\u00edamos esos cambios, pero de esto hablaremos el pr\u00f3ximo viernes, cuando os de el pron\u00f3stico del fin de semana.<\/strong><\/p>\n<p><strong>Poco mas que contar amigos, os dejo que este impresionante\u00a0v\u00eddeo\u00a0grabado por mi amiga Isabel Garcia Pires, fue el dia de las inundaciones de noviembre. Nuestra amiga Isabel es una gran pintora y con mucho futuro. Os pongo tambien algunas fotos \u00a0de sus cuadros.\u00a0<\/strong><\/p>\n<p><object width=\"640\" height=\"480\" classid=\"clsid:d27cdb6e-ae6d-11cf-96b8-444553540000\" codebase=\"http:\/\/download.macromedia.com\/pub\/shockwave\/cabs\/flash\/swflash.cab#version=6,0,40,0\"><param name=\"allowfullscreen\" value=\"true\" \/><param name=\"src\" value=\"https:\/\/www.facebook.com\/v\/511094175575144\" \/><embed width=\"640\" height=\"480\" type=\"application\/x-shockwave-flash\" src=\"https:\/\/www.facebook.com\/v\/511094175575144\" allowfullscreen=\"true\" \/><\/object><\/p>\n<p><iframe loading=\"lazy\" src=\"\/\/www.youtube.com\/embed\/V2riWWKn9BQ\" frameborder=\"0\" width=\"480\" height=\"360\"><\/iframe><\/p>\n<p>&nbsp;<\/p>\n<p><a href=\"https:\/\/blogs.diariosur.es\/tormentas-y-rayos\/2013\/01\/09\/el-terral-de-invierno-seguira-de-protagonista-posibles-bajada-de-temperaturas-el-proximo-fin-de-semana\/250716_441764292508133_1646677163_n-2\/\" rel=\"attachment wp-att-4595\"><img loading=\"lazy\" class=\"aligncenter size-full wp-image-4595\" title=\"250716_441764292508133_1646677163_n\" src=\"\/tormentas-y-rayos\/wp-content\/uploads\/sites\/12\/2013\/01\/250716_441764292508133_1646677163_n1.jpg\" alt=\"\" width=\"502\" height=\"401\" srcset=\"https:\/\/static-blogs.diariosur.es\/wp-content\/uploads\/sites\/12\/2013\/01\/250716_441764292508133_1646677163_n1.jpg 502w, https:\/\/static-blogs.diariosur.es\/wp-content\/uploads\/sites\/12\/2013\/01\/250716_441764292508133_1646677163_n1-501x400.jpg 501w\" sizes=\"(max-width: 502px) 100vw, 502px\" \/><\/a><\/p>\n<p>&nbsp;<\/p>\n<p><a href=\"https:\/\/blogs.diariosur.es\/tormentas-y-rayos\/2013\/01\/09\/el-terral-de-invierno-seguira-de-protagonista-posibles-bajada-de-temperaturas-el-proximo-fin-de-semana\/578263_441762725841623_1230052130_n\/\" rel=\"attachment wp-att-4596\"><img loading=\"lazy\" class=\"aligncenter size-full wp-image-4596\" title=\"578263_441762725841623_1230052130_n\" src=\"\/tormentas-y-rayos\/wp-content\/uploads\/sites\/12\/2013\/01\/578263_441762725841623_1230052130_n.jpg\" alt=\"\" width=\"521\" height=\"662\" srcset=\"https:\/\/static-blogs.diariosur.es\/wp-content\/uploads\/sites\/12\/2013\/01\/578263_441762725841623_1230052130_n.jpg 521w, https:\/\/static-blogs.diariosur.es\/wp-content\/uploads\/sites\/12\/2013\/01\/578263_441762725841623_1230052130_n-315x400.jpg 315w\" sizes=\"(max-width: 521px) 100vw, 521px\" \/><\/a><\/p>\n<p>&nbsp;<\/p>\n<p><a href=\"https:\/\/blogs.diariosur.es\/tormentas-y-rayos\/2013\/01\/09\/el-terral-de-invierno-seguira-de-protagonista-posibles-bajada-de-temperaturas-el-proximo-fin-de-semana\/601011_441764009174828_951805630_n\/\" rel=\"attachment wp-att-4597\"><img loading=\"lazy\" class=\"aligncenter size-full wp-image-4597\" title=\"601011_441764009174828_951805630_n\" src=\"\/tormentas-y-rayos\/wp-content\/uploads\/sites\/12\/2013\/01\/601011_441764009174828_951805630_n.jpg\" alt=\"\" width=\"530\" height=\"396\" \/><\/a><\/p>\n","protected":false},"excerpt":{"rendered":"<p>Buenos d\u00edas amigos de la meteo. Son las seis de la ma\u00f1ana, registro 11 grados y los cielos est\u00e1n algo nubosos. As\u00ed que debido a estas nubes altas, hay posibilidad de que tengamos un bonito amanecer. En estos momentos los restos del frente, que os comentaba en el anterior post, est\u00e1n cruzando los cielos andaluces. [&hellip;]<\/p>\n","protected":false},"author":16,"featured_media":4593,"comment_status":"open","ping_status":"closed","sticky":false,"template":"","format":"standard","meta":[],"categories":[2],"tags":[160,412,517,962,975],"_links":{"self":[{"href":"https:\/\/blogs.diariosur.es\/tormentas-y-rayos\/wp-json\/wp\/v2\/posts\/4584"}],"collection":[{"href":"https:\/\/blogs.diariosur.es\/tormentas-y-rayos\/wp-json\/wp\/v2\/posts"}],"about":[{"href":"https:\/\/blogs.diariosur.es\/tormentas-y-rayos\/wp-json\/wp\/v2\/types\/post"}],"author":[{"embeddable":true,"href":"https:\/\/blogs.diariosur.es\/tormentas-y-rayos\/wp-json\/wp\/v2\/users\/16"}],"replies":[{"embeddable":true,"href":"https:\/\/blogs.diariosur.es\/tormentas-y-rayos\/wp-json\/wp\/v2\/comments?post=4584"}],"version-history":[{"count":0,"href":"https:\/\/blogs.diariosur.es\/tormentas-y-rayos\/wp-json\/wp\/v2\/posts\/4584\/revisions"}],"wp:featuredmedia":[{"embeddable":true,"href":"https:\/\/blogs.diariosur.es\/tormentas-y-rayos\/wp-json\/wp\/v2\/media\/4593"}],"wp:attachment":[{"href":"https:\/\/blogs.diariosur.es\/tormentas-y-rayos\/wp-json\/wp\/v2\/media?parent=4584"}],"wp:term":[{"taxonomy":"category","embeddable":true,"href":"https:\/\/blogs.diariosur.es\/tormentas-y-rayos\/wp-json\/wp\/v2\/categories?post=4584"},{"taxonomy":"post_tag","embeddable":true,"href":"https:\/\/blogs.diariosur.es\/tormentas-y-rayos\/wp-json\/wp\/v2\/tags?post=4584"}],"curies":[{"name":"wp","href":"https:\/\/api.w.org\/{rel}","templated":true}]}}