{"id":45843,"date":"2025-08-20T07:39:00","date_gmt":"2025-08-20T05:39:00","guid":{"rendered":"https:\/\/blogs.diariosur.es\/tormentas-y-rayos\/?p=45843"},"modified":"2025-10-04T09:43:40","modified_gmt":"2025-10-04T07:43:40","slug":"el-humo-de-los-incendios-del-interior-de-la-peninsula-llegan-a-la-provincia-de-malaga-probale-aviso-amarillo-para-manana","status":"publish","type":"post","link":"https:\/\/blogs.diariosur.es\/tormentas-y-rayos\/2025\/08\/20\/el-humo-de-los-incendios-del-interior-de-la-peninsula-llegan-a-la-provincia-de-malaga-probale-aviso-amarillo-para-manana\/","title":{"rendered":"El humo de los incendios del interior de la pen\u00ednsula llega a la provincia de M\u00e1laga. Probable aviso amarillo para ma\u00f1ana"},"content":{"rendered":"<p><a href=\"https:\/\/static-blogs.diariosur.es\/wp-content\/uploads\/sites\/12\/2025\/08\/466356215_10230699275924493_3594141402557563819_n.jpg\"><img loading=\"lazy\" class=\"aligncenter size-thumbnail wp-image-45845\" src=\"https:\/\/static-blogs.diariosur.es\/wp-content\/uploads\/sites\/12\/2025\/08\/466356215_10230699275924493_3594141402557563819_n-150x150.jpg\" alt=\"\" width=\"150\" height=\"150\" srcset=\"https:\/\/static-blogs.diariosur.es\/wp-content\/uploads\/sites\/12\/2025\/08\/466356215_10230699275924493_3594141402557563819_n-150x150.jpg 150w, https:\/\/static-blogs.diariosur.es\/wp-content\/uploads\/sites\/12\/2025\/08\/466356215_10230699275924493_3594141402557563819_n-400x400.jpg 400w, https:\/\/static-blogs.diariosur.es\/wp-content\/uploads\/sites\/12\/2025\/08\/466356215_10230699275924493_3594141402557563819_n-408x408.jpg 408w, https:\/\/static-blogs.diariosur.es\/wp-content\/uploads\/sites\/12\/2025\/08\/466356215_10230699275924493_3594141402557563819_n-768x768.jpg 768w, https:\/\/static-blogs.diariosur.es\/wp-content\/uploads\/sites\/12\/2025\/08\/466356215_10230699275924493_3594141402557563819_n.jpg 1069w\" sizes=\"(max-width: 150px) 100vw, 150px\" \/><\/a><\/p>\n<p data-pm-slice=\"1 1 []\">Buenos d\u00edas, amigos de la meteo. Esta pasada madrugada las tres estaciones de la Aemet en M\u00e1laga capital no han bajado de los 26 \u00baC; lo \u00fanico &#8220;positivo&#8221; es que la humedad ha sido baja. Hoy se esperan rachas fuertes de viento; hay que tener mucha precauci\u00f3n con los incendios. Ayer por la noche se declar\u00f3 uno por la zona del Cerro la Tortuga en M\u00e1laga capital; r\u00e1pidamente fue controlado.<\/p>\n<p>&nbsp;<\/p>\n<p><iframe loading=\"lazy\" title=\"Incendio Cerro la Tortuga \" width=\"500\" height=\"281\" src=\"https:\/\/www.youtube.com\/embed\/7IoEUENiFWY?feature=oembed\" frameborder=\"0\" allow=\"accelerometer; autoplay; clipboard-write; encrypted-media; gyroscope; picture-in-picture; web-share\" referrerpolicy=\"strict-origin-when-cross-origin\" allowfullscreen><\/iframe><\/p>\n<p>&nbsp;<\/p>\n<p>Estamos en aviso amarillo por fen\u00f3menos costeros y por altas temperaturas de 36 \u00baC.<\/p>\n<p>&nbsp;<\/p>\n<p><a href=\"https:\/\/static-blogs.diariosur.es\/wp-content\/uploads\/sites\/12\/2025\/08\/Screenshot_20250819_114724_Chrome-e1755597147820.jpg\"><img loading=\"lazy\" class=\"aligncenter size-full wp-image-45836\" src=\"https:\/\/static-blogs.diariosur.es\/wp-content\/uploads\/sites\/12\/2025\/08\/Screenshot_20250819_114724_Chrome-e1755597147820.jpg\" alt=\"\" width=\"1000\" height=\"787\" \/><\/a><\/p>\n<p><a href=\"https:\/\/static-blogs.diariosur.es\/wp-content\/uploads\/sites\/12\/2025\/08\/FB_IMG_1755598160550-e1755598202938.jpg\"><img loading=\"lazy\" class=\"aligncenter size-full wp-image-45841\" src=\"https:\/\/static-blogs.diariosur.es\/wp-content\/uploads\/sites\/12\/2025\/08\/FB_IMG_1755598160550-e1755598202938.jpg\" alt=\"\" width=\"1000\" height=\"768\" \/><\/a><\/p>\n<p>&nbsp;<\/p>\n<p>&nbsp;<\/p>\n<p data-pm-slice=\"1 1 []\"><strong>Ma\u00f1ana jueves seguir\u00e1 el terral en las zonas habituales de la provincia de M\u00e1laga; por la tarde noche ir\u00e1 cambiando a sureste. De\u00a0momento no hay activos avisos por altas temperaturas; la zona donde har\u00e1 m\u00e1s calor ser\u00e1 el interior del Valle del Guadalhorce; en nuevas actualizaciones puede activarse el aviso en esa zona. Como a 850 hpa (1500 metros) tenemos una masa de aire fresca, las temperaturas no subir\u00e1n mucho.<\/strong><\/p>\n<p>Ayer, gracias al terral, se nos qued\u00f3 el cielo limpio de polvo en suspensi\u00f3n, pero por la tarde lleg\u00f3 el humo de los incendios forestales que desde hace una semana asolan a varias regiones de Espa\u00f1a. Muchos pensaban que eran fuegos cercanos; incluso ol\u00eda a quemado.<\/p>\n<p>Os dejo con esta bonita foto de mis amigos Nadia Carbajo y Roberto L\u00f3pez de la 101 tv. Se ve claramente el humo desde Torre de Benagalb\u00f3n.<\/p>\n<p>&nbsp;<\/p>\n<p>&nbsp;<\/p>\n<p><a href=\"https:\/\/static-blogs.diariosur.es\/wp-content\/uploads\/sites\/12\/2025\/08\/536282365_10234057273392331_7734457551175700454_n-e1755666886397.jpg\"><img loading=\"lazy\" class=\"aligncenter size-full wp-image-45844\" src=\"https:\/\/static-blogs.diariosur.es\/wp-content\/uploads\/sites\/12\/2025\/08\/536282365_10234057273392331_7734457551175700454_n-e1755666886397.jpg\" alt=\"\" width=\"1000\" height=\"893\" \/><\/a><\/p>\n","protected":false},"excerpt":{"rendered":"<p>Buenos d\u00edas, amigos de la meteo. Esta pasada madrugada las tres estaciones de la Aemet en M\u00e1laga capital no han bajado de los 26 \u00baC; lo \u00fanico &#8220;positivo&#8221; es que la humedad ha sido baja. Hoy se esperan rachas fuertes de viento; hay que tener mucha precauci\u00f3n con los incendios. Ayer por la noche se [&hellip;]<\/p>\n","protected":false},"author":16,"featured_media":45844,"comment_status":"open","ping_status":"open","sticky":false,"template":"","format":"standard","meta":[],"categories":[2],"tags":[94,151,375,1744,2044,2063],"_links":{"self":[{"href":"https:\/\/blogs.diariosur.es\/tormentas-y-rayos\/wp-json\/wp\/v2\/posts\/45843"}],"collection":[{"href":"https:\/\/blogs.diariosur.es\/tormentas-y-rayos\/wp-json\/wp\/v2\/posts"}],"about":[{"href":"https:\/\/blogs.diariosur.es\/tormentas-y-rayos\/wp-json\/wp\/v2\/types\/post"}],"author":[{"embeddable":true,"href":"https:\/\/blogs.diariosur.es\/tormentas-y-rayos\/wp-json\/wp\/v2\/users\/16"}],"replies":[{"embeddable":true,"href":"https:\/\/blogs.diariosur.es\/tormentas-y-rayos\/wp-json\/wp\/v2\/comments?post=45843"}],"version-history":[{"count":5,"href":"https:\/\/blogs.diariosur.es\/tormentas-y-rayos\/wp-json\/wp\/v2\/posts\/45843\/revisions"}],"predecessor-version":[{"id":46486,"href":"https:\/\/blogs.diariosur.es\/tormentas-y-rayos\/wp-json\/wp\/v2\/posts\/45843\/revisions\/46486"}],"wp:featuredmedia":[{"embeddable":true,"href":"https:\/\/blogs.diariosur.es\/tormentas-y-rayos\/wp-json\/wp\/v2\/media\/45844"}],"wp:attachment":[{"href":"https:\/\/blogs.diariosur.es\/tormentas-y-rayos\/wp-json\/wp\/v2\/media?parent=45843"}],"wp:term":[{"taxonomy":"category","embeddable":true,"href":"https:\/\/blogs.diariosur.es\/tormentas-y-rayos\/wp-json\/wp\/v2\/categories?post=45843"},{"taxonomy":"post_tag","embeddable":true,"href":"https:\/\/blogs.diariosur.es\/tormentas-y-rayos\/wp-json\/wp\/v2\/tags?post=45843"}],"curies":[{"name":"wp","href":"https:\/\/api.w.org\/{rel}","templated":true}]}}