{"id":45851,"date":"2025-08-21T08:04:11","date_gmt":"2025-08-21T06:04:11","guid":{"rendered":"https:\/\/blogs.diariosur.es\/tormentas-y-rayos\/?p=45851"},"modified":"2025-10-04T09:41:20","modified_gmt":"2025-10-04T07:41:20","slug":"podremos-ir-a-la-playa-los-malaguenos-este-finde-semana-si-pero-os-doy-una-mala-noticia-para-algunos","status":"publish","type":"post","link":"https:\/\/blogs.diariosur.es\/tormentas-y-rayos\/2025\/08\/21\/podremos-ir-a-la-playa-los-malaguenos-este-finde-semana-si-pero-os-doy-una-mala-noticia-para-algunos\/","title":{"rendered":"\u00bfPodremos ir a la playa los malague\u00f1os este finde semana? S\u00ed, pero os doy una mala noticia para algunos"},"content":{"rendered":"<p><a href=\"https:\/\/static-blogs.diariosur.es\/wp-content\/uploads\/sites\/12\/2025\/07\/444912498_10228884468795449_97962860407814916_n.jpg\"><img loading=\"lazy\" class=\"aligncenter size-thumbnail wp-image-45498\" src=\"https:\/\/static-blogs.diariosur.es\/wp-content\/uploads\/sites\/12\/2025\/07\/444912498_10228884468795449_97962860407814916_n-150x150.jpg\" alt=\"\" width=\"150\" height=\"150\" \/><\/a><\/p>\n<p data-pm-slice=\"1 1 []\">Buenos d\u00edas, amigos de la meteo. Hoy tengo muy poco tiempo para escribir, as\u00ed que os resumo. El terral se quitar\u00e1 hoy por la tarde-noche; no espero temperaturas m\u00e1ximas muy altas.<\/p>\n<p>Ma\u00f1ana y el s\u00e1bado tendremos brumas en la costa malague\u00f1a; en alta mar pueden darse bancos de tar\u00f3. Las temperaturas m\u00e1ximas en toda la provincia estar\u00e1n dentro de la media; no espero mucho calor.<\/p>\n<p>El domingo, aunque a\u00fan es pronto para la predicci\u00f3n, se esperan nubes altas y viento de suroeste. No espero que haga mucho calor en la provincia malague\u00f1a.<\/p>\n<p><strong>La mala noticia, para algunos, es que la temperatura del agua del mar estar\u00e1 fr\u00eda; fijaros en la gr\u00e1fica de la boya del Puerto de M\u00e1laga; a las 5 de la madrugada marcaba <\/strong><strong>18,8 \u00baC<\/strong><strong>. Lo positivo es que las brisas durante unos d\u00edas ser\u00e1n m\u00e1s frescas.<\/strong><\/p>\n<p>&nbsp;<\/p>\n<p>&nbsp;<\/p>\n<p><a href=\"https:\/\/static-blogs.diariosur.es\/wp-content\/uploads\/sites\/12\/2025\/08\/535468247_10234076106063136_1551974497725560080_n-e1755754734213.jpg\"><img loading=\"lazy\" class=\"aligncenter size-full wp-image-45853\" src=\"https:\/\/static-blogs.diariosur.es\/wp-content\/uploads\/sites\/12\/2025\/08\/535468247_10234076106063136_1551974497725560080_n-e1755754734213.jpg\" alt=\"\" width=\"1100\" height=\"1076\" \/><\/a><\/p>\n<p>Nos vemos ma\u00f1ana.<\/p>\n<p>&nbsp;<\/p>\n","protected":false},"excerpt":{"rendered":"<p>Buenos d\u00edas, amigos de la meteo. Hoy tengo muy poco tiempo para escribir, as\u00ed que os resumo. El terral se quitar\u00e1 hoy por la tarde-noche; no espero temperaturas m\u00e1ximas muy altas. Ma\u00f1ana y el s\u00e1bado tendremos brumas en la costa malague\u00f1a; en alta mar pueden darse bancos de tar\u00f3. Las temperaturas m\u00e1ximas en toda la [&hellip;]<\/p>\n","protected":false},"author":16,"featured_media":45487,"comment_status":"open","ping_status":"open","sticky":false,"template":"","format":"standard","meta":[],"categories":[2],"tags":[100,358,587,800,975],"_links":{"self":[{"href":"https:\/\/blogs.diariosur.es\/tormentas-y-rayos\/wp-json\/wp\/v2\/posts\/45851"}],"collection":[{"href":"https:\/\/blogs.diariosur.es\/tormentas-y-rayos\/wp-json\/wp\/v2\/posts"}],"about":[{"href":"https:\/\/blogs.diariosur.es\/tormentas-y-rayos\/wp-json\/wp\/v2\/types\/post"}],"author":[{"embeddable":true,"href":"https:\/\/blogs.diariosur.es\/tormentas-y-rayos\/wp-json\/wp\/v2\/users\/16"}],"replies":[{"embeddable":true,"href":"https:\/\/blogs.diariosur.es\/tormentas-y-rayos\/wp-json\/wp\/v2\/comments?post=45851"}],"version-history":[{"count":6,"href":"https:\/\/blogs.diariosur.es\/tormentas-y-rayos\/wp-json\/wp\/v2\/posts\/45851\/revisions"}],"predecessor-version":[{"id":46485,"href":"https:\/\/blogs.diariosur.es\/tormentas-y-rayos\/wp-json\/wp\/v2\/posts\/45851\/revisions\/46485"}],"wp:featuredmedia":[{"embeddable":true,"href":"https:\/\/blogs.diariosur.es\/tormentas-y-rayos\/wp-json\/wp\/v2\/media\/45487"}],"wp:attachment":[{"href":"https:\/\/blogs.diariosur.es\/tormentas-y-rayos\/wp-json\/wp\/v2\/media?parent=45851"}],"wp:term":[{"taxonomy":"category","embeddable":true,"href":"https:\/\/blogs.diariosur.es\/tormentas-y-rayos\/wp-json\/wp\/v2\/categories?post=45851"},{"taxonomy":"post_tag","embeddable":true,"href":"https:\/\/blogs.diariosur.es\/tormentas-y-rayos\/wp-json\/wp\/v2\/tags?post=45851"}],"curies":[{"name":"wp","href":"https:\/\/api.w.org\/{rel}","templated":true}]}}