{"id":45859,"date":"2025-08-22T08:34:00","date_gmt":"2025-08-22T06:34:00","guid":{"rendered":"https:\/\/blogs.diariosur.es\/tormentas-y-rayos\/?p=45859"},"modified":"2025-10-04T09:40:06","modified_gmt":"2025-10-04T07:40:06","slug":"hacia-muchos-dias-que-no-se-daban-estas-temperaturas-minimas-en-la-costa-malaguena-e-interior-de-la-provincia-os-paso-algunos-registros","status":"publish","type":"post","link":"https:\/\/blogs.diariosur.es\/tormentas-y-rayos\/2025\/08\/22\/hacia-muchos-dias-que-no-se-daban-estas-temperaturas-minimas-en-la-costa-malaguena-e-interior-de-la-provincia-os-paso-algunos-registros\/","title":{"rendered":"Hac\u00eda muchos d\u00edas que no se daban estas temperaturas m\u00ednimas en la costa malague\u00f1a e interior de la provincia; os paso algunos registros  \u00a0"},"content":{"rendered":"<p><a href=\"https:\/\/static-blogs.diariosur.es\/wp-content\/uploads\/sites\/12\/2025\/07\/72999690_10217709542349272_7908844429161529344_n.jpg\"><img loading=\"lazy\" class=\"aligncenter size-thumbnail wp-image-45292\" src=\"https:\/\/static-blogs.diariosur.es\/wp-content\/uploads\/sites\/12\/2025\/07\/72999690_10217709542349272_7908844429161529344_n-150x150.jpg\" alt=\"\" width=\"150\" height=\"150\" \/><\/a><\/p>\n<p data-pm-slice=\"1 1 []\">Buenos d\u00edas, amigos de la meteo. Os paso algunas temperaturas m\u00ednimas que hemos registrado hoy 22 de agosto. Por fin muchos hemos podido conciliar el sue\u00f1o mejor. La temperatura del agua del mar en M\u00e1laga capital\u00a0est\u00e1 en estos momentos a 19 \u00baC.<\/p>\n<p>Fuentes: Aemet, Meteoclimatic, Wunderground<\/p>\n<p>M\u00e1laga Aeropuerto 21 \u00baC<\/p>\n<p>M\u00e1laga Centro Meteorol\u00f3gico 21,4 \u00baC<\/p>\n<p>M\u00e1laga Puerto 20,6 \u00baC<\/p>\n<p>Estepona 19,1 \u00baC<\/p>\n<p>Marbella 20,2 \u00b0C<\/p>\n<p>Nerja Las Palmeras\u00a020,4 \u00baC<\/p>\n<p>Algarrobo 19,1 \u00baC<\/p>\n<p>Manilva\u00a021,9 \u00baC<\/p>\n<p>Benahav\u00eds 21,5 \u00baC<\/p>\n<p>V\u00e9lez M\u00e1laga\u00a020,9 \u00baC<\/p>\n<p>Alpandeire\u00a020,3 \u00baC<\/p>\n<p>Gauc\u00edn 18,4 \u00baC<\/p>\n<p>Alfarnate\u00a014 \u00b0C<\/p>\n<p>Cortes de la Frontera 17,8 \u00baC<\/p>\n<p>Ronda 18,6 \u00baC<\/p>\n<p>Fuente de Piedra 17 \u00baC<\/p>\n<p>Antequera\u00a016,9 \u00baC<\/p>\n<p>\u00c1lora 22,2 \u00baC<\/p>\n<p>El Colmenar las Buitreras 17,4 \u00baC<\/p>\n<p>Arroyo Cauche Casabermeja\u00a017,4 \u00baC<\/p>\n<p>Archidona Vega 13,7 \u00baC<\/p>\n<p>Alameda 19,8 \u00baC<\/p>\n<p>C\u00e1rtama Sierra Llana\u00a020,4 \u00baC<\/p>\n<p>Mijas Pueblo 21,9 \u00b0C<\/p>\n<p>Torremolinos 22,7 \u00baC<\/p>\n<p>Rinc\u00f3n de la Victoria\u00a020,6 \u00baC<\/p>\n<p>Villanueva del Trabuco El Chorrillero 13,3 \u00baC<\/p>\n<p>Villanueva del Rosario 15,8 \u00baC<\/p>\n<p>Villanueva de la Concepci\u00f3n 20 \u00baC<\/p>\n<p>Villanueva de Algaidas 17,9 \u00baC<\/p>\n<p>Cuevas Bajas 16,5 \u00baC<\/p>\n<p>Sierra Yeguas\u00a016,1 \u00baC<\/p>\n<p>Arriate\u00a016,3 \u00baC<\/p>\n<p>El Burgo 16 \u00baC<\/p>\n<p>Campillos\u00a016,2 \u00baC<\/p>\n<p>Humilladero 15 \u00b0C<\/p>\n<p>Periana 20,5 \u00baC<\/p>\n<p>Frigiliana 20,4 \u00baC<\/p>\n<p>El Borge 21,8 \u00baC<\/p>\n<p>Almachar\u00a021,5 \u00baC<\/p>\n<p>Alhaur\u00edn de la Torre\u00a021,4 \u00baC<\/p>\n<p>Alhaur\u00edn el Grande 21,5 \u00b0C<\/p>\n<p>Bobadilla\u00a014 \u00baC<\/p>\n<p>Ardales 18,1 \u00baC<\/p>\n<p>Pizarra 19,8 \u00baC<\/p>\n<p>Co\u00edn San Rom\u00e1n\u00a019,3 \u00baC<\/p>\n<p>Ma\u00f1ana s\u00e1bado, nos veremos en directo en la 101 TV en la Plaza de la Marina, en el programa especial de la Feria de M\u00e1laga.<\/p>\n<p>&nbsp;<\/p>\n<p>&nbsp;<\/p>\n","protected":false},"excerpt":{"rendered":"<p>Buenos d\u00edas, amigos de la meteo. Os paso algunas temperaturas m\u00ednimas que hemos registrado hoy 22 de agosto. Por fin muchos hemos podido conciliar el sue\u00f1o mejor. La temperatura del agua del mar en M\u00e1laga capital\u00a0est\u00e1 en estos momentos a 19 \u00baC. Fuentes: Aemet, Meteoclimatic, Wunderground M\u00e1laga Aeropuerto 21 \u00baC M\u00e1laga Centro Meteorol\u00f3gico 21,4 \u00baC [&hellip;]<\/p>\n","protected":false},"author":16,"featured_media":45868,"comment_status":"open","ping_status":"open","sticky":false,"template":"","format":"standard","meta":[],"categories":[2],"tags":[100,358,408,587,800],"_links":{"self":[{"href":"https:\/\/blogs.diariosur.es\/tormentas-y-rayos\/wp-json\/wp\/v2\/posts\/45859"}],"collection":[{"href":"https:\/\/blogs.diariosur.es\/tormentas-y-rayos\/wp-json\/wp\/v2\/posts"}],"about":[{"href":"https:\/\/blogs.diariosur.es\/tormentas-y-rayos\/wp-json\/wp\/v2\/types\/post"}],"author":[{"embeddable":true,"href":"https:\/\/blogs.diariosur.es\/tormentas-y-rayos\/wp-json\/wp\/v2\/users\/16"}],"replies":[{"embeddable":true,"href":"https:\/\/blogs.diariosur.es\/tormentas-y-rayos\/wp-json\/wp\/v2\/comments?post=45859"}],"version-history":[{"count":12,"href":"https:\/\/blogs.diariosur.es\/tormentas-y-rayos\/wp-json\/wp\/v2\/posts\/45859\/revisions"}],"predecessor-version":[{"id":46484,"href":"https:\/\/blogs.diariosur.es\/tormentas-y-rayos\/wp-json\/wp\/v2\/posts\/45859\/revisions\/46484"}],"wp:featuredmedia":[{"embeddable":true,"href":"https:\/\/blogs.diariosur.es\/tormentas-y-rayos\/wp-json\/wp\/v2\/media\/45868"}],"wp:attachment":[{"href":"https:\/\/blogs.diariosur.es\/tormentas-y-rayos\/wp-json\/wp\/v2\/media?parent=45859"}],"wp:term":[{"taxonomy":"category","embeddable":true,"href":"https:\/\/blogs.diariosur.es\/tormentas-y-rayos\/wp-json\/wp\/v2\/categories?post=45859"},{"taxonomy":"post_tag","embeddable":true,"href":"https:\/\/blogs.diariosur.es\/tormentas-y-rayos\/wp-json\/wp\/v2\/tags?post=45859"}],"curies":[{"name":"wp","href":"https:\/\/api.w.org\/{rel}","templated":true}]}}