{"id":45871,"date":"2025-08-23T07:28:05","date_gmt":"2025-08-23T05:28:05","guid":{"rendered":"https:\/\/blogs.diariosur.es\/tormentas-y-rayos\/?p=45871"},"modified":"2025-08-23T07:35:53","modified_gmt":"2025-08-23T05:35:53","slug":"hoy-estare-en-directo-en-la-101tv-con-roberto-lopez-y-rocio-alba-en-la-feria-del-centro","status":"publish","type":"post","link":"https:\/\/blogs.diariosur.es\/tormentas-y-rayos\/2025\/08\/23\/hoy-estare-en-directo-en-la-101tv-con-roberto-lopez-y-rocio-alba-en-la-feria-del-centro\/","title":{"rendered":"Hoy estar\u00e9 en directo en la 101Tv con Roberto L\u00f3pez y Roc\u00edo Alba en la Feria del Centro"},"content":{"rendered":"<p><a href=\"https:\/\/static-blogs.diariosur.es\/wp-content\/uploads\/sites\/12\/2025\/08\/466356215_10230699275924493_3594141402557563819_n.jpg\"><img loading=\"lazy\" class=\"aligncenter size-thumbnail wp-image-45845\" src=\"https:\/\/static-blogs.diariosur.es\/wp-content\/uploads\/sites\/12\/2025\/08\/466356215_10230699275924493_3594141402557563819_n-150x150.jpg\" alt=\"\" width=\"150\" height=\"150\" srcset=\"https:\/\/static-blogs.diariosur.es\/wp-content\/uploads\/sites\/12\/2025\/08\/466356215_10230699275924493_3594141402557563819_n-150x150.jpg 150w, https:\/\/static-blogs.diariosur.es\/wp-content\/uploads\/sites\/12\/2025\/08\/466356215_10230699275924493_3594141402557563819_n-400x400.jpg 400w, https:\/\/static-blogs.diariosur.es\/wp-content\/uploads\/sites\/12\/2025\/08\/466356215_10230699275924493_3594141402557563819_n-408x408.jpg 408w, https:\/\/static-blogs.diariosur.es\/wp-content\/uploads\/sites\/12\/2025\/08\/466356215_10230699275924493_3594141402557563819_n-768x768.jpg 768w, https:\/\/static-blogs.diariosur.es\/wp-content\/uploads\/sites\/12\/2025\/08\/466356215_10230699275924493_3594141402557563819_n.jpg 1069w\" sizes=\"(max-width: 150px) 100vw, 150px\" \/><\/a><\/p>\n<p>Buenos d\u00edas, amigos de la meteo.<\/p>\n<p>Madrugada muy llevadera en toda la provincia malague\u00f1a, la m\u00ednima en el Puerto y Aeropuerto ha sido de 21,1 \u00baC.<\/p>\n<p>Nuevamente hay probabilidad hoy s\u00e1bado y ma\u00f1ana domingo de nubes bajas y tar\u00f3. Aunque ma\u00f1ana tambi\u00e9n ser\u00e1n protagonistas las nubes altas, si siguen en la puesta de sol, tendremos un bonito candilazo.<\/p>\n<p>La temperatura del agua del mar en estos momentos es de 19,8 \u00baC<\/p>\n<p>A partir de las 17:00 horas, estar\u00e9 en directo en la 101 TV en el programa especial de la Feria de M\u00e1laga que se hace en la Plaza de la Marina. Dar\u00e9 un avance de la previsi\u00f3n del tiempo para la \u00faltima semana de agosto.<\/p>\n<p>&nbsp;<\/p>\n<p>&nbsp;<\/p>\n<p>&nbsp;<\/p>\n<p>&nbsp;<\/p>\n","protected":false},"excerpt":{"rendered":"<p>Buenos d\u00edas, amigos de la meteo. Madrugada muy llevadera en toda la provincia malague\u00f1a, la m\u00ednima en el Puerto y Aeropuerto ha sido de 21,1 \u00baC. Nuevamente hay probabilidad hoy s\u00e1bado y ma\u00f1ana domingo de nubes bajas y tar\u00f3. Aunque ma\u00f1ana tambi\u00e9n ser\u00e1n protagonistas las nubes altas, si siguen en la puesta de sol, tendremos [&hellip;]<\/p>\n","protected":false},"author":16,"featured_media":45873,"comment_status":"open","ping_status":"open","sticky":false,"template":"","format":"standard","meta":[],"categories":[2],"tags":[1952,358,408,587,800],"_links":{"self":[{"href":"https:\/\/blogs.diariosur.es\/tormentas-y-rayos\/wp-json\/wp\/v2\/posts\/45871"}],"collection":[{"href":"https:\/\/blogs.diariosur.es\/tormentas-y-rayos\/wp-json\/wp\/v2\/posts"}],"about":[{"href":"https:\/\/blogs.diariosur.es\/tormentas-y-rayos\/wp-json\/wp\/v2\/types\/post"}],"author":[{"embeddable":true,"href":"https:\/\/blogs.diariosur.es\/tormentas-y-rayos\/wp-json\/wp\/v2\/users\/16"}],"replies":[{"embeddable":true,"href":"https:\/\/blogs.diariosur.es\/tormentas-y-rayos\/wp-json\/wp\/v2\/comments?post=45871"}],"version-history":[{"count":4,"href":"https:\/\/blogs.diariosur.es\/tormentas-y-rayos\/wp-json\/wp\/v2\/posts\/45871\/revisions"}],"predecessor-version":[{"id":45876,"href":"https:\/\/blogs.diariosur.es\/tormentas-y-rayos\/wp-json\/wp\/v2\/posts\/45871\/revisions\/45876"}],"wp:featuredmedia":[{"embeddable":true,"href":"https:\/\/blogs.diariosur.es\/tormentas-y-rayos\/wp-json\/wp\/v2\/media\/45873"}],"wp:attachment":[{"href":"https:\/\/blogs.diariosur.es\/tormentas-y-rayos\/wp-json\/wp\/v2\/media?parent=45871"}],"wp:term":[{"taxonomy":"category","embeddable":true,"href":"https:\/\/blogs.diariosur.es\/tormentas-y-rayos\/wp-json\/wp\/v2\/categories?post=45871"},{"taxonomy":"post_tag","embeddable":true,"href":"https:\/\/blogs.diariosur.es\/tormentas-y-rayos\/wp-json\/wp\/v2\/tags?post=45871"}],"curies":[{"name":"wp","href":"https:\/\/api.w.org\/{rel}","templated":true}]}}