{"id":45877,"date":"2025-08-24T07:46:36","date_gmt":"2025-08-24T05:46:36","guid":{"rendered":"https:\/\/blogs.diariosur.es\/tormentas-y-rayos\/?p=45877"},"modified":"2025-10-04T09:36:49","modified_gmt":"2025-10-04T07:36:49","slug":"dana-veremos-relampagos-y-caeran-chubascos-la-proxima-madrugada-en-la-costa-malaguena","status":"publish","type":"post","link":"https:\/\/blogs.diariosur.es\/tormentas-y-rayos\/2025\/08\/24\/dana-veremos-relampagos-y-caeran-chubascos-la-proxima-madrugada-en-la-costa-malaguena\/","title":{"rendered":"Dana \u00bfVeremos rel\u00e1mpagos y caer chubascos la pr\u00f3xima madrugada en la costa malague\u00f1a?"},"content":{"rendered":"<p><a href=\"https:\/\/static-blogs.diariosur.es\/wp-content\/uploads\/sites\/12\/2025\/07\/72999690_10217709542349272_7908844429161529344_n.jpg\"><img loading=\"lazy\" class=\"aligncenter size-thumbnail wp-image-45292\" src=\"https:\/\/static-blogs.diariosur.es\/wp-content\/uploads\/sites\/12\/2025\/07\/72999690_10217709542349272_7908844429161529344_n-150x150.jpg\" alt=\"\" width=\"150\" height=\"150\" \/><\/a><\/p>\n<p data-pm-slice=\"1 1 []\">Muy buenos d\u00edas, amigos de la meteo. Seguimos con madrugadas agradables en toda la provincia malague\u00f1a y en toda Andaluc\u00eda. La temperatura m\u00ednima en el Centro Meteorol\u00f3gico de M\u00e1laga ha sido de 22,4 \u00baC; destacar Archidona Vega con 14,5 \u00baC.<\/p>\n<p>Como os coment\u00e9 ayer, hoy domingo se esperan nubes altas en toda la provincia de M\u00e1laga; la temperatura del agua del mar a las siete de la ma\u00f1ana es de 19,5 \u00baC.<\/p>\n<p>El paso de una vaguada durante el d\u00eda de hoy es probable que se cierre y forme una dana en el Golfo de C\u00e1diz. A \u00faltima hora de la noche de hoy domingo y durante la madrugada del lunes, hay probabilidad de que veamos rel\u00e1mpagos; en cuanto a los probables chubascos, hay mucha incertidumbre, como siempre pasa en estas situaciones. La mayor probabilidad que dan algunos modelos, otros nada, ser\u00eda en la zona del Estrecho y zona occidental de la provincia malague\u00f1a; salvo sorpresas, muy poca cosa. De darse estos chubascos, ir\u00e1n acompa\u00f1ados de <strong>dep\u00f3sitos de barro.<\/strong><\/p>\n<p>Os el mapa a 500 hpa del modelo europeo. Fuente: Meteologix<\/p>\n<p>&nbsp;<\/p>\n<p>&nbsp;<\/p>\n<p>&nbsp;<\/p>\n<p><a href=\"https:\/\/static-blogs.diariosur.es\/wp-content\/uploads\/sites\/12\/2025\/08\/dana.jpg\"><img loading=\"lazy\" class=\"aligncenter size-full wp-image-45878\" src=\"https:\/\/static-blogs.diariosur.es\/wp-content\/uploads\/sites\/12\/2025\/08\/dana.jpg\" alt=\"\" width=\"1141\" height=\"1132\" srcset=\"https:\/\/static-blogs.diariosur.es\/wp-content\/uploads\/sites\/12\/2025\/08\/dana.jpg 1141w, https:\/\/static-blogs.diariosur.es\/wp-content\/uploads\/sites\/12\/2025\/08\/dana-403x400.jpg 403w, https:\/\/static-blogs.diariosur.es\/wp-content\/uploads\/sites\/12\/2025\/08\/dana-411x408.jpg 411w, https:\/\/static-blogs.diariosur.es\/wp-content\/uploads\/sites\/12\/2025\/08\/dana-150x150.jpg 150w, https:\/\/static-blogs.diariosur.es\/wp-content\/uploads\/sites\/12\/2025\/08\/dana-768x762.jpg 768w\" sizes=\"(max-width: 1141px) 100vw, 1141px\" \/><\/a><\/p>\n<p>&nbsp;<\/p>\n<p>&nbsp;<\/p>\n<p>Hasta ma\u00f1ana.<\/p>\n","protected":false},"excerpt":{"rendered":"<p>Muy buenos d\u00edas, amigos de la meteo. Seguimos con madrugadas agradables en toda la provincia malague\u00f1a y en toda Andaluc\u00eda. La temperatura m\u00ednima en el Centro Meteorol\u00f3gico de M\u00e1laga ha sido de 22,4 \u00baC; destacar Archidona Vega con 14,5 \u00baC. Como os coment\u00e9 ayer, hoy domingo se esperan nubes altas en toda la provincia de [&hellip;]<\/p>\n","protected":false},"author":16,"featured_media":45880,"comment_status":"open","ping_status":"open","sticky":false,"template":"","format":"standard","meta":[],"categories":[2],"tags":[100,307,358,587,800],"_links":{"self":[{"href":"https:\/\/blogs.diariosur.es\/tormentas-y-rayos\/wp-json\/wp\/v2\/posts\/45877"}],"collection":[{"href":"https:\/\/blogs.diariosur.es\/tormentas-y-rayos\/wp-json\/wp\/v2\/posts"}],"about":[{"href":"https:\/\/blogs.diariosur.es\/tormentas-y-rayos\/wp-json\/wp\/v2\/types\/post"}],"author":[{"embeddable":true,"href":"https:\/\/blogs.diariosur.es\/tormentas-y-rayos\/wp-json\/wp\/v2\/users\/16"}],"replies":[{"embeddable":true,"href":"https:\/\/blogs.diariosur.es\/tormentas-y-rayos\/wp-json\/wp\/v2\/comments?post=45877"}],"version-history":[{"count":6,"href":"https:\/\/blogs.diariosur.es\/tormentas-y-rayos\/wp-json\/wp\/v2\/posts\/45877\/revisions"}],"predecessor-version":[{"id":46482,"href":"https:\/\/blogs.diariosur.es\/tormentas-y-rayos\/wp-json\/wp\/v2\/posts\/45877\/revisions\/46482"}],"wp:featuredmedia":[{"embeddable":true,"href":"https:\/\/blogs.diariosur.es\/tormentas-y-rayos\/wp-json\/wp\/v2\/media\/45880"}],"wp:attachment":[{"href":"https:\/\/blogs.diariosur.es\/tormentas-y-rayos\/wp-json\/wp\/v2\/media?parent=45877"}],"wp:term":[{"taxonomy":"category","embeddable":true,"href":"https:\/\/blogs.diariosur.es\/tormentas-y-rayos\/wp-json\/wp\/v2\/categories?post=45877"},{"taxonomy":"post_tag","embeddable":true,"href":"https:\/\/blogs.diariosur.es\/tormentas-y-rayos\/wp-json\/wp\/v2\/tags?post=45877"}],"curies":[{"name":"wp","href":"https:\/\/api.w.org\/{rel}","templated":true}]}}