{"id":45885,"date":"2025-08-25T07:55:59","date_gmt":"2025-08-25T05:55:59","guid":{"rendered":"https:\/\/blogs.diariosur.es\/tormentas-y-rayos\/?p=45885"},"modified":"2025-10-04T09:35:22","modified_gmt":"2025-10-04T07:35:22","slug":"video-de-ese-dia-el-27-de-agosto-de-2023-desaparecen-dos-amigos-que-hacian-paddle-surf-en-malaga-precaucion-el-miercoles-y-jueves-con-el-terral-y-el-poniente","status":"publish","type":"post","link":"https:\/\/blogs.diariosur.es\/tormentas-y-rayos\/2025\/08\/25\/video-de-ese-dia-el-27-de-agosto-de-2023-desaparecen-dos-amigos-que-hacian-paddle-surf-en-malaga-precaucion-el-miercoles-y-jueves-con-el-terral-y-el-poniente\/","title":{"rendered":"Video de ese d\u00eda. El 27 de agosto de 2023 desaparecen dos amigos que hac\u00edan paddle surf en M\u00e1laga. Precauci\u00f3n el mi\u00e9rcoles y jueves con el terral y el poniente."},"content":{"rendered":"<p><a href=\"https:\/\/static-blogs.diariosur.es\/wp-content\/uploads\/sites\/12\/2025\/07\/444912498_10228884468795449_97962860407814916_n-1.jpg\"><img loading=\"lazy\" class=\"aligncenter size-thumbnail wp-image-45529\" src=\"https:\/\/static-blogs.diariosur.es\/wp-content\/uploads\/sites\/12\/2025\/07\/444912498_10228884468795449_97962860407814916_n-1-150x150.jpg\" alt=\"\" width=\"150\" height=\"150\" \/><\/a><\/p>\n<p data-pm-slice=\"1 1 []\">Buenos d\u00edas, amigos de la meteo. El mi\u00e9rcoles 27 se cumplir\u00e1n dos a\u00f1os de la desaparici\u00f3n de Emmanuel Soria y Maxi Ludvik cuando salieron a hacer paddle surf desde la playa de Huelin en M\u00e1laga capital. Ese domingo ten\u00edamos en M\u00e1laga capital fuertes rachas de viento de terral; no hab\u00eda oleaje en la playa de Huelin, pero el viento se los llev\u00f3 mar adentro, donde s\u00ed hab\u00eda oleaje por el poniente y aviso amarillo por fen\u00f3menos costeros.<\/p>\n<p>El mi\u00e9rcoles y jueves de esta semana se esperan rachas fuertes de terral y poniente en la costa malague\u00f1a; a\u00fan no hay avisos activados por fen\u00f3menos costeros, pero es probable que la Aemet lo active. Hay zonas de la costa malague\u00f1a en las que el mar est\u00e1 como un plato, pero en otras se da fuerte oleaje.<\/p>\n<p>El video que os pongo a continuaci\u00f3n lo hice una hora despu\u00e9s de que salieran Maxi y Emma; si os fij\u00e1is, no hab\u00eda oleaje en la playa, pero s\u00ed fuertes rachas de viento que te llevan mar adentro. Mucha precauci\u00f3n.<\/p>\n<p>Foto de portada, fuente Diario Sur.<\/p>\n<p>&nbsp;<\/p>\n<p>&nbsp;<\/p>\n<p><iframe loading=\"lazy\" title=\"27 de agosto de 2023. Rachas fuertes de viento de terral, protagonistas en M\u00e1laga.\" width=\"500\" height=\"281\" src=\"https:\/\/www.youtube.com\/embed\/Pn7bcm1HBwU?feature=oembed\" frameborder=\"0\" allow=\"accelerometer; autoplay; clipboard-write; encrypted-media; gyroscope; picture-in-picture; web-share\" referrerpolicy=\"strict-origin-when-cross-origin\" allowfullscreen><\/iframe><\/p>\n","protected":false},"excerpt":{"rendered":"<p>Buenos d\u00edas, amigos de la meteo. El mi\u00e9rcoles 27 se cumplir\u00e1n dos a\u00f1os de la desaparici\u00f3n de Emmanuel Soria y Maxi Ludvik cuando salieron a hacer paddle surf desde la playa de Huelin en M\u00e1laga capital. Ese domingo ten\u00edamos en M\u00e1laga capital fuertes rachas de viento de terral; no hab\u00eda oleaje en la playa de [&hellip;]<\/p>\n","protected":false},"author":16,"featured_media":45888,"comment_status":"open","ping_status":"open","sticky":false,"template":"","format":"standard","meta":[],"categories":[2],"tags":[2065,2066,587,2064,1519],"_links":{"self":[{"href":"https:\/\/blogs.diariosur.es\/tormentas-y-rayos\/wp-json\/wp\/v2\/posts\/45885"}],"collection":[{"href":"https:\/\/blogs.diariosur.es\/tormentas-y-rayos\/wp-json\/wp\/v2\/posts"}],"about":[{"href":"https:\/\/blogs.diariosur.es\/tormentas-y-rayos\/wp-json\/wp\/v2\/types\/post"}],"author":[{"embeddable":true,"href":"https:\/\/blogs.diariosur.es\/tormentas-y-rayos\/wp-json\/wp\/v2\/users\/16"}],"replies":[{"embeddable":true,"href":"https:\/\/blogs.diariosur.es\/tormentas-y-rayos\/wp-json\/wp\/v2\/comments?post=45885"}],"version-history":[{"count":5,"href":"https:\/\/blogs.diariosur.es\/tormentas-y-rayos\/wp-json\/wp\/v2\/posts\/45885\/revisions"}],"predecessor-version":[{"id":46481,"href":"https:\/\/blogs.diariosur.es\/tormentas-y-rayos\/wp-json\/wp\/v2\/posts\/45885\/revisions\/46481"}],"wp:featuredmedia":[{"embeddable":true,"href":"https:\/\/blogs.diariosur.es\/tormentas-y-rayos\/wp-json\/wp\/v2\/media\/45888"}],"wp:attachment":[{"href":"https:\/\/blogs.diariosur.es\/tormentas-y-rayos\/wp-json\/wp\/v2\/media?parent=45885"}],"wp:term":[{"taxonomy":"category","embeddable":true,"href":"https:\/\/blogs.diariosur.es\/tormentas-y-rayos\/wp-json\/wp\/v2\/categories?post=45885"},{"taxonomy":"post_tag","embeddable":true,"href":"https:\/\/blogs.diariosur.es\/tormentas-y-rayos\/wp-json\/wp\/v2\/tags?post=45885"}],"curies":[{"name":"wp","href":"https:\/\/api.w.org\/{rel}","templated":true}]}}