{"id":45892,"date":"2025-08-26T08:14:18","date_gmt":"2025-08-26T06:14:18","guid":{"rendered":"https:\/\/blogs.diariosur.es\/tormentas-y-rayos\/?p=45892"},"modified":"2025-10-04T09:33:20","modified_gmt":"2025-10-04T07:33:20","slug":"tranquilidad-en-las-masas-y-leer-cuantos-dias-de-terral-tendremos-y-que-temperaturas-maximas-alcanzaremos","status":"publish","type":"post","link":"https:\/\/blogs.diariosur.es\/tormentas-y-rayos\/2025\/08\/26\/tranquilidad-en-las-masas-y-leer-cuantos-dias-de-terral-tendremos-y-que-temperaturas-maximas-alcanzaremos\/","title":{"rendered":"Tranquilidad en las masas, toca leer. \u00bfCu\u00e1ntos d\u00edas de terral tendremos y qu\u00e9 temperaturas m\u00e1ximas alcanzaremos?"},"content":{"rendered":"<p><a href=\"https:\/\/static-blogs.diariosur.es\/wp-content\/uploads\/sites\/12\/2025\/07\/444912498_10228884468795449_97962860407814916_n-1.jpg\"><img loading=\"lazy\" class=\"aligncenter size-thumbnail wp-image-45529\" src=\"https:\/\/static-blogs.diariosur.es\/wp-content\/uploads\/sites\/12\/2025\/07\/444912498_10228884468795449_97962860407814916_n-1-150x150.jpg\" alt=\"\" width=\"150\" height=\"150\" \/><\/a><\/p>\n<p data-pm-slice=\"1 1 []\">Muy buenos d\u00edas, amigos de la meteo.\u00a0 Cuando son las siete y media de la ma\u00f1ana en M\u00e1laga capital, se han registrado estas temperaturas m\u00ednimas en las tres estaciones de la Aemet. Aeropuerto y Centro Meteorol\u00f3gico 24,5 \u00baC y en el puerto 22,8 \u00baC.<\/p>\n<p>Si hab\u00e9is mirado al cielo, seguimos con polvo en suspensi\u00f3n con concentraci\u00f3n alta; lo bueno es que ma\u00f1ana mi\u00e9rcoles a primeras horas de la tarde el cielo se quedar\u00e1 limpio.<\/p>\n<h3><strong>\u00bfCu\u00e1ntos d\u00edas de terral tendremos y qu\u00e9 temperaturas m\u00e1ximas alcanzaremos?<\/strong><\/h3>\n<p>Con los modelos actualizados, es muy probable que tengamos tres d\u00edas de terral y poniente. Os cuento.<\/p>\n<p><strong>Ma\u00f1ana mi\u00e9rcoles<\/strong> a primeras horas de la tarde se dar\u00e1n rachas fuertes de terral y poniente en toda la costa malague\u00f1a; al tener a 850 hpa una masa de aire &#8220;fresca&#8221;, las temperaturas m\u00e1ximas no ser\u00e1n muy altas en las zonas habituales. De momento no hay activados avisos por altas temperaturas, aunque es posible que en nuevas actualizaciones se activen.<\/p>\n<p>Reedito: La Aemet acaba de activar el aviso amarillo en Sol y Guadalhorce por m\u00e1ximas de 36 \u00baC.<\/p>\n<p>&nbsp;<\/p>\n<p><a href=\"https:\/\/static-blogs.diariosur.es\/wp-content\/uploads\/sites\/12\/2025\/08\/Captura-de-pantalla-2025-08-26-120032.jpg\"><img loading=\"lazy\" class=\"aligncenter size-full wp-image-45911\" src=\"https:\/\/static-blogs.diariosur.es\/wp-content\/uploads\/sites\/12\/2025\/08\/Captura-de-pantalla-2025-08-26-120032.jpg\" alt=\"\" width=\"1036\" height=\"817\" srcset=\"https:\/\/static-blogs.diariosur.es\/wp-content\/uploads\/sites\/12\/2025\/08\/Captura-de-pantalla-2025-08-26-120032.jpg 1036w, https:\/\/static-blogs.diariosur.es\/wp-content\/uploads\/sites\/12\/2025\/08\/Captura-de-pantalla-2025-08-26-120032-507x400.jpg 507w, https:\/\/static-blogs.diariosur.es\/wp-content\/uploads\/sites\/12\/2025\/08\/Captura-de-pantalla-2025-08-26-120032-517x408.jpg 517w, https:\/\/static-blogs.diariosur.es\/wp-content\/uploads\/sites\/12\/2025\/08\/Captura-de-pantalla-2025-08-26-120032-768x606.jpg 768w\" sizes=\"(max-width: 1036px) 100vw, 1036px\" \/><\/a><\/p>\n<p>&nbsp;<\/p>\n<p data-pm-slice=\"1 1 []\">Os pongo las temperaturas m\u00e1ximas y m\u00ednimas previstas por la Aemet para el mi\u00e9rcoles. En la zona del Valle del Guadalhorce se registrar\u00edan las m\u00e1s altas, nada del otro mundo.<\/p>\n<p>&nbsp;<\/p>\n<p><a href=\"https:\/\/static-blogs.diariosur.es\/wp-content\/uploads\/sites\/12\/2025\/08\/miercoles-1.jpg\"><img loading=\"lazy\" class=\"aligncenter size-full wp-image-45894\" src=\"https:\/\/static-blogs.diariosur.es\/wp-content\/uploads\/sites\/12\/2025\/08\/miercoles-1.jpg\" alt=\"\" width=\"1057\" height=\"814\" srcset=\"https:\/\/static-blogs.diariosur.es\/wp-content\/uploads\/sites\/12\/2025\/08\/miercoles-1.jpg 1057w, https:\/\/static-blogs.diariosur.es\/wp-content\/uploads\/sites\/12\/2025\/08\/miercoles-1-519x400.jpg 519w, https:\/\/static-blogs.diariosur.es\/wp-content\/uploads\/sites\/12\/2025\/08\/miercoles-1-530x408.jpg 530w, https:\/\/static-blogs.diariosur.es\/wp-content\/uploads\/sites\/12\/2025\/08\/miercoles-1-768x591.jpg 768w\" sizes=\"(max-width: 1057px) 100vw, 1057px\" \/><\/a><\/p>\n<p>&nbsp;<\/p>\n<p data-pm-slice=\"1 1 []\"><strong>El jueves<\/strong> seguir\u00e1 la masa de aire m\u00e1s fresca en toda Andaluc\u00eda. Espero rachas fuertes de poniente y terral en la costa malague\u00f1a, probable aviso amarillo por fen\u00f3menos costeros. En cuanto a las temperaturas m\u00e1ximas, no espero que en M\u00e1laga capital sobrepase los 32 \u00baC, es decir, un terral suave.<\/p>\n<p>Os pongo las temperaturas m\u00e1ximas y m\u00ednimas previstas por la Aemet para el jueves.<\/p>\n<p>Fijaros en las m\u00e1ximas y m\u00ednimas en las comarcas de Ronda y Antequera; estar\u00e1n por debajo de la media.<\/p>\n<p>&nbsp;<\/p>\n<p><a href=\"https:\/\/static-blogs.diariosur.es\/wp-content\/uploads\/sites\/12\/2025\/08\/jueves.jpg\"><img loading=\"lazy\" class=\"aligncenter size-full wp-image-45895\" src=\"https:\/\/static-blogs.diariosur.es\/wp-content\/uploads\/sites\/12\/2025\/08\/jueves.jpg\" alt=\"\" width=\"1042\" height=\"822\" srcset=\"https:\/\/static-blogs.diariosur.es\/wp-content\/uploads\/sites\/12\/2025\/08\/jueves.jpg 1042w, https:\/\/static-blogs.diariosur.es\/wp-content\/uploads\/sites\/12\/2025\/08\/jueves-507x400.jpg 507w, https:\/\/static-blogs.diariosur.es\/wp-content\/uploads\/sites\/12\/2025\/08\/jueves-517x408.jpg 517w, https:\/\/static-blogs.diariosur.es\/wp-content\/uploads\/sites\/12\/2025\/08\/jueves-768x606.jpg 768w\" sizes=\"(max-width: 1042px) 100vw, 1042px\" \/><\/a><\/p>\n<p>&nbsp;<\/p>\n<p data-pm-slice=\"1 1 []\"><strong>El viernes<\/strong> seguiremos con el terral y el poniente; las rachas de viento no ser\u00e1n tan fuertes en la costa malague\u00f1a. Las m\u00e1ximas en las zonas habituales donde sople terral subir\u00e1n un poco con respecto al jueves. Pero, como he comentado desde el principio, no se esperan temperaturas muy altas, como pasa con los habituales terrales en verano.<\/p>\n<p>Os pongo las temperaturas m\u00e1ximas y m\u00ednimas previstas por la Aemet para el viernes.<\/p>\n<p>&nbsp;<\/p>\n<p><a href=\"https:\/\/static-blogs.diariosur.es\/wp-content\/uploads\/sites\/12\/2025\/08\/viernes-1.jpg\"><img loading=\"lazy\" class=\"aligncenter size-full wp-image-45896\" src=\"https:\/\/static-blogs.diariosur.es\/wp-content\/uploads\/sites\/12\/2025\/08\/viernes-1.jpg\" alt=\"\" width=\"1038\" height=\"813\" srcset=\"https:\/\/static-blogs.diariosur.es\/wp-content\/uploads\/sites\/12\/2025\/08\/viernes-1.jpg 1038w, https:\/\/static-blogs.diariosur.es\/wp-content\/uploads\/sites\/12\/2025\/08\/viernes-1-511x400.jpg 511w, https:\/\/static-blogs.diariosur.es\/wp-content\/uploads\/sites\/12\/2025\/08\/viernes-1-521x408.jpg 521w, https:\/\/static-blogs.diariosur.es\/wp-content\/uploads\/sites\/12\/2025\/08\/viernes-1-768x602.jpg 768w\" sizes=\"(max-width: 1038px) 100vw, 1038px\" \/><\/a><\/p>\n<p>&nbsp;<\/p>\n<p>&nbsp;<\/p>\n<p data-pm-slice=\"1 1 []\">La temperatura del agua del mar en estos momentos registra 20,4 \u00baC; es probable que hoy se llegue a 22 \u00baC. Para el fin de semana volver\u00e1 a bajar y rondar\u00e1 entre los 17 \u00baC y 18 \u00baC; vendr\u00e1 muy bien para conciliar el sue\u00f1o con las brisas m\u00e1s fresquitas.<\/p>\n<p>&nbsp;<\/p>\n","protected":false},"excerpt":{"rendered":"<p>Muy buenos d\u00edas, amigos de la meteo.\u00a0 Cuando son las siete y media de la ma\u00f1ana en M\u00e1laga capital, se han registrado estas temperaturas m\u00ednimas en las tres estaciones de la Aemet. Aeropuerto y Centro Meteorol\u00f3gico 24,5 \u00baC y en el puerto 22,8 \u00baC. Si hab\u00e9is mirado al cielo, seguimos con polvo en suspensi\u00f3n con [&hellip;]<\/p>\n","protected":false},"author":16,"featured_media":45415,"comment_status":"open","ping_status":"open","sticky":false,"template":"","format":"standard","meta":[],"categories":[2],"tags":[358,587,791,975],"_links":{"self":[{"href":"https:\/\/blogs.diariosur.es\/tormentas-y-rayos\/wp-json\/wp\/v2\/posts\/45892"}],"collection":[{"href":"https:\/\/blogs.diariosur.es\/tormentas-y-rayos\/wp-json\/wp\/v2\/posts"}],"about":[{"href":"https:\/\/blogs.diariosur.es\/tormentas-y-rayos\/wp-json\/wp\/v2\/types\/post"}],"author":[{"embeddable":true,"href":"https:\/\/blogs.diariosur.es\/tormentas-y-rayos\/wp-json\/wp\/v2\/users\/16"}],"replies":[{"embeddable":true,"href":"https:\/\/blogs.diariosur.es\/tormentas-y-rayos\/wp-json\/wp\/v2\/comments?post=45892"}],"version-history":[{"count":6,"href":"https:\/\/blogs.diariosur.es\/tormentas-y-rayos\/wp-json\/wp\/v2\/posts\/45892\/revisions"}],"predecessor-version":[{"id":46480,"href":"https:\/\/blogs.diariosur.es\/tormentas-y-rayos\/wp-json\/wp\/v2\/posts\/45892\/revisions\/46480"}],"wp:featuredmedia":[{"embeddable":true,"href":"https:\/\/blogs.diariosur.es\/tormentas-y-rayos\/wp-json\/wp\/v2\/media\/45415"}],"wp:attachment":[{"href":"https:\/\/blogs.diariosur.es\/tormentas-y-rayos\/wp-json\/wp\/v2\/media?parent=45892"}],"wp:term":[{"taxonomy":"category","embeddable":true,"href":"https:\/\/blogs.diariosur.es\/tormentas-y-rayos\/wp-json\/wp\/v2\/categories?post=45892"},{"taxonomy":"post_tag","embeddable":true,"href":"https:\/\/blogs.diariosur.es\/tormentas-y-rayos\/wp-json\/wp\/v2\/tags?post=45892"}],"curies":[{"name":"wp","href":"https:\/\/api.w.org\/{rel}","templated":true}]}}