{"id":45928,"date":"2025-08-29T08:14:32","date_gmt":"2025-08-29T06:14:32","guid":{"rendered":"https:\/\/blogs.diariosur.es\/tormentas-y-rayos\/?p=45928"},"modified":"2025-10-03T18:38:59","modified_gmt":"2025-10-03T16:38:59","slug":"que-tiempo-hara-el-ultimo-fin-de-semana-de-agosto-en-la-provincia-de-malaga","status":"publish","type":"post","link":"https:\/\/blogs.diariosur.es\/tormentas-y-rayos\/2025\/08\/29\/que-tiempo-hara-el-ultimo-fin-de-semana-de-agosto-en-la-provincia-de-malaga\/","title":{"rendered":"\u00bfQu\u00e9 tiempo har\u00e1 el ultimo fin de semana de agosto en la provincia de M\u00e1laga?"},"content":{"rendered":"<p><a href=\"https:\/\/static-blogs.diariosur.es\/wp-content\/uploads\/sites\/12\/2025\/07\/72999690_10217709542349272_7908844429161529344_n.jpg\"><img loading=\"lazy\" class=\"aligncenter size-thumbnail wp-image-45292\" src=\"https:\/\/static-blogs.diariosur.es\/wp-content\/uploads\/sites\/12\/2025\/07\/72999690_10217709542349272_7908844429161529344_n-150x150.jpg\" alt=\"\" width=\"150\" height=\"150\" \/><\/a><\/p>\n<p data-pm-slice=\"1 1 []\">Buenos d\u00edas, amigos de la meteo. Madrugada agradable en la costa malague\u00f1a y fresquita por el interior. Os paso algunas temperaturas m\u00ednimas que hemos registrado. Fuente: Aemet, Wunderground y Meteoclimatic<\/p>\n<p>M\u00e1laga Centro Meteorol\u00f3gico 22,3 \u00baC<\/p>\n<p>Estepona 19,3 \u00b0C<\/p>\n<p>Marbella 19 \u00b0C<\/p>\n<p>Algarrobo 19,5 \u00b0C<\/p>\n<p>Antequera 14,5 \u00baC<\/p>\n<p>Benahav\u00eds 19 \u00baC<\/p>\n<p>Alpandeire 17,6 \u00baC<\/p>\n<p>Cortes de la Frontera 17 \u00baC<\/p>\n<p>Gauc\u00edn 15,7 \u00baC<\/p>\n<p>Manilva 19,3 \u00baC<\/p>\n<p>Ronda 14 \u00b0C<\/p>\n<p>Archidona Vega 10,6 \u00baC<\/p>\n<p>Villanueva del Rosario 14,4 \u00baC<\/p>\n<p>Alameda 16,3 \u00baC<\/p>\n<p>La temperatura del agua del mar en la boya de M\u00e1laga registra 19,6 \u00baC.<\/p>\n<h3>\u00bfQu\u00e9 tiempo har\u00e1 el \u00faltimo fin de semana de agosto en la provincia de M\u00e1laga?<\/h3>\n<p>El s\u00e1bado no espero rachas fuertes de viento; ser\u00e1n flojos y variables. Os pongo las temperaturas m\u00e1ximas y m\u00ednimas que prev\u00e9 la Aemet.<\/p>\n<p>&nbsp;<\/p>\n<p><a href=\"https:\/\/static-blogs.diariosur.es\/wp-content\/uploads\/sites\/12\/2025\/08\/sabado-2.jpg\"><img loading=\"lazy\" class=\"aligncenter size-full wp-image-45940\" src=\"https:\/\/static-blogs.diariosur.es\/wp-content\/uploads\/sites\/12\/2025\/08\/sabado-2.jpg\" alt=\"\" width=\"1042\" height=\"816\" srcset=\"https:\/\/static-blogs.diariosur.es\/wp-content\/uploads\/sites\/12\/2025\/08\/sabado-2.jpg 1042w, https:\/\/static-blogs.diariosur.es\/wp-content\/uploads\/sites\/12\/2025\/08\/sabado-2-511x400.jpg 511w, https:\/\/static-blogs.diariosur.es\/wp-content\/uploads\/sites\/12\/2025\/08\/sabado-2-521x408.jpg 521w, https:\/\/static-blogs.diariosur.es\/wp-content\/uploads\/sites\/12\/2025\/08\/sabado-2-768x601.jpg 768w\" sizes=\"(max-width: 1042px) 100vw, 1042px\" \/><\/a><\/p>\n<p>&nbsp;<\/p>\n<p>&nbsp;<\/p>\n<p data-pm-slice=\"1 1 []\">El domingo, lo m\u00e1s destacable se dar\u00e1 por la tarde a \u00faltima hora; espero rachas de moderadas a fuertes de poniente y terral. Seg\u00fan a la hora que entre el terral, tendremos una m\u00e1xima m\u00e1s alta o menos alta en la capital. En el interior del Valle del Guadalhorce se registrar\u00e1n las temperaturas m\u00e1s altas. A primeras horas de la ma\u00f1ana del domingo tendremos brumas y nubes bajas en el litoral malague\u00f1o.<\/p>\n<p>Os pongo las temperaturas m\u00e1ximas y m\u00ednimas que prev\u00e9 la Aemet.<\/p>\n<p>&nbsp;<\/p>\n<p><a href=\"https:\/\/static-blogs.diariosur.es\/wp-content\/uploads\/sites\/12\/2025\/08\/zz-1.jpg\"><img loading=\"lazy\" class=\"aligncenter size-full wp-image-45941\" src=\"https:\/\/static-blogs.diariosur.es\/wp-content\/uploads\/sites\/12\/2025\/08\/zz-1.jpg\" alt=\"\" width=\"1045\" height=\"813\" srcset=\"https:\/\/static-blogs.diariosur.es\/wp-content\/uploads\/sites\/12\/2025\/08\/zz-1.jpg 1045w, https:\/\/static-blogs.diariosur.es\/wp-content\/uploads\/sites\/12\/2025\/08\/zz-1-514x400.jpg 514w, https:\/\/static-blogs.diariosur.es\/wp-content\/uploads\/sites\/12\/2025\/08\/zz-1-524x408.jpg 524w, https:\/\/static-blogs.diariosur.es\/wp-content\/uploads\/sites\/12\/2025\/08\/zz-1-768x597.jpg 768w\" sizes=\"(max-width: 1045px) 100vw, 1045px\" \/><\/a><\/p>\n<p>&nbsp;<\/p>\n<p>Os dejo con estas fotos que hice el a\u00f1o pasado tal d\u00eda como hoy.<\/p>\n<p>&nbsp;<\/p>\n<p><a href=\"https:\/\/static-blogs.diariosur.es\/wp-content\/uploads\/sites\/12\/2025\/08\/69209689_10217335220271454_702083705283280896_n-e1756448294964.jpg\"><img loading=\"lazy\" class=\"aligncenter size-full wp-image-45945\" src=\"https:\/\/static-blogs.diariosur.es\/wp-content\/uploads\/sites\/12\/2025\/08\/69209689_10217335220271454_702083705283280896_n-e1756448294964.jpg\" alt=\"\" width=\"1200\" height=\"801\" \/><\/a><\/p>\n<p>&nbsp;<\/p>\n<p><a href=\"https:\/\/static-blogs.diariosur.es\/wp-content\/uploads\/sites\/12\/2025\/08\/69404525_10217335220431458_1860877864702836736_n-e1756448316205.jpg\"><img loading=\"lazy\" class=\"aligncenter size-full wp-image-45942\" src=\"https:\/\/static-blogs.diariosur.es\/wp-content\/uploads\/sites\/12\/2025\/08\/69404525_10217335220431458_1860877864702836736_n-e1756448316205.jpg\" alt=\"\" width=\"1200\" height=\"801\" \/><\/a><\/p>\n","protected":false},"excerpt":{"rendered":"<p>Buenos d\u00edas, amigos de la meteo. Madrugada agradable en la costa malague\u00f1a y fresquita por el interior. Os paso algunas temperaturas m\u00ednimas que hemos registrado. Fuente: Aemet, Wunderground y Meteoclimatic M\u00e1laga Centro Meteorol\u00f3gico 22,3 \u00baC Estepona 19,3 \u00b0C Marbella 19 \u00b0C Algarrobo 19,5 \u00b0C Antequera 14,5 \u00baC Benahav\u00eds 19 \u00baC Alpandeire 17,6 \u00baC Cortes de [&hellip;]<\/p>\n","protected":false},"author":16,"featured_media":45942,"comment_status":"open","ping_status":"open","sticky":false,"template":"","format":"standard","meta":[],"categories":[2],"tags":[358,587,791,800,975],"_links":{"self":[{"href":"https:\/\/blogs.diariosur.es\/tormentas-y-rayos\/wp-json\/wp\/v2\/posts\/45928"}],"collection":[{"href":"https:\/\/blogs.diariosur.es\/tormentas-y-rayos\/wp-json\/wp\/v2\/posts"}],"about":[{"href":"https:\/\/blogs.diariosur.es\/tormentas-y-rayos\/wp-json\/wp\/v2\/types\/post"}],"author":[{"embeddable":true,"href":"https:\/\/blogs.diariosur.es\/tormentas-y-rayos\/wp-json\/wp\/v2\/users\/16"}],"replies":[{"embeddable":true,"href":"https:\/\/blogs.diariosur.es\/tormentas-y-rayos\/wp-json\/wp\/v2\/comments?post=45928"}],"version-history":[{"count":9,"href":"https:\/\/blogs.diariosur.es\/tormentas-y-rayos\/wp-json\/wp\/v2\/posts\/45928\/revisions"}],"predecessor-version":[{"id":46467,"href":"https:\/\/blogs.diariosur.es\/tormentas-y-rayos\/wp-json\/wp\/v2\/posts\/45928\/revisions\/46467"}],"wp:featuredmedia":[{"embeddable":true,"href":"https:\/\/blogs.diariosur.es\/tormentas-y-rayos\/wp-json\/wp\/v2\/media\/45942"}],"wp:attachment":[{"href":"https:\/\/blogs.diariosur.es\/tormentas-y-rayos\/wp-json\/wp\/v2\/media?parent=45928"}],"wp:term":[{"taxonomy":"category","embeddable":true,"href":"https:\/\/blogs.diariosur.es\/tormentas-y-rayos\/wp-json\/wp\/v2\/categories?post=45928"},{"taxonomy":"post_tag","embeddable":true,"href":"https:\/\/blogs.diariosur.es\/tormentas-y-rayos\/wp-json\/wp\/v2\/tags?post=45928"}],"curies":[{"name":"wp","href":"https:\/\/api.w.org\/{rel}","templated":true}]}}