{"id":45931,"date":"2025-08-28T07:22:06","date_gmt":"2025-08-28T05:22:06","guid":{"rendered":"https:\/\/blogs.diariosur.es\/tormentas-y-rayos\/?p=45931"},"modified":"2025-10-04T09:21:33","modified_gmt":"2025-10-04T07:21:33","slug":"malaga-aeropuerto-registro-ayer-la-temperatura-maxima-de-espana","status":"publish","type":"post","link":"https:\/\/blogs.diariosur.es\/tormentas-y-rayos\/2025\/08\/28\/malaga-aeropuerto-registro-ayer-la-temperatura-maxima-de-espana\/","title":{"rendered":"M\u00e1laga Aeropuerto registr\u00f3 ayer la temperatura m\u00e1xima de Espa\u00f1a"},"content":{"rendered":"<p><a href=\"https:\/\/static-blogs.diariosur.es\/wp-content\/uploads\/sites\/12\/2025\/07\/444912498_10228884468795449_97962860407814916_n-1.jpg\"><img loading=\"lazy\" class=\"aligncenter size-thumbnail wp-image-45529\" src=\"https:\/\/static-blogs.diariosur.es\/wp-content\/uploads\/sites\/12\/2025\/07\/444912498_10228884468795449_97962860407814916_n-1-150x150.jpg\" alt=\"\" width=\"150\" height=\"150\" \/><\/a><\/p>\n<p data-pm-slice=\"1 1 []\">Muy buenos d\u00edas, amigos de la meteo. Por falta de tiempo, hoy tendr\u00e9is que leer menos. M\u00e1laga Aeropuerto registr\u00f3 ayer la temperatura m\u00e1xima de Espa\u00f1a con <strong>37,8 \u00baC;<\/strong> destacar tambi\u00e9n \u00c1lora con 37,3 \u00baC y Centro Meteorol\u00f3gico con 37,1 \u00baC. Fuente AEMET<\/p>\n<p>Aunque hoy seguir\u00e1 el terral y el poniente con rachas fuertes de viento, no espero temperaturas muy altas en las zonas habituales donde entra el viento malague\u00f1o. Ma\u00f1ana viernes s\u00ed subir\u00e1n un poco, pero las rachas de viento no se esperan tan fuertes; ya veremos si se activa el aviso amarillo por altas temperaturas.<\/p>\n<p>Esta tarde o ma\u00f1ana os dar\u00e9 la previsi\u00f3n del fin de semana; como muchos sab\u00e9is, el lunes comienza el oto\u00f1o meteorol\u00f3gico.<\/p>\n","protected":false},"excerpt":{"rendered":"<p>Muy buenos d\u00edas, amigos de la meteo. Por falta de tiempo, hoy tendr\u00e9is que leer menos. M\u00e1laga Aeropuerto registr\u00f3 ayer la temperatura m\u00e1xima de Espa\u00f1a con 37,8 \u00baC; destacar tambi\u00e9n \u00c1lora con 37,3 \u00baC y Centro Meteorol\u00f3gico con 37,1 \u00baC. Fuente AEMET Aunque hoy seguir\u00e1 el terral y el poniente con rachas fuertes de viento, [&hellip;]<\/p>\n","protected":false},"author":16,"featured_media":45932,"comment_status":"open","ping_status":"open","sticky":false,"template":"","format":"standard","meta":[],"categories":[2],"tags":[587,791,975],"_links":{"self":[{"href":"https:\/\/blogs.diariosur.es\/tormentas-y-rayos\/wp-json\/wp\/v2\/posts\/45931"}],"collection":[{"href":"https:\/\/blogs.diariosur.es\/tormentas-y-rayos\/wp-json\/wp\/v2\/posts"}],"about":[{"href":"https:\/\/blogs.diariosur.es\/tormentas-y-rayos\/wp-json\/wp\/v2\/types\/post"}],"author":[{"embeddable":true,"href":"https:\/\/blogs.diariosur.es\/tormentas-y-rayos\/wp-json\/wp\/v2\/users\/16"}],"replies":[{"embeddable":true,"href":"https:\/\/blogs.diariosur.es\/tormentas-y-rayos\/wp-json\/wp\/v2\/comments?post=45931"}],"version-history":[{"count":6,"href":"https:\/\/blogs.diariosur.es\/tormentas-y-rayos\/wp-json\/wp\/v2\/posts\/45931\/revisions"}],"predecessor-version":[{"id":46478,"href":"https:\/\/blogs.diariosur.es\/tormentas-y-rayos\/wp-json\/wp\/v2\/posts\/45931\/revisions\/46478"}],"wp:featuredmedia":[{"embeddable":true,"href":"https:\/\/blogs.diariosur.es\/tormentas-y-rayos\/wp-json\/wp\/v2\/media\/45932"}],"wp:attachment":[{"href":"https:\/\/blogs.diariosur.es\/tormentas-y-rayos\/wp-json\/wp\/v2\/media?parent=45931"}],"wp:term":[{"taxonomy":"category","embeddable":true,"href":"https:\/\/blogs.diariosur.es\/tormentas-y-rayos\/wp-json\/wp\/v2\/categories?post=45931"},{"taxonomy":"post_tag","embeddable":true,"href":"https:\/\/blogs.diariosur.es\/tormentas-y-rayos\/wp-json\/wp\/v2\/tags?post=45931"}],"curies":[{"name":"wp","href":"https:\/\/api.w.org\/{rel}","templated":true}]}}