{"id":45948,"date":"2025-08-30T08:27:48","date_gmt":"2025-08-30T06:27:48","guid":{"rendered":"https:\/\/blogs.diariosur.es\/tormentas-y-rayos\/?p=45948"},"modified":"2025-10-03T18:36:52","modified_gmt":"2025-10-03T16:36:52","slug":"como-comenzara-el-otono-meteorologico-en-la-provincia-de-malaga-rincon-de-la-victoria-registra-la-temperatura-mas-alta-de-andalucia","status":"publish","type":"post","link":"https:\/\/blogs.diariosur.es\/tormentas-y-rayos\/2025\/08\/30\/como-comenzara-el-otono-meteorologico-en-la-provincia-de-malaga-rincon-de-la-victoria-registra-la-temperatura-mas-alta-de-andalucia\/","title":{"rendered":"\u00bfC\u00f3mo comenzar\u00e1 el oto\u00f1o meteorol\u00f3gico en la provincia de M\u00e1laga? Rinc\u00f3n de la Victoria registra la temperatura m\u00e1s alta de Andaluc\u00eda."},"content":{"rendered":"<p><a href=\"https:\/\/static-blogs.diariosur.es\/wp-content\/uploads\/sites\/12\/2025\/07\/444912498_10228884468795449_97962860407814916_n.jpg\"><img loading=\"lazy\" class=\"aligncenter size-thumbnail wp-image-45498\" src=\"https:\/\/static-blogs.diariosur.es\/wp-content\/uploads\/sites\/12\/2025\/07\/444912498_10228884468795449_97962860407814916_n-150x150.jpg\" alt=\"\" width=\"150\" height=\"150\" \/><\/a><\/p>\n<p data-pm-slice=\"1 1 []\">Buenos d\u00edas, amigos de la meteo. Ayer viernes, el Rinc\u00f3n de la Victoria registr\u00f3 la temperatura m\u00e1xima m\u00e1s alta de Andaluc\u00eda con 37,1 \u00baC. Muchos sab\u00e9is el dicho de que pasada la f\u00e1brica de cementos no hay terral; es un mito; en ocasiones s\u00ed entra el terral e incluso se ha llegado a 41,7 \u00baC. Tengo un estudio de hace unos a\u00f1os, donde explico por qu\u00e9 entra en algunas situaciones. Este post es de julio de 2012; pinchar en el enlace.<\/p>\n<h3>\u00a0 <a href=\"https:\/\/blogs.diariosur.es\/tormentas-y-rayos\/2012\/07\/16\/porque-el-sabado-el-rincon-de-la-victoria-llego-a-417-grados-record-historico\/\">\u00bfPorqu\u00e9 el s\u00e1bado el Rinc\u00f3n de la Victoria llego a 41,7 grados? R\u00e9cord hist\u00f3rico<\/a><\/h3>\n<h3 data-pm-slice=\"1 1 []\">\u00bfC\u00f3mo comenzar\u00e1 el oto\u00f1o meteorol\u00f3gico en la provincia de M\u00e1laga?<\/h3>\n<p>Muchos sab\u00e9is que el oto\u00f1o meteorol\u00f3gico comienza el lunes 1 de septiembre; el astron\u00f3mico, el 22 de septiembre a las\u00a018:19 de la tarde. El primer d\u00eda del oto\u00f1o meteorol\u00f3gico, el protagonista ser\u00e1 el terral y el poniente en las zonas habituales de la costa malague\u00f1a; se esperan rachas fuertes de viento. <strong>La buena noticia es que no se esperan temperaturas m\u00e1ximas muy altas; en las zonas de terral, las m\u00e1ximas rondar\u00e1n entre los 29 \u00baC y 31 \u00baC<\/strong>. Esto se deber\u00e1 a que a 850 hpa (1500 m) tenemos una masa de aire fr\u00eda.<\/p>\n<p>Os paso el mapa de temperaturas a 850 hPa,\u00a0fuente modelo europeo Meteociel.<\/p>\n<p>&nbsp;<\/p>\n<p><a href=\"https:\/\/static-blogs.diariosur.es\/wp-content\/uploads\/sites\/12\/2025\/08\/ECS0-72.png\"><img loading=\"lazy\" class=\"aligncenter size-full wp-image-45960\" src=\"https:\/\/static-blogs.diariosur.es\/wp-content\/uploads\/sites\/12\/2025\/08\/ECS0-72.png\" alt=\"\" width=\"768\" height=\"768\" srcset=\"https:\/\/static-blogs.diariosur.es\/wp-content\/uploads\/sites\/12\/2025\/08\/ECS0-72.png 768w, https:\/\/static-blogs.diariosur.es\/wp-content\/uploads\/sites\/12\/2025\/08\/ECS0-72-400x400.png 400w, https:\/\/static-blogs.diariosur.es\/wp-content\/uploads\/sites\/12\/2025\/08\/ECS0-72-408x408.png 408w, https:\/\/static-blogs.diariosur.es\/wp-content\/uploads\/sites\/12\/2025\/08\/ECS0-72-150x150.png 150w\" sizes=\"(max-width: 768px) 100vw, 768px\" \/><\/a><\/p>\n<p>&nbsp;<\/p>\n<p>En muchas zonas de la pen\u00ednsula se esperan temperaturas por debajo de la media, fijaros en las anomal\u00edas negativas a 850 hpa. Todo esto ayudara a sofocar los incendios.<\/p>\n<p>&nbsp;<\/p>\n<p><a href=\"https:\/\/static-blogs.diariosur.es\/wp-content\/uploads\/sites\/12\/2025\/08\/ECS100-72.png\"><img loading=\"lazy\" class=\"aligncenter size-full wp-image-45961\" src=\"https:\/\/static-blogs.diariosur.es\/wp-content\/uploads\/sites\/12\/2025\/08\/ECS100-72.png\" alt=\"\" width=\"768\" height=\"768\" srcset=\"https:\/\/static-blogs.diariosur.es\/wp-content\/uploads\/sites\/12\/2025\/08\/ECS100-72.png 768w, https:\/\/static-blogs.diariosur.es\/wp-content\/uploads\/sites\/12\/2025\/08\/ECS100-72-400x400.png 400w, https:\/\/static-blogs.diariosur.es\/wp-content\/uploads\/sites\/12\/2025\/08\/ECS100-72-408x408.png 408w, https:\/\/static-blogs.diariosur.es\/wp-content\/uploads\/sites\/12\/2025\/08\/ECS100-72-150x150.png 150w\" sizes=\"(max-width: 768px) 100vw, 768px\" \/><\/a><\/p>\n<p>&nbsp;<\/p>\n<p>La previsi\u00f3n del martes la dar\u00e9 mejor ma\u00f1ana con los modelos actualizados.<\/p>\n<p>Os dejo con esta bonita foto de mi amigo Crist\u00f3bal Gambero.<\/p>\n<p>&nbsp;<\/p>\n<p><a href=\"https:\/\/static-blogs.diariosur.es\/wp-content\/uploads\/sites\/12\/2025\/08\/524839940_23998121943143474_1391745191733245169_n-e1756535154589.jpg\"><img loading=\"lazy\" class=\"aligncenter size-full wp-image-45962\" src=\"https:\/\/static-blogs.diariosur.es\/wp-content\/uploads\/sites\/12\/2025\/08\/524839940_23998121943143474_1391745191733245169_n-e1756535154589.jpg\" alt=\"\" width=\"1100\" height=\"664\" \/><\/a><\/p>\n","protected":false},"excerpt":{"rendered":"<p>Buenos d\u00edas, amigos de la meteo. Ayer viernes, el Rinc\u00f3n de la Victoria registr\u00f3 la temperatura m\u00e1xima m\u00e1s alta de Andaluc\u00eda con 37,1 \u00baC. Muchos sab\u00e9is el dicho de que pasada la f\u00e1brica de cementos no hay terral; es un mito; en ocasiones s\u00ed entra el terral e incluso se ha llegado a 41,7 \u00baC. [&hellip;]<\/p>\n","protected":false},"author":16,"featured_media":45962,"comment_status":"open","ping_status":"open","sticky":false,"template":"","format":"standard","meta":[],"categories":[2],"tags":[358,645,744,791,800,975],"_links":{"self":[{"href":"https:\/\/blogs.diariosur.es\/tormentas-y-rayos\/wp-json\/wp\/v2\/posts\/45948"}],"collection":[{"href":"https:\/\/blogs.diariosur.es\/tormentas-y-rayos\/wp-json\/wp\/v2\/posts"}],"about":[{"href":"https:\/\/blogs.diariosur.es\/tormentas-y-rayos\/wp-json\/wp\/v2\/types\/post"}],"author":[{"embeddable":true,"href":"https:\/\/blogs.diariosur.es\/tormentas-y-rayos\/wp-json\/wp\/v2\/users\/16"}],"replies":[{"embeddable":true,"href":"https:\/\/blogs.diariosur.es\/tormentas-y-rayos\/wp-json\/wp\/v2\/comments?post=45948"}],"version-history":[{"count":7,"href":"https:\/\/blogs.diariosur.es\/tormentas-y-rayos\/wp-json\/wp\/v2\/posts\/45948\/revisions"}],"predecessor-version":[{"id":46466,"href":"https:\/\/blogs.diariosur.es\/tormentas-y-rayos\/wp-json\/wp\/v2\/posts\/45948\/revisions\/46466"}],"wp:featuredmedia":[{"embeddable":true,"href":"https:\/\/blogs.diariosur.es\/tormentas-y-rayos\/wp-json\/wp\/v2\/media\/45962"}],"wp:attachment":[{"href":"https:\/\/blogs.diariosur.es\/tormentas-y-rayos\/wp-json\/wp\/v2\/media?parent=45948"}],"wp:term":[{"taxonomy":"category","embeddable":true,"href":"https:\/\/blogs.diariosur.es\/tormentas-y-rayos\/wp-json\/wp\/v2\/categories?post=45948"},{"taxonomy":"post_tag","embeddable":true,"href":"https:\/\/blogs.diariosur.es\/tormentas-y-rayos\/wp-json\/wp\/v2\/tags?post=45948"}],"curies":[{"name":"wp","href":"https:\/\/api.w.org\/{rel}","templated":true}]}}