{"id":45970,"date":"2025-09-01T07:51:12","date_gmt":"2025-09-01T05:51:12","guid":{"rendered":"https:\/\/blogs.diariosur.es\/tormentas-y-rayos\/?p=45970"},"modified":"2025-10-03T18:33:11","modified_gmt":"2025-10-03T16:33:11","slug":"septiembre-el-mes-mas-peligroso-por-la-meteorologia-en-malaga","status":"publish","type":"post","link":"https:\/\/blogs.diariosur.es\/tormentas-y-rayos\/2025\/09\/01\/septiembre-el-mes-mas-peligroso-por-la-meteorologia-en-malaga\/","title":{"rendered":"Septiembre, el mes m\u00e1s peligroso por la meteorolog\u00eda en M\u00e1laga"},"content":{"rendered":"<p><a href=\"https:\/\/static-blogs.diariosur.es\/wp-content\/uploads\/sites\/12\/2025\/07\/72999690_10217709542349272_7908844429161529344_n.jpg\"><img loading=\"lazy\" class=\"aligncenter size-thumbnail wp-image-45292\" src=\"https:\/\/static-blogs.diariosur.es\/wp-content\/uploads\/sites\/12\/2025\/07\/72999690_10217709542349272_7908844429161529344_n-150x150.jpg\" alt=\"\" width=\"150\" height=\"150\" \/><\/a><\/p>\n<p>&nbsp;<\/p>\n<p data-pm-slice=\"1 1 []\">Buenos d\u00edas, amigos de la meteo. Como todos los a\u00f1os, pongo este post para mis nuevos seguidores que llevan poco tiempo ley\u00e9ndome. Este mes es el que m\u00e1s muertes ha provocado en M\u00e1laga capital y Espa\u00f1a en un d\u00eda, como podr\u00e9is leer m\u00e1s adelante.<\/p>\n<h3>Septiembre, el mes m\u00e1s peligroso por la meteorolog\u00eda en M\u00e1laga<\/h3>\n<p>Seg\u00fan la hemeroteca y efem\u00e9rides, el mes de septiembre ha sido el que mayores inundaciones y muertos ha tenido la capital malague\u00f1a, su provincia e incluso en Espa\u00f1a. La mayor\u00eda de las veces han sido provocadas por una dana (depresi\u00f3n aislada en altura) o por vaguadas, que en ocasiones han sido retr\u00f3gradas. La mayor probabilidad se da a partir de la segunda quincena, pero en otras ocasiones tambi\u00e9n se han dado en la primera, pero no con tanta virulencia.<\/p>\n<p>En la \u00e9poca fenicia, romana y \u00e1rabe hab\u00eda tambi\u00e9n danas y vaguadas, pero M\u00e1laga no se inundaba. Las inundaciones vinieron por esto que cuenta la Sociedad Malague\u00f1a de Ciencias en su libro.<\/p>\n<p><strong><em>Por la profunda deforestaci\u00f3n de \u00e1rboles que sufri\u00f3 de manera secular y muy activamente la cuenca del Guadalmedina, tras la conquista de la ciudad por los Reyes Cat\u00f3licos en 1487.\u00a0 Se elimin\u00f3 toda la vegetaci\u00f3n que cubr\u00eda sus vertientes para plantarse de forma extensiva el cultivo de la vid, que tanto nombre dar\u00eda a nuestra tierra. No solo es el Guadalmedina el que trae inundaciones, tambi\u00e9n los arroyos que la circundan. Destacar el Arroyo del Cuarto y de los \u00c1ngeles, que azotaban los barrios del Perchel y Trinidad. El Arroyo de la Amargura y sus tributarios arrasaron muchas veces el centro de la ciudad; sus aguas torrenciales entraban por la Puerta de Granada.\u00a0 \u00a0<\/em><\/strong><\/p>\n<p>Os pongo a continuaci\u00f3n las fechas de las inundaciones m\u00e1s importantes en M\u00e1laga capital y su provincia en un mes de septiembre, atentos a las de los a\u00f1os 1628 y 1661.<\/p>\n<p>A\u00f1o 1540<\/p>\n<p>A\u00f1o 1548<\/p>\n<p>A\u00f1o 1580<\/p>\n<p>A\u00f1o 1608<\/p>\n<p>A\u00f1o 1611<\/p>\n<p>A\u00f1o 1614<\/p>\n<p><strong>A\u00f1o 1628, 23 y 24 de septiembre<\/strong>.\u00a0 Se produce una tremenda inundaci\u00f3n en M\u00e1laga que causa m\u00e1s de <strong>600 muertos.<\/strong><\/p>\n<p><strong>19 de septiembre de\u00a01629.\u00a0<\/strong>Graves inundaciones<\/p>\n<p><strong>22 de septiembre de 1661. <\/strong>Inundaci\u00f3n en M\u00e1laga. La cr\u00f3nica refiere que es &#8220;la inundaci\u00f3n m\u00e1s inaudita que haya padecido poblaci\u00f3n alguna de nuestra historia desde el diluvio universal&#8221;.\u00a0 Se conoci\u00f3, junto con la de 1628, como\u00a0<strong>&#8220;Las inundaciones de San Lino&#8221;; <\/strong>tambi\u00e9n hubo muchos muertos; seg\u00fan algunas fuentes, murieron unos <strong>3.000 malague\u00f1os.<\/strong><\/p>\n<p><strong>29 de septiembre de\u00a01764.\u00a0<\/strong>Tremenda inundaci\u00f3n en M\u00e1laga.<\/p>\n<p><strong>El 22 de septiembre de 1802.\u00a0 <\/strong>Gran inundaci\u00f3n del Guadalmedina<\/p>\n<p><strong>El 13 de septiembre de 1856.\u00a0 <\/strong>Tromba de agua en M\u00e1laga, nuevamente se desborda el Guadalmedina y principales arroyos. Una dana la culpable.<\/p>\n<p>&nbsp;<\/p>\n<p><a href=\"https:\/\/static-blogs.diariosur.es\/wp-content\/uploads\/sites\/12\/2022\/08\/zz-1.png\"><img loading=\"lazy\" class=\"aligncenter size-full wp-image-34380\" src=\"https:\/\/static-blogs.diariosur.es\/wp-content\/uploads\/sites\/12\/2022\/08\/zz-1.png\" alt=\"\" width=\"768\" height=\"512\" srcset=\"https:\/\/static-blogs.diariosur.es\/wp-content\/uploads\/sites\/12\/2022\/08\/zz-1.png 768w, https:\/\/static-blogs.diariosur.es\/wp-content\/uploads\/sites\/12\/2022\/08\/zz-1-600x400.png 600w\" sizes=\"(max-width: 768px) 100vw, 768px\" \/><\/a><\/p>\n<p>&nbsp;<\/p>\n<p><strong>El 27 de septiembre de 1900<\/strong><\/p>\n<p>Se registran fuertes tormentas en el litoral occidental malague\u00f1o. La causante una dana.<\/p>\n<p>&nbsp;<\/p>\n<p><a href=\"https:\/\/static-blogs.diariosur.es\/wp-content\/uploads\/sites\/12\/2025\/08\/1.png\"><img loading=\"lazy\" class=\"aligncenter size-full wp-image-45986\" src=\"https:\/\/static-blogs.diariosur.es\/wp-content\/uploads\/sites\/12\/2025\/08\/1.png\" alt=\"\" width=\"768\" height=\"512\" srcset=\"https:\/\/static-blogs.diariosur.es\/wp-content\/uploads\/sites\/12\/2025\/08\/1.png 768w, https:\/\/static-blogs.diariosur.es\/wp-content\/uploads\/sites\/12\/2025\/08\/1-600x400.png 600w, https:\/\/static-blogs.diariosur.es\/wp-content\/uploads\/sites\/12\/2025\/08\/1-612x408.png 612w\" sizes=\"(max-width: 768px) 100vw, 768px\" \/><\/a><\/p>\n<p><span style=\"color: #000000;\"><strong>El 19 de Septiembre del 1904\u00a0<\/strong><\/span><\/p>\n<p>Las lluvias derrumban muchas casas y arrasan cosechas y ganados en la provincia de M\u00e1laga.<\/p>\n<p>Os paso un mapa a 500 hpa, donde se ve perfectamente la DANA, que trajo estas inundaciones.<\/p>\n<p>&nbsp;<\/p>\n<p><a href=\"https:\/\/static-blogs.diariosur.es\/wp-content\/uploads\/sites\/12\/2020\/09\/ZZZZZZ.jpg\"><img loading=\"lazy\" class=\"aligncenter size-full wp-image-27923\" src=\"https:\/\/static-blogs.diariosur.es\/wp-content\/uploads\/sites\/12\/2020\/09\/ZZZZZZ.jpg\" alt=\"\" width=\"778\" height=\"514\" srcset=\"https:\/\/static-blogs.diariosur.es\/wp-content\/uploads\/sites\/12\/2020\/09\/ZZZZZZ.jpg 778w, https:\/\/static-blogs.diariosur.es\/wp-content\/uploads\/sites\/12\/2020\/09\/ZZZZZZ-605x400.jpg 605w, https:\/\/static-blogs.diariosur.es\/wp-content\/uploads\/sites\/12\/2020\/09\/ZZZZZZ-768x507.jpg 768w\" sizes=\"(max-width: 778px) 100vw, 778px\" \/><\/a><\/p>\n<p>&nbsp;<\/p>\n<p data-pm-slice=\"1 1 []\">La m\u00e1s conocida es la Ri\u00e1 de M\u00e1laga del\u00a0<strong>24 de septiembre de 1907<\/strong>; hubo<strong> 21 muertos<\/strong> y decenas de desaparecidos. Se form\u00f3 una tormenta est\u00e1tica de madrugada en la cuenca del r\u00edo Guadalmedina y Axarqu\u00eda, que trajo consigo una avalancha de agua y barro a la ciudad. En la zona de la Axarqu\u00eda hubo <strong>136 muertos,<\/strong> y en Campanillas <strong>5<\/strong>. Algunos estudios comentan que en la zona del nacimiento del Guadalmedina pudieron caer en poco tiempo m\u00e1s de 400 litros. Esta tormenta fue debida al aire fr\u00edo en altura por una vaguada.<\/p>\n<p>De la inundaci\u00f3n de la Axarqu\u00eda hablaremos en otro post, con un video.<\/p>\n<p>&nbsp;<\/p>\n<p>&nbsp;<\/p>\n<p><a href=\"https:\/\/static-blogs.diariosur.es\/wp-content\/uploads\/sites\/12\/2025\/08\/ria.jpg\"><img loading=\"lazy\" class=\"aligncenter size-full wp-image-45972\" src=\"https:\/\/static-blogs.diariosur.es\/wp-content\/uploads\/sites\/12\/2025\/08\/ria.jpg\" alt=\"\" width=\"1161\" height=\"763\" srcset=\"https:\/\/static-blogs.diariosur.es\/wp-content\/uploads\/sites\/12\/2025\/08\/ria.jpg 1161w, https:\/\/static-blogs.diariosur.es\/wp-content\/uploads\/sites\/12\/2025\/08\/ria-609x400.jpg 609w, https:\/\/static-blogs.diariosur.es\/wp-content\/uploads\/sites\/12\/2025\/08\/ria-621x408.jpg 621w, https:\/\/static-blogs.diariosur.es\/wp-content\/uploads\/sites\/12\/2025\/08\/ria-768x505.jpg 768w\" sizes=\"(max-width: 1161px) 100vw, 1161px\" \/><\/a><\/p>\n<p>&nbsp;<\/p>\n<p><strong>El 18 de septiembre de 1921.<\/strong> Fuertes tormentas en la costa malague\u00f1a en su zona occidental, provocadas por una dana<\/p>\n<p>&nbsp;<\/p>\n<p><a href=\"https:\/\/static-blogs.diariosur.es\/wp-content\/uploads\/sites\/12\/2025\/08\/18-septiembre-2021.jpg\"><img loading=\"lazy\" class=\"aligncenter size-full wp-image-45975\" src=\"https:\/\/static-blogs.diariosur.es\/wp-content\/uploads\/sites\/12\/2025\/08\/18-septiembre-2021.jpg\" alt=\"\" width=\"1150\" height=\"763\" srcset=\"https:\/\/static-blogs.diariosur.es\/wp-content\/uploads\/sites\/12\/2025\/08\/18-septiembre-2021.jpg 1150w, https:\/\/static-blogs.diariosur.es\/wp-content\/uploads\/sites\/12\/2025\/08\/18-septiembre-2021-603x400.jpg 603w, https:\/\/static-blogs.diariosur.es\/wp-content\/uploads\/sites\/12\/2025\/08\/18-septiembre-2021-615x408.jpg 615w, https:\/\/static-blogs.diariosur.es\/wp-content\/uploads\/sites\/12\/2025\/08\/18-septiembre-2021-768x510.jpg 768w\" sizes=\"(max-width: 1150px) 100vw, 1150px\" \/><\/a><\/p>\n<p>&nbsp;<\/p>\n<p><strong>El 24 de septiembre de 1937<\/strong> fuertes tormentas en M\u00e1laga capital y su provincia, debido a una vaguada retr\u00f3grada con un peque\u00f1o embolsamiento de aire frio. Os pongo el mapa a 500 hpa<\/p>\n<p>&nbsp;<\/p>\n<p><a href=\"https:\/\/static-blogs.diariosur.es\/wp-content\/uploads\/sites\/12\/2025\/08\/zzz.png\"><img loading=\"lazy\" class=\"aligncenter size-full wp-image-45977\" src=\"https:\/\/static-blogs.diariosur.es\/wp-content\/uploads\/sites\/12\/2025\/08\/zzz.png\" alt=\"\" width=\"768\" height=\"512\" srcset=\"https:\/\/static-blogs.diariosur.es\/wp-content\/uploads\/sites\/12\/2025\/08\/zzz.png 768w, https:\/\/static-blogs.diariosur.es\/wp-content\/uploads\/sites\/12\/2025\/08\/zzz-600x400.png 600w, https:\/\/static-blogs.diariosur.es\/wp-content\/uploads\/sites\/12\/2025\/08\/zzz-612x408.png 612w\" sizes=\"(max-width: 768px) 100vw, 768px\" \/><\/a><\/p>\n<p>&nbsp;<\/p>\n<p><strong>El 26 de septiembre de 1938<\/strong>, una vaguada acompa\u00f1ada de un peque\u00f1o embolsamiento de aire frio deja fuertes tormentas por el interior occidental de la provincia de M\u00e1laga. Se desbordan arroyos.<\/p>\n<p>&nbsp;<\/p>\n<p><a href=\"https:\/\/static-blogs.diariosur.es\/wp-content\/uploads\/sites\/12\/2025\/08\/aaaaa.png\"><img loading=\"lazy\" class=\"aligncenter size-full wp-image-45978\" src=\"https:\/\/static-blogs.diariosur.es\/wp-content\/uploads\/sites\/12\/2025\/08\/aaaaa.png\" alt=\"\" width=\"768\" height=\"512\" srcset=\"https:\/\/static-blogs.diariosur.es\/wp-content\/uploads\/sites\/12\/2025\/08\/aaaaa.png 768w, https:\/\/static-blogs.diariosur.es\/wp-content\/uploads\/sites\/12\/2025\/08\/aaaaa-600x400.png 600w, https:\/\/static-blogs.diariosur.es\/wp-content\/uploads\/sites\/12\/2025\/08\/aaaaa-612x408.png 612w\" sizes=\"(max-width: 768px) 100vw, 768px\" \/><\/a><\/p>\n<p>&nbsp;<\/p>\n<p><strong>El 30 de septiembre de 1940<\/strong>, fuertes tormentas en muchos puntos de la provincia malague\u00f1a y su capital. Potente vaguada acompa\u00f1ada de una baja en superficie.<\/p>\n<p>&nbsp;<\/p>\n<p><a href=\"https:\/\/static-blogs.diariosur.es\/wp-content\/uploads\/sites\/12\/2025\/08\/zzzzzzzzzz.png\"><img loading=\"lazy\" class=\"aligncenter size-full wp-image-45979\" src=\"https:\/\/static-blogs.diariosur.es\/wp-content\/uploads\/sites\/12\/2025\/08\/zzzzzzzzzz.png\" alt=\"\" width=\"768\" height=\"512\" srcset=\"https:\/\/static-blogs.diariosur.es\/wp-content\/uploads\/sites\/12\/2025\/08\/zzzzzzzzzz.png 768w, https:\/\/static-blogs.diariosur.es\/wp-content\/uploads\/sites\/12\/2025\/08\/zzzzzzzzzz-600x400.png 600w, https:\/\/static-blogs.diariosur.es\/wp-content\/uploads\/sites\/12\/2025\/08\/zzzzzzzzzz-612x408.png 612w\" sizes=\"(max-width: 768px) 100vw, 768px\" \/><\/a><\/p>\n<p>&nbsp;<\/p>\n<p>&nbsp;<\/p>\n<p>&nbsp;<\/p>\n<p data-pm-slice=\"1 1 []\"><strong>El 27 de septiembre de 1949,<\/strong> el aeropuerto registra 40 mm en poco tiempo; se inundan algunas calles de M\u00e1laga capital. En el Valle del Guadalhorce y Serran\u00eda de Ronda, en algunos puntos la tormenta dej\u00f3 65 mm en poco tiempo. Mi amigo Manuel Becerra Parra me manda estas fotos de la gran tormenta que cay\u00f3 en Benaoj\u00e1n; hubo un fallecido en la estaci\u00f3n. Donde m\u00e1s fallecidos, en Montejaque.<\/p>\n<p>&nbsp;<\/p>\n<p><a href=\"https:\/\/static-blogs.diariosur.es\/wp-content\/uploads\/sites\/12\/2024\/09\/benaojan.jpg\"><img loading=\"lazy\" class=\"aligncenter size-full wp-image-41694\" src=\"https:\/\/static-blogs.diariosur.es\/wp-content\/uploads\/sites\/12\/2024\/09\/benaojan.jpg\" alt=\"\" width=\"750\" height=\"479\" srcset=\"https:\/\/static-blogs.diariosur.es\/wp-content\/uploads\/sites\/12\/2024\/09\/benaojan.jpg 750w, https:\/\/static-blogs.diariosur.es\/wp-content\/uploads\/sites\/12\/2024\/09\/benaojan-626x400.jpg 626w\" sizes=\"(max-width: 750px) 100vw, 750px\" \/><\/a><\/p>\n<p>&nbsp;<\/p>\n<p><a href=\"https:\/\/static-blogs.diariosur.es\/wp-content\/uploads\/sites\/12\/2024\/09\/457363794_10229722245579345_8074482633092329003_n.jpg\"><img loading=\"lazy\" class=\"aligncenter size-full wp-image-41695\" src=\"https:\/\/static-blogs.diariosur.es\/wp-content\/uploads\/sites\/12\/2024\/09\/457363794_10229722245579345_8074482633092329003_n.jpg\" alt=\"\" width=\"940\" height=\"786\" srcset=\"https:\/\/static-blogs.diariosur.es\/wp-content\/uploads\/sites\/12\/2024\/09\/457363794_10229722245579345_8074482633092329003_n.jpg 940w, https:\/\/static-blogs.diariosur.es\/wp-content\/uploads\/sites\/12\/2024\/09\/457363794_10229722245579345_8074482633092329003_n-478x400.jpg 478w, https:\/\/static-blogs.diariosur.es\/wp-content\/uploads\/sites\/12\/2024\/09\/457363794_10229722245579345_8074482633092329003_n-768x642.jpg 768w\" sizes=\"(max-width: 940px) 100vw, 940px\" \/><\/a><\/p>\n<p>&nbsp;<\/p>\n<p><a href=\"https:\/\/static-blogs.diariosur.es\/wp-content\/uploads\/sites\/12\/2024\/09\/zzzzzzzz.png\"><img loading=\"lazy\" class=\"aligncenter size-full wp-image-41689\" src=\"https:\/\/static-blogs.diariosur.es\/wp-content\/uploads\/sites\/12\/2024\/09\/zzzzzzzz.png\" alt=\"\" width=\"768\" height=\"512\" srcset=\"https:\/\/static-blogs.diariosur.es\/wp-content\/uploads\/sites\/12\/2024\/09\/zzzzzzzz.png 768w, https:\/\/static-blogs.diariosur.es\/wp-content\/uploads\/sites\/12\/2024\/09\/zzzzzzzz-600x400.png 600w\" sizes=\"(max-width: 768px) 100vw, 768px\" \/><\/a><\/p>\n<p>&nbsp;<\/p>\n<p data-pm-slice=\"1 1 []\"><strong>El 27 de septiembre de 1957<\/strong> se recogieron en el aeropuerto malague\u00f1o <strong>313 mm.\u00a0 <\/strong>Tuvimos una vaguada retr\u00f3grada, que se estrangul\u00f3 y form\u00f3 una dana en el Golfo de C\u00e1diz. De momento, esta precipitaci\u00f3n es la mayor desde que se tienen registros en el Aeropuerto de M\u00e1laga en 24 horas.<\/p>\n<p>Os paso dos mapas a 500 hpa del 27 y 28.<\/p>\n<p>&nbsp;<\/p>\n<p><a href=\"https:\/\/static-blogs.diariosur.es\/wp-content\/uploads\/sites\/12\/2020\/09\/2-6.jpg\"><img loading=\"lazy\" class=\"aligncenter size-full wp-image-27921\" src=\"https:\/\/static-blogs.diariosur.es\/wp-content\/uploads\/sites\/12\/2020\/09\/2-6.jpg\" alt=\"\" width=\"788\" height=\"524\" srcset=\"https:\/\/static-blogs.diariosur.es\/wp-content\/uploads\/sites\/12\/2020\/09\/2-6.jpg 788w, https:\/\/static-blogs.diariosur.es\/wp-content\/uploads\/sites\/12\/2020\/09\/2-6-602x400.jpg 602w, https:\/\/static-blogs.diariosur.es\/wp-content\/uploads\/sites\/12\/2020\/09\/2-6-768x511.jpg 768w\" sizes=\"(max-width: 788px) 100vw, 788px\" \/><\/a> <a href=\"https:\/\/static-blogs.diariosur.es\/wp-content\/uploads\/sites\/12\/2020\/09\/3-3.jpg\"><img loading=\"lazy\" class=\"aligncenter size-full wp-image-27922\" src=\"https:\/\/static-blogs.diariosur.es\/wp-content\/uploads\/sites\/12\/2020\/09\/3-3.jpg\" alt=\"\" width=\"780\" height=\"533\" srcset=\"https:\/\/static-blogs.diariosur.es\/wp-content\/uploads\/sites\/12\/2020\/09\/3-3.jpg 780w, https:\/\/static-blogs.diariosur.es\/wp-content\/uploads\/sites\/12\/2020\/09\/3-3-585x400.jpg 585w, https:\/\/static-blogs.diariosur.es\/wp-content\/uploads\/sites\/12\/2020\/09\/3-3-768x525.jpg 768w\" sizes=\"(max-width: 780px) 100vw, 780px\" \/><\/a><\/p>\n<p>&nbsp;<\/p>\n<p><strong>El 14 de septiembre de 1966<\/strong>, el Aeropuerto registra 50 mm en poco tiempo, se inundan algunas calles de M\u00e1laga capital. La tormenta deja registros de 70 mm en el Valle del Guadalhorce.<\/p>\n<p>&nbsp;<\/p>\n<p><a href=\"https:\/\/static-blogs.diariosur.es\/wp-content\/uploads\/sites\/12\/2024\/09\/ZZZZZZZZZZZZZ.png\"><img loading=\"lazy\" class=\"aligncenter size-full wp-image-41690\" src=\"https:\/\/static-blogs.diariosur.es\/wp-content\/uploads\/sites\/12\/2024\/09\/ZZZZZZZZZZZZZ.png\" alt=\"\" width=\"768\" height=\"512\" srcset=\"https:\/\/static-blogs.diariosur.es\/wp-content\/uploads\/sites\/12\/2024\/09\/ZZZZZZZZZZZZZ.png 768w, https:\/\/static-blogs.diariosur.es\/wp-content\/uploads\/sites\/12\/2024\/09\/ZZZZZZZZZZZZZ-600x400.png 600w\" sizes=\"(max-width: 768px) 100vw, 768px\" \/><\/a><\/p>\n<p>&nbsp;<\/p>\n<p><span style=\"color: #000000;\"><strong>27 de septiembre de 1997<\/strong><\/span><\/p>\n<p>Se registran 83 litros en el Aeropuerto de M\u00e1laga, es el segundo registro mayor desde que se tienen datos, el primero lo hab\u00e9is le\u00eddo un poco m\u00e1s arriba. Otra dana.<\/p>\n<p>&nbsp;<\/p>\n<p><a href=\"https:\/\/static-blogs.diariosur.es\/wp-content\/uploads\/sites\/12\/2022\/08\/septiembre.png\"><img loading=\"lazy\" class=\"aligncenter size-full wp-image-34372\" src=\"https:\/\/static-blogs.diariosur.es\/wp-content\/uploads\/sites\/12\/2022\/08\/septiembre.png\" alt=\"\" width=\"768\" height=\"512\" srcset=\"https:\/\/static-blogs.diariosur.es\/wp-content\/uploads\/sites\/12\/2022\/08\/septiembre.png 768w, https:\/\/static-blogs.diariosur.es\/wp-content\/uploads\/sites\/12\/2022\/08\/septiembre-600x400.png 600w\" sizes=\"(max-width: 768px) 100vw, 768px\" \/><\/a><\/p>\n<p>&nbsp;<\/p>\n<p>&nbsp;<\/p>\n<p data-pm-slice=\"1 1 []\"><strong>21 de septiembre del a\u00f1o 2007<\/strong><\/p>\n<p>En Marbella, Estepona y Nerja se registran fuertes tormentas. En Marbella el granizo destroz\u00f3 miles de veh\u00edculos y hubo 30 heridos.<\/p>\n<p>En Nerja hubo una tromba de agua y se acumularon <strong>188 litros. <\/strong>Ese d\u00eda Nerja ostent\u00f3 hasta hace poco el r\u00e9cord de lluvia en Espa\u00f1a en un intervalo de 10 minutos; en tan corto espacio de tiempo el cielo descarg\u00f3 41,5 litros por metro cuadrado; tambi\u00e9n se dio otro r\u00e9cord de esa misma tormenta de 74 litros en 30 minutos. Cuando pas\u00f3 la tormenta, se acumularon los 188 litros que antes coment\u00e9.<\/p>\n<p>El r\u00e9cord actual en 10 minutos lo tiene el pueblo de Turis con 42 mm y en 30 minutos con 102,8 mm. Esto sucedi\u00f3 el 29 de octubre de 2024.<\/p>\n<p>La culpable, una dana tambi\u00e9n.<\/p>\n<p>Luna de un veh\u00edculo destrozada por el granizo. Diario Sur \/ JOSELE-LANZA<\/p>\n<p>&nbsp;<\/p>\n<p>&nbsp;<\/p>\n<p>&nbsp;<\/p>\n<p><a href=\"https:\/\/static-blogs.diariosur.es\/wp-content\/uploads\/sites\/12\/2022\/08\/002D6UL-MMM-P1_1.jpg\"><img loading=\"lazy\" class=\"aligncenter size-full wp-image-34374\" src=\"https:\/\/static-blogs.diariosur.es\/wp-content\/uploads\/sites\/12\/2022\/08\/002D6UL-MMM-P1_1.jpg\" alt=\"\" width=\"300\" height=\"266\" \/><\/a><\/p>\n<p>Os paso el mapa a 500 hpa de ese d\u00eda.<\/p>\n<p>&nbsp;<\/p>\n<p><a href=\"https:\/\/static-blogs.diariosur.es\/wp-content\/uploads\/sites\/12\/2020\/09\/4-1.jpg\"><img loading=\"lazy\" class=\"aligncenter size-full wp-image-27920\" src=\"https:\/\/static-blogs.diariosur.es\/wp-content\/uploads\/sites\/12\/2020\/09\/4-1.jpg\" alt=\"\" width=\"791\" height=\"526\" srcset=\"https:\/\/static-blogs.diariosur.es\/wp-content\/uploads\/sites\/12\/2020\/09\/4-1.jpg 791w, https:\/\/static-blogs.diariosur.es\/wp-content\/uploads\/sites\/12\/2020\/09\/4-1-602x400.jpg 602w, https:\/\/static-blogs.diariosur.es\/wp-content\/uploads\/sites\/12\/2020\/09\/4-1-768x511.jpg 768w\" sizes=\"(max-width: 791px) 100vw, 791px\" \/><\/a><\/p>\n<p>&nbsp;<\/p>\n<p>&nbsp;<\/p>\n<p><span style=\"color: #000000;\"><strong>28 de septiembre del 2001<\/strong><\/span><\/p>\n<p>El Rinc\u00f3n de la Victoria y la Cala del Moral sufri\u00f3 una gran inundaci\u00f3n. Se contabilizaron\u00a0<strong>181 litros.<\/strong><\/p>\n<p>Os paso el mapa donde se ve perfectamente la vaguada.<\/p>\n<p>&nbsp;<\/p>\n<p><a href=\"https:\/\/static-blogs.diariosur.es\/wp-content\/uploads\/sites\/12\/2020\/09\/rincopn.jpg\"><img loading=\"lazy\" class=\"aligncenter size-full wp-image-27919\" src=\"https:\/\/static-blogs.diariosur.es\/wp-content\/uploads\/sites\/12\/2020\/09\/rincopn.jpg\" alt=\"\" width=\"813\" height=\"552\" srcset=\"https:\/\/static-blogs.diariosur.es\/wp-content\/uploads\/sites\/12\/2020\/09\/rincopn.jpg 813w, https:\/\/static-blogs.diariosur.es\/wp-content\/uploads\/sites\/12\/2020\/09\/rincopn-589x400.jpg 589w, https:\/\/static-blogs.diariosur.es\/wp-content\/uploads\/sites\/12\/2020\/09\/rincopn-768x521.jpg 768w\" sizes=\"(max-width: 813px) 100vw, 813px\" \/><\/a><\/p>\n<p>&nbsp;<\/p>\n<p><span style=\"color: #000000;\"><strong>\u00a0El 26 septiembre del a\u00f1o 2008<\/strong><\/span><\/p>\n<p>&nbsp;<\/p>\n<p data-pm-slice=\"1 1 []\">Se producen intensas precipitaciones en la provincia de M\u00e1laga. Oj\u00e9n registra 206 l\/m2 e Ist\u00e1n, 135 l\/m2. Una vaguada retr\u00f3grada afect\u00f3 a nuestra comunidad.<\/p>\n<p>Os paso el mapa a 500 hPa.<\/p>\n<p>&nbsp;<\/p>\n<p><a href=\"https:\/\/static-blogs.diariosur.es\/wp-content\/uploads\/sites\/12\/2020\/09\/vaguada-retrograda.jpg\"><img loading=\"lazy\" class=\"aligncenter size-full wp-image-27918\" src=\"https:\/\/static-blogs.diariosur.es\/wp-content\/uploads\/sites\/12\/2020\/09\/vaguada-retrograda.jpg\" alt=\"\" width=\"836\" height=\"523\" srcset=\"https:\/\/static-blogs.diariosur.es\/wp-content\/uploads\/sites\/12\/2020\/09\/vaguada-retrograda.jpg 836w, https:\/\/static-blogs.diariosur.es\/wp-content\/uploads\/sites\/12\/2020\/09\/vaguada-retrograda-640x400.jpg 640w, https:\/\/static-blogs.diariosur.es\/wp-content\/uploads\/sites\/12\/2020\/09\/vaguada-retrograda-768x480.jpg 768w\" sizes=\"(max-width: 836px) 100vw, 836px\" \/><\/a><\/p>\n<p>&nbsp;<\/p>\n<p>&nbsp;<\/p>\n<p><span style=\"color: #000000;\"><strong>El 28 de septiembre del a\u00f1o 2012<\/strong><\/span><\/p>\n<p>En algunos puntos de la provincia de M\u00e1laga ( interior del Valle del Guadalhorce, Villanueva del Trabuco, Villanueva del Rosario) se recogen 250 litros. El Rio Guadalhorce se desbordo en varios tramos. Hubo tres fallecidos. Nuevamente una dana y una l\u00ednea de turbonada.<\/p>\n<p>&nbsp;<\/p>\n<p><a href=\"https:\/\/static-blogs.diariosur.es\/wp-content\/uploads\/sites\/12\/2021\/09\/turbonada.png\"><img loading=\"lazy\" class=\"aligncenter size-full wp-image-30952\" src=\"https:\/\/static-blogs.diariosur.es\/wp-content\/uploads\/sites\/12\/2021\/09\/turbonada.png\" alt=\"\" width=\"768\" height=\"512\" srcset=\"https:\/\/static-blogs.diariosur.es\/wp-content\/uploads\/sites\/12\/2021\/09\/turbonada.png 768w, https:\/\/static-blogs.diariosur.es\/wp-content\/uploads\/sites\/12\/2021\/09\/turbonada-600x400.png 600w\" sizes=\"(max-width: 768px) 100vw, 768px\" \/><\/a><\/p>\n<p>&nbsp;<\/p>\n<p>Imagen de una de las calles afectadas en Villanueva del Rosario. C. Mart\u00edn<\/p>\n<p>&nbsp;<\/p>\n<p><a href=\"https:\/\/static-blogs.diariosur.es\/wp-content\/uploads\/sites\/12\/2022\/08\/vrosario-300x180.jpg\"><img loading=\"lazy\" class=\"aligncenter size-full wp-image-34376\" src=\"https:\/\/static-blogs.diariosur.es\/wp-content\/uploads\/sites\/12\/2022\/08\/vrosario-300x180.jpg\" alt=\"\" width=\"300\" height=\"180\" \/><\/a><\/p>\n<p>&nbsp;<\/p>\n<p><span style=\"color: #000000;\"><strong>El 7 de septiembre del 2015<\/strong><\/span><\/p>\n<p>El Aeropuerto de M\u00e1laga registra en poco tiempo 52.9 litros. Inundaciones en Torre del Mar, Benamocarra, Frigiliana, y Algarrobo<\/p>\n<p>La culpable una vaguada retr\u00f3grada.<\/p>\n<p>&nbsp;<\/p>\n<p><a href=\"https:\/\/static-blogs.diariosur.es\/wp-content\/uploads\/sites\/12\/2022\/08\/vagu.png\"><img loading=\"lazy\" class=\"aligncenter size-full wp-image-34375\" src=\"https:\/\/static-blogs.diariosur.es\/wp-content\/uploads\/sites\/12\/2022\/08\/vagu.png\" alt=\"\" width=\"768\" height=\"512\" srcset=\"https:\/\/static-blogs.diariosur.es\/wp-content\/uploads\/sites\/12\/2022\/08\/vagu.png 768w, https:\/\/static-blogs.diariosur.es\/wp-content\/uploads\/sites\/12\/2022\/08\/vagu-600x400.png 600w\" sizes=\"(max-width: 768px) 100vw, 768px\" \/><\/a><\/p>\n<p><span style=\"color: #000000;\"><strong>El 14 de Septiembre del 2019<\/strong><\/span><\/p>\n<p>La aemet activ\u00f3 el aviso rojo por fuertes lluvias en M\u00e1laga y Guadalhorce, siendo la m\u00e1s afectada esta \u00faltima. Tambi\u00e9n se recogieron muchos litros en Antequera y Archidona.<\/p>\n<p>La causante otra dana que se sit\u00fao cerca del Estrecho. Las lluvias m\u00e1s fuertes se dieron durante la madrugada del 14.<\/p>\n<p>Foto Diario Sur.<\/p>\n<p>&nbsp;<\/p>\n<p><a href=\"https:\/\/static-blogs.diariosur.es\/wp-content\/uploads\/sites\/12\/2022\/08\/zz.png\"><img loading=\"lazy\" class=\"aligncenter size-full wp-image-34378\" src=\"https:\/\/static-blogs.diariosur.es\/wp-content\/uploads\/sites\/12\/2022\/08\/zz.png\" alt=\"\" width=\"800\" height=\"444\" srcset=\"https:\/\/static-blogs.diariosur.es\/wp-content\/uploads\/sites\/12\/2022\/08\/zz.png 800w, https:\/\/static-blogs.diariosur.es\/wp-content\/uploads\/sites\/12\/2022\/08\/zz-640x355.png 640w, https:\/\/static-blogs.diariosur.es\/wp-content\/uploads\/sites\/12\/2022\/08\/zz-768x426.png 768w\" sizes=\"(max-width: 800px) 100vw, 800px\" \/><\/a><\/p>\n<p>&nbsp;<\/p>\n<p>Os paso el mapa a 500 hpa .<\/p>\n<p>&nbsp;<\/p>\n<p><a href=\"https:\/\/static-blogs.diariosur.es\/wp-content\/uploads\/sites\/12\/2020\/09\/d.jpg\"><img loading=\"lazy\" class=\"aligncenter size-full wp-image-27917\" src=\"https:\/\/static-blogs.diariosur.es\/wp-content\/uploads\/sites\/12\/2020\/09\/d.jpg\" alt=\"\" width=\"771\" height=\"514\" srcset=\"https:\/\/static-blogs.diariosur.es\/wp-content\/uploads\/sites\/12\/2020\/09\/d.jpg 771w, https:\/\/static-blogs.diariosur.es\/wp-content\/uploads\/sites\/12\/2020\/09\/d-600x400.jpg 600w, https:\/\/static-blogs.diariosur.es\/wp-content\/uploads\/sites\/12\/2020\/09\/d-768x512.jpg 768w\" sizes=\"(max-width: 771px) 100vw, 771px\" \/><\/a><\/p>\n<p>&nbsp;<\/p>\n<p><span style=\"color: #ff0000;\"><strong><span style=\"color: #000000;\">2 de septiembre de 2023<\/span><\/strong><\/span><\/p>\n<p>Una dana situada en el Cabo de San Vicente trajo consigo fueres lluvias en la Axarqu\u00eda y una tromba marina en Torremolinos. Os dejo una foto y un video de mi amiga Carolina Fojo y el mapa de superficie a 500 hpa de ese d\u00eda.<\/p>\n<p>&nbsp;<\/p>\n<p><a href=\"https:\/\/static-blogs.diariosur.es\/wp-content\/uploads\/sites\/12\/2023\/09\/373311184_10227502684491705_363688701232544385_n-e1693684859877.jpg\"><img loading=\"lazy\" class=\"aligncenter size-full wp-image-38244\" src=\"https:\/\/static-blogs.diariosur.es\/wp-content\/uploads\/sites\/12\/2023\/09\/373311184_10227502684491705_363688701232544385_n-e1693684859877.jpg\" alt=\"\" width=\"600\" height=\"1067\" \/><\/a><\/p>\n<p>&nbsp;<\/p>\n<p><iframe loading=\"lazy\" title=\"YouTube video player\" src=\"https:\/\/www.youtube.com\/embed\/HUZi3_mifKo?si=OvXoc8NzdISiJSff\" width=\"560\" height=\"315\" frameborder=\"0\" allowfullscreen=\"allowfullscreen\" data-mce-fragment=\"1\"><\/iframe><\/p>\n<p>&nbsp;<\/p>\n<p><a href=\"https:\/\/static-blogs.diariosur.es\/wp-content\/uploads\/sites\/12\/2023\/09\/tromba.png\"><img loading=\"lazy\" class=\"aligncenter size-full wp-image-41676\" src=\"https:\/\/static-blogs.diariosur.es\/wp-content\/uploads\/sites\/12\/2023\/09\/tromba.png\" alt=\"\" width=\"768\" height=\"512\" srcset=\"https:\/\/static-blogs.diariosur.es\/wp-content\/uploads\/sites\/12\/2023\/09\/tromba.png 768w, https:\/\/static-blogs.diariosur.es\/wp-content\/uploads\/sites\/12\/2023\/09\/tromba-600x400.png 600w\" sizes=\"(max-width: 768px) 100vw, 768px\" \/><\/a><\/p>\n<p>Fuente aemet, Archivo Municipal, Hemeroteca, meteociel,<\/p>\n<p>Poco m\u00e1s que contar, ya veremos como se presenta septiembre este a\u00f1o. Acordaros del refr\u00e1n, seca las fuentes o se los puentes.<\/p>\n<p>Os dejo con algunas fotos de la inundaci\u00f3n del 1907, fuente Archivo Municipal.<\/p>\n<p>Calle San Juan<\/p>\n<p>&nbsp;<\/p>\n<p><a href=\"https:\/\/static-blogs.diariosur.es\/wp-content\/uploads\/sites\/12\/2020\/09\/archivo-municipal.jpg\"><img loading=\"lazy\" class=\"aligncenter size-full wp-image-27929\" src=\"https:\/\/static-blogs.diariosur.es\/wp-content\/uploads\/sites\/12\/2020\/09\/archivo-municipal.jpg\" alt=\"\" width=\"718\" height=\"521\" srcset=\"https:\/\/static-blogs.diariosur.es\/wp-content\/uploads\/sites\/12\/2020\/09\/archivo-municipal.jpg 718w, https:\/\/static-blogs.diariosur.es\/wp-content\/uploads\/sites\/12\/2020\/09\/archivo-municipal-551x400.jpg 551w\" sizes=\"(max-width: 718px) 100vw, 718px\" \/><\/a><\/p>\n<p>Calle Camas<\/p>\n<p>&nbsp;<\/p>\n<p><a href=\"https:\/\/static-blogs.diariosur.es\/wp-content\/uploads\/sites\/12\/2020\/09\/calle-camas-archivo-municipal.jpg\"><img loading=\"lazy\" class=\"aligncenter size-full wp-image-27930\" src=\"https:\/\/static-blogs.diariosur.es\/wp-content\/uploads\/sites\/12\/2020\/09\/calle-camas-archivo-municipal.jpg\" alt=\"\" width=\"720\" height=\"521\" srcset=\"https:\/\/static-blogs.diariosur.es\/wp-content\/uploads\/sites\/12\/2020\/09\/calle-camas-archivo-municipal.jpg 720w, https:\/\/static-blogs.diariosur.es\/wp-content\/uploads\/sites\/12\/2020\/09\/calle-camas-archivo-municipal-553x400.jpg 553w\" sizes=\"(max-width: 720px) 100vw, 720px\" \/><\/a><\/p>\n<p>Calle M\u00e1rmoles<\/p>\n<p><a href=\"https:\/\/static-blogs.diariosur.es\/wp-content\/uploads\/sites\/12\/2020\/09\/calle-m\u00e1rmoles-archivo-municilap.jpg\"><img loading=\"lazy\" class=\"aligncenter size-full wp-image-27931\" src=\"https:\/\/static-blogs.diariosur.es\/wp-content\/uploads\/sites\/12\/2020\/09\/calle-m\u00e1rmoles-archivo-municilap.jpg\" alt=\"\" width=\"695\" height=\"537\" srcset=\"https:\/\/static-blogs.diariosur.es\/wp-content\/uploads\/sites\/12\/2020\/09\/calle-m\u00e1rmoles-archivo-municilap.jpg 695w, https:\/\/static-blogs.diariosur.es\/wp-content\/uploads\/sites\/12\/2020\/09\/calle-m\u00e1rmoles-archivo-municilap-518x400.jpg 518w\" sizes=\"(max-width: 695px) 100vw, 695px\" \/><\/a><\/p>\n<p>Restos del Puente de la Aurora<\/p>\n<p><a href=\"https:\/\/static-blogs.diariosur.es\/wp-content\/uploads\/sites\/12\/2020\/09\/rio-guadalmedina-pasarela-destruida-futuro-puente-aurora.jpg\"><img loading=\"lazy\" class=\"aligncenter size-full wp-image-27932\" src=\"https:\/\/static-blogs.diariosur.es\/wp-content\/uploads\/sites\/12\/2020\/09\/rio-guadalmedina-pasarela-destruida-futuro-puente-aurora.jpg\" alt=\"\" width=\"695\" height=\"535\" srcset=\"https:\/\/static-blogs.diariosur.es\/wp-content\/uploads\/sites\/12\/2020\/09\/rio-guadalmedina-pasarela-destruida-futuro-puente-aurora.jpg 695w, https:\/\/static-blogs.diariosur.es\/wp-content\/uploads\/sites\/12\/2020\/09\/rio-guadalmedina-pasarela-destruida-futuro-puente-aurora-520x400.jpg 520w\" sizes=\"(max-width: 695px) 100vw, 695px\" \/><\/a><\/p>\n<p>&nbsp;<\/p>\n<p>Calle Carreter\u00eda<a href=\"https:\/\/static-blogs.diariosur.es\/wp-content\/uploads\/sites\/12\/2020\/09\/calle-carreter\u00eda2.jpg\"><img loading=\"lazy\" class=\"aligncenter size-full wp-image-27936\" src=\"https:\/\/static-blogs.diariosur.es\/wp-content\/uploads\/sites\/12\/2020\/09\/calle-carreter\u00eda2.jpg\" alt=\"\" width=\"695\" height=\"532\" srcset=\"https:\/\/static-blogs.diariosur.es\/wp-content\/uploads\/sites\/12\/2020\/09\/calle-carreter\u00eda2.jpg 695w, https:\/\/static-blogs.diariosur.es\/wp-content\/uploads\/sites\/12\/2020\/09\/calle-carreter\u00eda2-523x400.jpg 523w\" sizes=\"(max-width: 695px) 100vw, 695px\" \/><\/a><\/p>\n<p>&nbsp;<\/p>\n<p>Foto Crist\u00f3bal Gambero. Iglesia de San Juan.<\/p>\n<p>&nbsp;<\/p>\n<p><a href=\"https:\/\/static-blogs.diariosur.es\/wp-content\/uploads\/sites\/12\/2021\/09\/120060835_3273726789342959_1719625846084533202_n-533x400.jpg\"><img loading=\"lazy\" class=\"aligncenter size-full wp-image-30953\" src=\"https:\/\/static-blogs.diariosur.es\/wp-content\/uploads\/sites\/12\/2021\/09\/120060835_3273726789342959_1719625846084533202_n-533x400.jpg\" alt=\"\" width=\"533\" height=\"400\" \/><\/a><\/p>\n","protected":false},"excerpt":{"rendered":"<p>&nbsp; Buenos d\u00edas, amigos de la meteo. Como todos los a\u00f1os, pongo este post para mis nuevos seguidores que llevan poco tiempo ley\u00e9ndome. Este mes es el que m\u00e1s muertes ha provocado en M\u00e1laga capital y Espa\u00f1a en un d\u00eda, como podr\u00e9is leer m\u00e1s adelante. Septiembre, el mes m\u00e1s peligroso por la meteorolog\u00eda en M\u00e1laga [&hellip;]<\/p>\n","protected":false},"author":16,"featured_media":45988,"comment_status":"open","ping_status":"open","sticky":false,"template":"","format":"standard","meta":[],"categories":[2],"tags":[307,515,587,668,907],"_links":{"self":[{"href":"https:\/\/blogs.diariosur.es\/tormentas-y-rayos\/wp-json\/wp\/v2\/posts\/45970"}],"collection":[{"href":"https:\/\/blogs.diariosur.es\/tormentas-y-rayos\/wp-json\/wp\/v2\/posts"}],"about":[{"href":"https:\/\/blogs.diariosur.es\/tormentas-y-rayos\/wp-json\/wp\/v2\/types\/post"}],"author":[{"embeddable":true,"href":"https:\/\/blogs.diariosur.es\/tormentas-y-rayos\/wp-json\/wp\/v2\/users\/16"}],"replies":[{"embeddable":true,"href":"https:\/\/blogs.diariosur.es\/tormentas-y-rayos\/wp-json\/wp\/v2\/comments?post=45970"}],"version-history":[{"count":39,"href":"https:\/\/blogs.diariosur.es\/tormentas-y-rayos\/wp-json\/wp\/v2\/posts\/45970\/revisions"}],"predecessor-version":[{"id":46463,"href":"https:\/\/blogs.diariosur.es\/tormentas-y-rayos\/wp-json\/wp\/v2\/posts\/45970\/revisions\/46463"}],"wp:featuredmedia":[{"embeddable":true,"href":"https:\/\/blogs.diariosur.es\/tormentas-y-rayos\/wp-json\/wp\/v2\/media\/45988"}],"wp:attachment":[{"href":"https:\/\/blogs.diariosur.es\/tormentas-y-rayos\/wp-json\/wp\/v2\/media?parent=45970"}],"wp:term":[{"taxonomy":"category","embeddable":true,"href":"https:\/\/blogs.diariosur.es\/tormentas-y-rayos\/wp-json\/wp\/v2\/categories?post=45970"},{"taxonomy":"post_tag","embeddable":true,"href":"https:\/\/blogs.diariosur.es\/tormentas-y-rayos\/wp-json\/wp\/v2\/tags?post=45970"}],"curies":[{"name":"wp","href":"https:\/\/api.w.org\/{rel}","templated":true}]}}