{"id":45982,"date":"2025-08-31T09:12:45","date_gmt":"2025-08-31T07:12:45","guid":{"rendered":"https:\/\/blogs.diariosur.es\/tormentas-y-rayos\/?p=45982"},"modified":"2025-10-03T18:34:45","modified_gmt":"2025-10-03T16:34:45","slug":"precaucion-hoy-domingo-por-la-noche-y-manana-lunes-por-las-fuertes-rachas-de-viento-en-el-mar-de-alboran","status":"publish","type":"post","link":"https:\/\/blogs.diariosur.es\/tormentas-y-rayos\/2025\/08\/31\/precaucion-hoy-domingo-por-la-noche-y-manana-lunes-por-las-fuertes-rachas-de-viento-en-el-mar-de-alboran\/","title":{"rendered":"Precauci\u00f3n hoy domingo por la noche y ma\u00f1ana lunes por las fuertes rachas de viento en el Mar de Albor\u00e1n"},"content":{"rendered":"<p><a href=\"https:\/\/static-blogs.diariosur.es\/wp-content\/uploads\/sites\/12\/2025\/07\/444912498_10228884468795449_97962860407814916_n-1.jpg\"><img loading=\"lazy\" class=\"aligncenter size-thumbnail wp-image-45529\" src=\"https:\/\/static-blogs.diariosur.es\/wp-content\/uploads\/sites\/12\/2025\/07\/444912498_10228884468795449_97962860407814916_n-1-150x150.jpg\" alt=\"\" width=\"150\" height=\"150\" \/><\/a><\/p>\n<p data-pm-slice=\"1 1 []\">Buenos d\u00edas, amigos de la meteo. Precauci\u00f3n esta noche y ma\u00f1ana lunes si sal\u00eds a navegar por las costas de M\u00e1laga, Granada, Almer\u00eda y Mar de Albor\u00e1n; se esperan rachas fuertes de viento de poniente. La temperatura del agua del mar en la boya de M\u00e1laga registra 18,9 \u00baC.<\/p>\n<p>Nos vemos ma\u00f1ana.<\/p>\n<p>Foto de portada de archivo en La Herradura.<\/p>\n<p>&nbsp;<\/p>\n<p>&nbsp;<\/p>\n","protected":false},"excerpt":{"rendered":"<p>Buenos d\u00edas, amigos de la meteo. Precauci\u00f3n esta noche y ma\u00f1ana lunes si sal\u00eds a navegar por las costas de M\u00e1laga, Granada, Almer\u00eda y Mar de Albor\u00e1n; se esperan rachas fuertes de viento de poniente. La temperatura del agua del mar en la boya de M\u00e1laga registra 18,9 \u00baC. Nos vemos ma\u00f1ana. Foto de portada [&hellip;]<\/p>\n","protected":false},"author":16,"featured_media":45983,"comment_status":"open","ping_status":"open","sticky":false,"template":"","format":"standard","meta":[],"categories":[2],"tags":[2067,587,597,736,791],"_links":{"self":[{"href":"https:\/\/blogs.diariosur.es\/tormentas-y-rayos\/wp-json\/wp\/v2\/posts\/45982"}],"collection":[{"href":"https:\/\/blogs.diariosur.es\/tormentas-y-rayos\/wp-json\/wp\/v2\/posts"}],"about":[{"href":"https:\/\/blogs.diariosur.es\/tormentas-y-rayos\/wp-json\/wp\/v2\/types\/post"}],"author":[{"embeddable":true,"href":"https:\/\/blogs.diariosur.es\/tormentas-y-rayos\/wp-json\/wp\/v2\/users\/16"}],"replies":[{"embeddable":true,"href":"https:\/\/blogs.diariosur.es\/tormentas-y-rayos\/wp-json\/wp\/v2\/comments?post=45982"}],"version-history":[{"count":3,"href":"https:\/\/blogs.diariosur.es\/tormentas-y-rayos\/wp-json\/wp\/v2\/posts\/45982\/revisions"}],"predecessor-version":[{"id":46464,"href":"https:\/\/blogs.diariosur.es\/tormentas-y-rayos\/wp-json\/wp\/v2\/posts\/45982\/revisions\/46464"}],"wp:featuredmedia":[{"embeddable":true,"href":"https:\/\/blogs.diariosur.es\/tormentas-y-rayos\/wp-json\/wp\/v2\/media\/45983"}],"wp:attachment":[{"href":"https:\/\/blogs.diariosur.es\/tormentas-y-rayos\/wp-json\/wp\/v2\/media?parent=45982"}],"wp:term":[{"taxonomy":"category","embeddable":true,"href":"https:\/\/blogs.diariosur.es\/tormentas-y-rayos\/wp-json\/wp\/v2\/categories?post=45982"},{"taxonomy":"post_tag","embeddable":true,"href":"https:\/\/blogs.diariosur.es\/tormentas-y-rayos\/wp-json\/wp\/v2\/tags?post=45982"}],"curies":[{"name":"wp","href":"https:\/\/api.w.org\/{rel}","templated":true}]}}