{"id":4600,"date":"2013-01-11T07:18:41","date_gmt":"2013-01-11T06:18:41","guid":{"rendered":"http:\/\/blogs.diariosur.es\/tormentas-y-rayos\/?p=4600"},"modified":"2013-01-11T07:18:41","modified_gmt":"2013-01-11T06:18:41","slug":"prediccion-del-tiempo-fin-de-semana-bajadas-de-temperaturas-viento-y-nubes-el-domingo-nuevo-juego","status":"publish","type":"post","link":"https:\/\/blogs.diariosur.es\/tormentas-y-rayos\/2013\/01\/11\/prediccion-del-tiempo-fin-de-semana-bajadas-de-temperaturas-viento-y-nubes-el-domingo-nuevo-juego\/","title":{"rendered":"Predicci\u00f3n del tiempo fin de semana. Bajadas de temperaturas, viento y nubes el domingo. Nuevo juego."},"content":{"rendered":"<p><strong>Buenos d\u00edas amigos de la meteo.<\/strong><\/p>\n<p><strong> Son las seis y media de la ma\u00f1ana, registro 14 grados y los cielos\u00a0est\u00e1n\u00a0poco nubosos. El dato mas destacado ha sido, que hemos llegado casi a los 22 grados en la zona de Teatinos ayer jueves dia 10.\u00a0Fuente\u00a0Aemet. Aun que el\u00a0r\u00e9cord de temperatura m\u00e1xima\u00a0en un mes de Enero esta en 26,8. Concretamente \u00a0fue el 21 de Enero 1981<\/strong><\/p>\n<p><a href=\"https:\/\/blogs.diariosur.es\/tormentas-y-rayos\/2013\/01\/11\/prediccion-del-tiempo-fin-de-semana-bajadas-de-temperaturas-viento-y-nubes-el-domingo-nuevo-juego\/maxima\/\" rel=\"attachment wp-att-4607\"><img loading=\"lazy\" class=\"aligncenter size-medium wp-image-4607\" title=\"maxima\" src=\"\/tormentas-y-rayos\/wp-content\/uploads\/sites\/12\/2013\/01\/maxima.jpg\" alt=\"\" width=\"600\" height=\"262\" srcset=\"https:\/\/static-blogs.diariosur.es\/wp-content\/uploads\/sites\/12\/2013\/01\/maxima.jpg 721w, https:\/\/static-blogs.diariosur.es\/wp-content\/uploads\/sites\/12\/2013\/01\/maxima-640x280.jpg 640w\" sizes=\"(max-width: 600px) 100vw, 600px\" \/><\/a><\/p>\n<p><strong>Pero estas altas temperaturas que hemos tenido, toca a su fin.\u00a0<\/strong><strong>Una borrasca que se situara al norte del Cant\u00e1brico, traer\u00e1 una bajada \u00a0de temperaturas este pr\u00f3ximo fin de semana. El viento, la lluvia y la nieve tambi\u00e9n ser\u00e1n los protagonistas. <span style=\"color: #ff0000;\">Con esto no quiero decir que tengamos un ola de frio ni mucho menos. Simplemente que bajaran las temperaturas y\u00a0estar\u00e1n\u00a0mas acordes con la estaci\u00f3n que estamos.<\/span> \u00a0Os paso la imagen de la borrasca fuente meteooficce.\u00a0<\/strong><\/p>\n<p><a href=\"https:\/\/blogs.diariosur.es\/tormentas-y-rayos\/2013\/01\/11\/prediccion-del-tiempo-fin-de-semana-bajadas-de-temperaturas-viento-y-nubes-el-domingo-nuevo-juego\/bb-4\/\" rel=\"attachment wp-att-4602\"><img loading=\"lazy\" class=\"aligncenter size-medium wp-image-4602\" title=\"bb\" src=\"\/tormentas-y-rayos\/wp-content\/uploads\/sites\/12\/2013\/01\/bb.jpg\" alt=\"\" width=\"555\" height=\"400\" srcset=\"https:\/\/static-blogs.diariosur.es\/wp-content\/uploads\/sites\/12\/2013\/01\/bb.jpg 854w, https:\/\/static-blogs.diariosur.es\/wp-content\/uploads\/sites\/12\/2013\/01\/bb-555x400.jpg 555w, https:\/\/static-blogs.diariosur.es\/wp-content\/uploads\/sites\/12\/2013\/01\/bb-768x553.jpg 768w\" sizes=\"(max-width: 555px) 100vw, 555px\" \/><\/a><\/p>\n<p>&nbsp;<\/p>\n<p><strong>En esta imagen,\u00a0pod\u00e9is\u00a0ver a la borrasca donde esta ahora mismo cuando son las seis de la ma\u00f1ana, os se\u00f1alo con flechas el camino que tomara. Fuente meteogalicia eumetsat.<\/strong><\/p>\n<p>&nbsp;<\/p>\n<p><a href=\"https:\/\/blogs.diariosur.es\/tormentas-y-rayos\/2013\/01\/11\/prediccion-del-tiempo-fin-de-semana-bajadas-de-temperaturas-viento-y-nubes-el-domingo-nuevo-juego\/captura-124\/\" rel=\"attachment wp-att-4609\"><img loading=\"lazy\" class=\"aligncenter size-medium wp-image-4609\" title=\"Captura\" src=\"\/tormentas-y-rayos\/wp-content\/uploads\/sites\/12\/2013\/01\/Captura4.jpg\" alt=\"\" width=\"569\" height=\"400\" srcset=\"https:\/\/static-blogs.diariosur.es\/wp-content\/uploads\/sites\/12\/2013\/01\/Captura4.jpg 744w, https:\/\/static-blogs.diariosur.es\/wp-content\/uploads\/sites\/12\/2013\/01\/Captura4-569x400.jpg 569w\" sizes=\"(max-width: 569px) 100vw, 569px\" \/><\/a><\/p>\n<p><strong>Debido a la posici\u00f3n del anticicl\u00f3n y de la borrasca, los vientos ser\u00e1n del norte en el Cant\u00e1brico, que seg\u00fan los modelos, es donde mas puede llover y nevar.<\/strong><\/p>\n<p><span style=\"color: #ff0000;\"><strong>Predicci\u00f3n para nuestra Provincia Malague\u00f1a.<\/strong><\/span><\/p>\n<p><strong>El s\u00e1bado amanecer\u00e1 tranquilo, y invitara a pasear y \u00a0a tomar el sol. Sera por la \u00a0tarde noche, cuando el viento de terral de invierno empezara a soplar, entre flojo y moderado.<\/strong><\/p>\n<p><strong>El domingo el terral de invierno tomara protagonismo y soplara mas fuerte. Incluso se pueden dar algunos chubascos\u00a0espor\u00e1dicos\u00a0 por el interior de la provincia. Sin descartarlos\u00a0tambi\u00e9n\u00a0en la costa.\u00a0<\/strong><\/p>\n<p><strong>\u00a0Ya sab\u00e9is que esta semana las isos a 850 hpa (1500 m) \u00a0han estado sobre los 10 grados, esto ha hecho que las\u00a0m\u00e1ximas\u00a0est\u00e9n cercanas \u00a0a los veinte grados. Pero el domingo estas isos \u00a0sobre el mediod\u00eda y por la tarde bajaran a 4 grados en la vertical de M\u00e1laga. Esto har\u00e1 que bajen las\u00a0m\u00e1ximas\u00a0y al soplar el terral, tengamos mas sensaci\u00f3n de fr\u00edo. Os paso unos mapas para que ve\u00e1is la diferencia a 850 hpa del jueves y del domingo. Fuente gfs. \u00a0Seria el martes que viene cuando las isos sean mas bajas en Andalucia y bajen mas las temperaturas.<\/strong><\/p>\n<p><strong>MAPA DEL JUEVES DIA 10<\/strong><\/p>\n<p><a href=\"https:\/\/blogs.diariosur.es\/tormentas-y-rayos\/2013\/01\/11\/prediccion-del-tiempo-fin-de-semana-bajadas-de-temperaturas-viento-y-nubes-el-domingo-nuevo-juego\/hpa-3\/\" rel=\"attachment wp-att-4603\"><img loading=\"lazy\" class=\"aligncenter size-full wp-image-4603\" title=\"hpa\" src=\"\/tormentas-y-rayos\/wp-content\/uploads\/sites\/12\/2013\/01\/hpa.jpg\" alt=\"\" width=\"552\" height=\"489\" srcset=\"https:\/\/static-blogs.diariosur.es\/wp-content\/uploads\/sites\/12\/2013\/01\/hpa.jpg 552w, https:\/\/static-blogs.diariosur.es\/wp-content\/uploads\/sites\/12\/2013\/01\/hpa-452x400.jpg 452w\" sizes=\"(max-width: 552px) 100vw, 552px\" \/><\/a><\/p>\n<p>&nbsp;<\/p>\n<p><strong>PREVISTO PARA EL DOMINGO AL\u00a0MEDIOD\u00cdA.<\/strong><\/p>\n<p><a href=\"https:\/\/blogs.diariosur.es\/tormentas-y-rayos\/2013\/01\/11\/prediccion-del-tiempo-fin-de-semana-bajadas-de-temperaturas-viento-y-nubes-el-domingo-nuevo-juego\/hpafri-2\/\" rel=\"attachment wp-att-4606\"><img loading=\"lazy\" class=\"aligncenter size-full wp-image-4606\" title=\"hpafri\" src=\"\/tormentas-y-rayos\/wp-content\/uploads\/sites\/12\/2013\/01\/hpafri1.jpg\" alt=\"\" width=\"558\" height=\"496\" srcset=\"https:\/\/static-blogs.diariosur.es\/wp-content\/uploads\/sites\/12\/2013\/01\/hpafri1.jpg 558w, https:\/\/static-blogs.diariosur.es\/wp-content\/uploads\/sites\/12\/2013\/01\/hpafri1-450x400.jpg 450w\" sizes=\"(max-width: 558px) 100vw, 558px\" \/><\/a><\/p>\n<p>&nbsp;<\/p>\n<p><span style=\"color: #0000ff;\"><strong>Pero como os he comentado mas arriba, no se trata de una ola de frio. Simplemente que las\u00a0m\u00e1ximas\u00a0bajaran en M\u00e1laga y\u00a0estar\u00e1n\u00a0mas acorde con las fechas que estamos. Calculo que los primeros dias de la semana, las\u00a0m\u00e1ximas\u00a0no pasen de 15 grados y las\u00a0m\u00ednimas\u00a0est\u00e9n\u00a0sobre los 5 o 6.<\/strong><\/span><\/p>\n<p><strong>Poco mas que contar sobre este pr\u00f3ximo fin de semana, esperemos que esta borrasca abra las puertas al invierno de verdad. Y que las lluvias y las nieves sean las protagonistas ya mismo.\u00a0<\/strong><\/p>\n<p><strong>Os dejo con esta impresionante foto \u00a0de mi amigo Francisco Castej\u00f3n de la Cuesta.<span style=\"color: #ff0000;\"> Y como hace tiempo que no jugamos, que es lo que se ve en la foto.<\/span> Muchas gracias Kiko por compartir tu foto en mi blog. Os doy una pista, esta tomada por la zona de Teatinos ji ji ji.<\/strong><\/p>\n<p><strong>\u00a0El lunes\u00a0dar\u00e9\u00a0la soluci\u00f3n.<\/strong><\/p>\n<p><a href=\"https:\/\/blogs.diariosur.es\/tormentas-y-rayos\/2013\/01\/11\/prediccion-del-tiempo-fin-de-semana-bajadas-de-temperaturas-viento-y-nubes-el-domingo-nuevo-juego\/252084_10200365083479258_1720824098_n\/\" rel=\"attachment wp-att-4608\"><img loading=\"lazy\" class=\"aligncenter size-full wp-image-4608\" title=\"252084_10200365083479258_1720824098_n\" src=\"\/tormentas-y-rayos\/wp-content\/uploads\/sites\/12\/2013\/01\/252084_10200365083479258_1720824098_n.jpg\" alt=\"\" width=\"680\" height=\"510\" srcset=\"https:\/\/static-blogs.diariosur.es\/wp-content\/uploads\/sites\/12\/2013\/01\/252084_10200365083479258_1720824098_n.jpg 680w, https:\/\/static-blogs.diariosur.es\/wp-content\/uploads\/sites\/12\/2013\/01\/252084_10200365083479258_1720824098_n-533x400.jpg 533w\" sizes=\"(max-width: 680px) 100vw, 680px\" \/><\/a><\/p>\n<p>&nbsp;<\/p>\n","protected":false},"excerpt":{"rendered":"<p>Buenos d\u00edas amigos de la meteo. Son las seis y media de la ma\u00f1ana, registro 14 grados y los cielos\u00a0est\u00e1n\u00a0poco nubosos. El dato mas destacado ha sido, que hemos llegado casi a los 22 grados en la zona de Teatinos ayer jueves dia 10.\u00a0Fuente\u00a0Aemet. Aun que el\u00a0r\u00e9cord de temperatura m\u00e1xima\u00a0en un mes de Enero esta [&hellip;]<\/p>\n","protected":false},"author":16,"featured_media":4608,"comment_status":"open","ping_status":"closed","sticky":false,"template":"","format":"standard","meta":[],"categories":[2],"tags":[160,410,701,800,902,962,980,1059],"_links":{"self":[{"href":"https:\/\/blogs.diariosur.es\/tormentas-y-rayos\/wp-json\/wp\/v2\/posts\/4600"}],"collection":[{"href":"https:\/\/blogs.diariosur.es\/tormentas-y-rayos\/wp-json\/wp\/v2\/posts"}],"about":[{"href":"https:\/\/blogs.diariosur.es\/tormentas-y-rayos\/wp-json\/wp\/v2\/types\/post"}],"author":[{"embeddable":true,"href":"https:\/\/blogs.diariosur.es\/tormentas-y-rayos\/wp-json\/wp\/v2\/users\/16"}],"replies":[{"embeddable":true,"href":"https:\/\/blogs.diariosur.es\/tormentas-y-rayos\/wp-json\/wp\/v2\/comments?post=4600"}],"version-history":[{"count":0,"href":"https:\/\/blogs.diariosur.es\/tormentas-y-rayos\/wp-json\/wp\/v2\/posts\/4600\/revisions"}],"wp:featuredmedia":[{"embeddable":true,"href":"https:\/\/blogs.diariosur.es\/tormentas-y-rayos\/wp-json\/wp\/v2\/media\/4608"}],"wp:attachment":[{"href":"https:\/\/blogs.diariosur.es\/tormentas-y-rayos\/wp-json\/wp\/v2\/media?parent=4600"}],"wp:term":[{"taxonomy":"category","embeddable":true,"href":"https:\/\/blogs.diariosur.es\/tormentas-y-rayos\/wp-json\/wp\/v2\/categories?post=4600"},{"taxonomy":"post_tag","embeddable":true,"href":"https:\/\/blogs.diariosur.es\/tormentas-y-rayos\/wp-json\/wp\/v2\/tags?post=4600"}],"curies":[{"name":"wp","href":"https:\/\/api.w.org\/{rel}","templated":true}]}}