{"id":46017,"date":"2025-09-02T07:38:55","date_gmt":"2025-09-02T05:38:55","guid":{"rendered":"https:\/\/blogs.diariosur.es\/tormentas-y-rayos\/?p=46017"},"modified":"2025-10-03T18:24:33","modified_gmt":"2025-10-03T16:24:33","slug":"temperatura-del-agua-del-mar-en-la-boya-de-malaga-cuando-se-quitan-las-rachas-fuertes-de-viento","status":"publish","type":"post","link":"https:\/\/blogs.diariosur.es\/tormentas-y-rayos\/2025\/09\/02\/temperatura-del-agua-del-mar-en-la-boya-de-malaga-cuando-se-quitan-las-rachas-fuertes-de-viento\/","title":{"rendered":"Temperatura del agua del mar en la boya de M\u00e1laga. \u00bfCu\u00e1ndo se quitan las rachas fuertes de viento?"},"content":{"rendered":"<blockquote><p><a href=\"https:\/\/static-blogs.diariosur.es\/wp-content\/uploads\/sites\/12\/2025\/07\/72999690_10217709542349272_7908844429161529344_n.jpg\"><img loading=\"lazy\" class=\"aligncenter size-thumbnail wp-image-45292\" src=\"https:\/\/static-blogs.diariosur.es\/wp-content\/uploads\/sites\/12\/2025\/07\/72999690_10217709542349272_7908844429161529344_n-150x150.jpg\" alt=\"\" width=\"150\" height=\"150\" \/><\/a><\/p><\/blockquote>\n<p data-pm-slice=\"1 1 []\">Muy buenos d\u00edas, amigos de la meteo. Madrugada muy agradable en la costa malague\u00f1a e incluso fr\u00eda por las comarcas de Ronda y Antequera; en algunos puntos las m\u00ednimas han rondado entre los 10 \u00baC y 15 \u00baC.<\/p>\n<p>En Antequera la m\u00ednima ha sido de <strong>11,8 \u00baC<\/strong> y en Archidona Huertas del R\u00edo <strong>de 9,2 \u00baC<\/strong>. Fuentes: Aemet y Meteoclimatic<\/p>\n<p>Las rachas fuertes de poniente y terral nos dar\u00e1n un respiro hoy martes y ma\u00f1ana mi\u00e9rcoles en toda la provincia. Las rachas m\u00e1s fuertes de viento en Andaluc\u00eda se dieron ayer en M\u00e1laga Aeropuerto y Pradollano, Parque Nacional Sierra Nevada, con 61 km\/h. Fuente Aemet<\/p>\n<h3><strong>Temperatura del agua del mar en la boya de M\u00e1laga.<\/strong><\/h3>\n<p>El terral y el poniente han puesto el agua fr\u00eda en la costa malague\u00f1a, esta pasada madrugada la boya ha marcado <strong>16,6 \u00baC.<\/strong> En estos momentos, a las siete de la ma\u00f1ana, ha subido un poco.<\/p>\n<p>&nbsp;<\/p>\n<p><a href=\"https:\/\/static-blogs.diariosur.es\/wp-content\/uploads\/sites\/12\/2025\/09\/540985986_10234229005765533_5195917707275271498_n-e1756790513413.jpg\"><img loading=\"lazy\" class=\"aligncenter size-full wp-image-46018\" src=\"https:\/\/static-blogs.diariosur.es\/wp-content\/uploads\/sites\/12\/2025\/09\/540985986_10234229005765533_5195917707275271498_n-e1756790513413.jpg\" alt=\"\" width=\"1200\" height=\"1147\" \/><\/a><\/p>\n<p>Si alguno no pudo ver el post de ayer, os pongo el enlace, es muy interesante.<\/p>\n<p>&nbsp;<\/p>\n<h3 class=\"voc-blogs-section\"><a href=\"https:\/\/blogs.diariosur.es\/tormentas-y-rayos\/2025\/09\/01\/septiembre-el-mes-mas-peligroso-por-la-meteorologia-en-malaga\/\"><span style=\"color: #ff0000;\">Septiembre, el mes m\u00e1s peligroso por la meteorolog\u00eda en M\u00e1laga<\/span><\/a><\/h3>\n<p>&nbsp;<\/p>\n<p>&nbsp;<\/p>\n<p>Nos vemos ma\u00f1ana<\/p>\n<p>&nbsp;<\/p>\n","protected":false},"excerpt":{"rendered":"<p>Muy buenos d\u00edas, amigos de la meteo. Madrugada muy agradable en la costa malague\u00f1a e incluso fr\u00eda por las comarcas de Ronda y Antequera; en algunos puntos las m\u00ednimas han rondado entre los 10 \u00baC y 15 \u00baC. En Antequera la m\u00ednima ha sido de 11,8 \u00baC y en Archidona Huertas del R\u00edo de 9,2 [&hellip;]<\/p>\n","protected":false},"author":16,"featured_media":46019,"comment_status":"open","ping_status":"open","sticky":false,"template":"","format":"standard","meta":[],"categories":[2],"tags":[358,587,791,800,975],"_links":{"self":[{"href":"https:\/\/blogs.diariosur.es\/tormentas-y-rayos\/wp-json\/wp\/v2\/posts\/46017"}],"collection":[{"href":"https:\/\/blogs.diariosur.es\/tormentas-y-rayos\/wp-json\/wp\/v2\/posts"}],"about":[{"href":"https:\/\/blogs.diariosur.es\/tormentas-y-rayos\/wp-json\/wp\/v2\/types\/post"}],"author":[{"embeddable":true,"href":"https:\/\/blogs.diariosur.es\/tormentas-y-rayos\/wp-json\/wp\/v2\/users\/16"}],"replies":[{"embeddable":true,"href":"https:\/\/blogs.diariosur.es\/tormentas-y-rayos\/wp-json\/wp\/v2\/comments?post=46017"}],"version-history":[{"count":8,"href":"https:\/\/blogs.diariosur.es\/tormentas-y-rayos\/wp-json\/wp\/v2\/posts\/46017\/revisions"}],"predecessor-version":[{"id":46459,"href":"https:\/\/blogs.diariosur.es\/tormentas-y-rayos\/wp-json\/wp\/v2\/posts\/46017\/revisions\/46459"}],"wp:featuredmedia":[{"embeddable":true,"href":"https:\/\/blogs.diariosur.es\/tormentas-y-rayos\/wp-json\/wp\/v2\/media\/46019"}],"wp:attachment":[{"href":"https:\/\/blogs.diariosur.es\/tormentas-y-rayos\/wp-json\/wp\/v2\/media?parent=46017"}],"wp:term":[{"taxonomy":"category","embeddable":true,"href":"https:\/\/blogs.diariosur.es\/tormentas-y-rayos\/wp-json\/wp\/v2\/categories?post=46017"},{"taxonomy":"post_tag","embeddable":true,"href":"https:\/\/blogs.diariosur.es\/tormentas-y-rayos\/wp-json\/wp\/v2\/tags?post=46017"}],"curies":[{"name":"wp","href":"https:\/\/api.w.org\/{rel}","templated":true}]}}