{"id":46026,"date":"2025-09-03T08:40:41","date_gmt":"2025-09-03T06:40:41","guid":{"rendered":"https:\/\/blogs.diariosur.es\/tormentas-y-rayos\/?p=46026"},"modified":"2025-10-03T18:22:52","modified_gmt":"2025-10-03T16:22:52","slug":"tres-meses-sin-registrar-malaga-aeropuerto-esta-temperatura-minima","status":"publish","type":"post","link":"https:\/\/blogs.diariosur.es\/tormentas-y-rayos\/2025\/09\/03\/tres-meses-sin-registrar-malaga-aeropuerto-esta-temperatura-minima\/","title":{"rendered":"Tres meses sin registrar M\u00e1laga Aeropuerto esta temperatura m\u00ednima"},"content":{"rendered":"<p><a href=\"https:\/\/static-blogs.diariosur.es\/wp-content\/uploads\/sites\/12\/2025\/07\/444912498_10228884468795449_97962860407814916_n-1.jpg\"><img loading=\"lazy\" class=\"aligncenter size-thumbnail wp-image-45529\" src=\"https:\/\/static-blogs.diariosur.es\/wp-content\/uploads\/sites\/12\/2025\/07\/444912498_10228884468795449_97962860407814916_n-1-150x150.jpg\" alt=\"\" width=\"150\" height=\"150\" \/><\/a><\/p>\n<p data-pm-slice=\"1 1 []\">Buenos d\u00edas, amigos de la meteo. Despu\u00e9s de tres meses, la estaci\u00f3n de la Aemet en el aeropuerto ha registrado una temperatura m\u00ednima de <strong>17,7 \u00baC<\/strong>; la anterior se registr\u00f3 el 2 de junio con la misma temperatura, 17,7 \u00baC. En las otras dos estaciones de la Aemet en M\u00e1laga capital, el Centro Meteorol\u00f3gico ha registrado 18,3 \u00baC y el Puerto 19,5 \u00baC.<\/p>\n<p>En el interior de la provincia, destacar estos registros. Fuentes: Aemet, Meteoclimatic y Wunderground<\/p>\n<p>Antequera 12,5 \u00b0C<\/p>\n<p>Fuente de Piedra 13,4 \u00b0C<\/p>\n<p>Alfarnate\u00a011 \u00b0C<\/p>\n<p>Campillos 14,3 \u00b0C<\/p>\n<p>Humilladero 11,6 \u00b0C<\/p>\n<p>El Burgo 13,1 \u00b0C<\/p>\n<p>Bobadilla\u00a010,7 \u00b0C<\/p>\n<p>Archidona Vega 9,9 \u00b0C<\/p>\n<p>Villanueva del Rosario\u00a012,7 \u00b0C<\/p>\n<p>V\u00e9lez-M\u00e1laga 18,8 \u00b0C<\/p>\n<p>Algarrobo 17,4 \u00b0C<\/p>\n<p>Estepona 16,7 \u00b0C<\/p>\n<p>Nerja Las Palmeras 19,8 \u00b0C<\/p>\n<p>De todas formas, es muy probable que las temperaturas m\u00ednimas vayan subiendo a lo largo de esta semana; las m\u00e1ximas tambi\u00e9n.<\/p>\n","protected":false},"excerpt":{"rendered":"<p>Buenos d\u00edas, amigos de la meteo. Despu\u00e9s de tres meses, la estaci\u00f3n de la Aemet en el aeropuerto ha registrado una temperatura m\u00ednima de 17,7 \u00baC; la anterior se registr\u00f3 el 2 de junio con la misma temperatura, 17,7 \u00baC. En las otras dos estaciones de la Aemet en M\u00e1laga capital, el Centro Meteorol\u00f3gico ha [&hellip;]<\/p>\n","protected":false},"author":16,"featured_media":46033,"comment_status":"open","ping_status":"open","sticky":false,"template":"","format":"standard","meta":[],"categories":[2],"tags":[100,358,587,800],"_links":{"self":[{"href":"https:\/\/blogs.diariosur.es\/tormentas-y-rayos\/wp-json\/wp\/v2\/posts\/46026"}],"collection":[{"href":"https:\/\/blogs.diariosur.es\/tormentas-y-rayos\/wp-json\/wp\/v2\/posts"}],"about":[{"href":"https:\/\/blogs.diariosur.es\/tormentas-y-rayos\/wp-json\/wp\/v2\/types\/post"}],"author":[{"embeddable":true,"href":"https:\/\/blogs.diariosur.es\/tormentas-y-rayos\/wp-json\/wp\/v2\/users\/16"}],"replies":[{"embeddable":true,"href":"https:\/\/blogs.diariosur.es\/tormentas-y-rayos\/wp-json\/wp\/v2\/comments?post=46026"}],"version-history":[{"count":8,"href":"https:\/\/blogs.diariosur.es\/tormentas-y-rayos\/wp-json\/wp\/v2\/posts\/46026\/revisions"}],"predecessor-version":[{"id":46458,"href":"https:\/\/blogs.diariosur.es\/tormentas-y-rayos\/wp-json\/wp\/v2\/posts\/46026\/revisions\/46458"}],"wp:featuredmedia":[{"embeddable":true,"href":"https:\/\/blogs.diariosur.es\/tormentas-y-rayos\/wp-json\/wp\/v2\/media\/46033"}],"wp:attachment":[{"href":"https:\/\/blogs.diariosur.es\/tormentas-y-rayos\/wp-json\/wp\/v2\/media?parent=46026"}],"wp:term":[{"taxonomy":"category","embeddable":true,"href":"https:\/\/blogs.diariosur.es\/tormentas-y-rayos\/wp-json\/wp\/v2\/categories?post=46026"},{"taxonomy":"post_tag","embeddable":true,"href":"https:\/\/blogs.diariosur.es\/tormentas-y-rayos\/wp-json\/wp\/v2\/tags?post=46026"}],"curies":[{"name":"wp","href":"https:\/\/api.w.org\/{rel}","templated":true}]}}