{"id":46039,"date":"2025-09-05T07:54:36","date_gmt":"2025-09-05T05:54:36","guid":{"rendered":"https:\/\/blogs.diariosur.es\/tormentas-y-rayos\/?p=46039"},"modified":"2025-10-03T18:20:29","modified_gmt":"2025-10-03T16:20:29","slug":"podremos-ir-a-la-playa-en-malaga-este-fin-de-semana-y-el-lunes-pues-unos-si-y-otros-no","status":"publish","type":"post","link":"https:\/\/blogs.diariosur.es\/tormentas-y-rayos\/2025\/09\/05\/podremos-ir-a-la-playa-en-malaga-este-fin-de-semana-y-el-lunes-pues-unos-si-y-otros-no\/","title":{"rendered":"\u00bfPodremos ir a la playa en M\u00e1laga este fin de semana y el lunes? Pues unos s\u00ed y otros no&#8230;"},"content":{"rendered":"<p><a href=\"https:\/\/static-blogs.diariosur.es\/wp-content\/uploads\/sites\/12\/2025\/07\/72999690_10217709542349272_7908844429161529344_n.jpg\"><img loading=\"lazy\" class=\"aligncenter size-thumbnail wp-image-45292\" src=\"https:\/\/static-blogs.diariosur.es\/wp-content\/uploads\/sites\/12\/2025\/07\/72999690_10217709542349272_7908844429161529344_n-150x150.jpg\" alt=\"\" width=\"150\" height=\"150\" \/><\/a><\/p>\n<p data-pm-slice=\"1 1 []\">Buenos d\u00edas, amigos de la meteo. Nuevamente, madrugada muy llevadera en toda la costa malague\u00f1a y su interior. He dormido sin el ventilador de techo y a las tres de la ma\u00f1ana baj\u00e9 la persiana. La temperatura m\u00ednima en M\u00e1laga capital la ha registrado el Centro Meteorol\u00f3gico con 18,1 \u00baC.<\/p>\n<h3><strong>\u00bfPodremos ir a la playa en M\u00e1laga este fin de semana y el lunes? Pues unos s\u00ed y otros no&#8230;<\/strong><\/h3>\n<p>Os explico con un poco de guasa, jijii. Cada vez que estos meses de verano he dado la predicci\u00f3n, en muchos comentarios muchos me dec\u00edais: &#8220;No voy porque el agua estaba fr\u00eda&#8221;; otros no iban porque estaba muy caliente.<\/p>\n<p>Si hac\u00eda viento de terral, tampoco vamos; otros s\u00ed, para practicar deportes de viento.<\/p>\n<p>Si hab\u00eda mag\u00f3n, tampoco vamos, y otros s\u00ed porque les encantan las olas para chorrearse; yo, uno de ellos.<\/p>\n<p>Si ten\u00edamos nubes, tampoco vamos; otros s\u00ed, porque se est\u00e1 muy bien en la playa con el nublaillo.<\/p>\n<p>Si hab\u00eda plasta sudorosa y calma chicha, unos no iban, otros s\u00ed porque adelgazaban de tanto sudar practicando <em>paddle surf. <\/em>\u00a0 Yo me quedaba en casa con el ventilador, jijiiii.<\/p>\n<p>Y luego las medusas; no digo que no haya habido, unos iban y otros se quedaban en casa. Yo, este verano, no he visto ninguna de las chicas donde suelo ir. A la zona de playa que voy he visto un par de las grandes, las de toda la vida, pero yo las devuelvo al mar. Con lo que he dicho, algunos me queman en la hoguera.<\/p>\n<p>Dicho esto, os doy la predicci\u00f3n y vosotros decid\u00eds; hay para todos los gustos, jijiiii.<\/p>\n<h3>S\u00e1bado 6 de septiembre<\/h3>\n<p>El s\u00e1bado se espera viento de levante; en algunas zonas de la costa puede soplar de flojo a moderado, pero las sombrillas no volar\u00e1n. La temperatura del agua del mar rondar\u00e1, seg\u00fan zonas de la costa malague\u00f1a, entre los 18 \u00b0C y 20,5 \u00b0C. El mar puede estar un poco picado. Las temperaturas m\u00e1ximas ser\u00e1n agradables. Probabilidad de nubes altas y medias. En las comarcas de Ronda y Antequera, las rachas de viento de levante ser\u00e1n fuertes.<\/p>\n<p><strong>Para el s\u00e1bado la Aemet activa el aviso por viento y fen\u00f3menos costeros en la provincia de C\u00e1diz.<\/strong><\/p>\n<h3>Domingo 7 de septiembre<\/h3>\n<p>El domingo el viento soplar\u00e1 flojo y variable al principio; por la tarde-noche ir\u00e1 cambiando a componente oeste.<\/p>\n<p>La temperatura del agua del mar puede subir; rondar\u00e1 entre los 19 \u00b0C y 22 \u00b0C, seg\u00fan zonas. Hay probabilidad de brumas y nubes medias por la noche. Lo que no tengo muy claro es si tendremos un poco de mag\u00f3n a primera hora. Las temperaturas m\u00e1ximas subir\u00e1n.<\/p>\n<h3><strong>Lunes 8 de septiembre\u00a0<\/strong><\/h3>\n<p>El lunes se espera poniente y terral en las zonas habituales; en algunos puntos puede soplar de moderado a fuerte. Las temperaturas m\u00e1ximas rondar\u00e1n entre los 33 \u00baC y 35 \u00baC donde entre terral. Ser\u00e1n m\u00e1s bajas en las comarcas de Ronda y Antequera.<\/p>\n<p>&nbsp;<\/p>\n<p>&nbsp;<\/p>\n","protected":false},"excerpt":{"rendered":"<p>Buenos d\u00edas, amigos de la meteo. Nuevamente, madrugada muy llevadera en toda la costa malague\u00f1a y su interior. He dormido sin el ventilador de techo y a las tres de la ma\u00f1ana baj\u00e9 la persiana. La temperatura m\u00ednima en M\u00e1laga capital la ha registrado el Centro Meteorol\u00f3gico con 18,1 \u00baC. \u00bfPodremos ir a la playa [&hellip;]<\/p>\n","protected":false},"author":16,"featured_media":46055,"comment_status":"open","ping_status":"open","sticky":false,"template":"","format":"standard","meta":[],"categories":[2],"tags":[94,100,151,358,553,587,800,975,1059],"_links":{"self":[{"href":"https:\/\/blogs.diariosur.es\/tormentas-y-rayos\/wp-json\/wp\/v2\/posts\/46039"}],"collection":[{"href":"https:\/\/blogs.diariosur.es\/tormentas-y-rayos\/wp-json\/wp\/v2\/posts"}],"about":[{"href":"https:\/\/blogs.diariosur.es\/tormentas-y-rayos\/wp-json\/wp\/v2\/types\/post"}],"author":[{"embeddable":true,"href":"https:\/\/blogs.diariosur.es\/tormentas-y-rayos\/wp-json\/wp\/v2\/users\/16"}],"replies":[{"embeddable":true,"href":"https:\/\/blogs.diariosur.es\/tormentas-y-rayos\/wp-json\/wp\/v2\/comments?post=46039"}],"version-history":[{"count":22,"href":"https:\/\/blogs.diariosur.es\/tormentas-y-rayos\/wp-json\/wp\/v2\/posts\/46039\/revisions"}],"predecessor-version":[{"id":46457,"href":"https:\/\/blogs.diariosur.es\/tormentas-y-rayos\/wp-json\/wp\/v2\/posts\/46039\/revisions\/46457"}],"wp:featuredmedia":[{"embeddable":true,"href":"https:\/\/blogs.diariosur.es\/tormentas-y-rayos\/wp-json\/wp\/v2\/media\/46055"}],"wp:attachment":[{"href":"https:\/\/blogs.diariosur.es\/tormentas-y-rayos\/wp-json\/wp\/v2\/media?parent=46039"}],"wp:term":[{"taxonomy":"category","embeddable":true,"href":"https:\/\/blogs.diariosur.es\/tormentas-y-rayos\/wp-json\/wp\/v2\/categories?post=46039"},{"taxonomy":"post_tag","embeddable":true,"href":"https:\/\/blogs.diariosur.es\/tormentas-y-rayos\/wp-json\/wp\/v2\/tags?post=46039"}],"curies":[{"name":"wp","href":"https:\/\/api.w.org\/{rel}","templated":true}]}}