{"id":46060,"date":"2025-09-07T09:37:53","date_gmt":"2025-09-07T07:37:53","guid":{"rendered":"https:\/\/blogs.diariosur.es\/tormentas-y-rayos\/?p=46060"},"modified":"2025-09-07T09:44:06","modified_gmt":"2025-09-07T07:44:06","slug":"como-ha-sido-agosto-de-2025-en-espana","status":"publish","type":"post","link":"https:\/\/blogs.diariosur.es\/tormentas-y-rayos\/2025\/09\/07\/como-ha-sido-agosto-de-2025-en-espana\/","title":{"rendered":"\u00bfC\u00f3mo ha sido agosto de 2025 en Espa\u00f1a?"},"content":{"rendered":"<h2><a href=\"https:\/\/static-blogs.diariosur.es\/wp-content\/uploads\/sites\/12\/2025\/07\/444912498_10228884468795449_97962860407814916_n-1.jpg\"><img loading=\"lazy\" class=\"aligncenter size-thumbnail wp-image-45529\" src=\"https:\/\/static-blogs.diariosur.es\/wp-content\/uploads\/sites\/12\/2025\/07\/444912498_10228884468795449_97962860407814916_n-1-150x150.jpg\" alt=\"\" width=\"150\" height=\"150\" \/><\/a><\/h2>\n<p>Buenos d\u00edas, amigos de la meteo. Tenemos el cielo nublaillo, pero en la playa se est\u00e1 de lujo, adem\u00e1s hay un poco de mag\u00f3n. El eclipse creo que se ver\u00e1 regular.<\/p>\n<p>Os dejo con el resumen climatol\u00f3gico del mes de agosto en <strong>Espa\u00f1a<\/strong>. Cuando salga el de Andaluc\u00eda m\u00e1s ampliado lo pondr\u00e9. Fuente Aemet.<\/p>\n<h3 class=\"titulo\">Los dos \u00faltimos agostos han sido los m\u00e1s c\u00e1lidos de la serie hist\u00f3rica<\/h3>\n<div class=\"contenedor_central\">\n<div class=\"texto_entradilla\">\n<p>Tanto agosto de 2025 como el de 2024 tuvieron una temperatura media de 25 \u00b0C. En ambos casos su car\u00e1cter fue extremadamente c\u00e1lido. Entre el 3 y 18 del pasado mes hubo una intensa y larga ola de calor, en la que las temperaturas llegaron a estar hasta 6 \u00b0C por encima de lo normal en el conjunto del pa\u00eds. Fue un mes muy seco en el noroeste y centro peninsular, mientras que tuvo car\u00e1cter h\u00famedo en puntos aislados del nordeste e interior.<\/p>\n<\/div>\n<div class=\"texto_normal\">\n<p>La Agencia Estatal de Meteorolog\u00eda (AEMET), dependiente del Ministerio para la Transici\u00f3n Ecol\u00f3gica y el Reto Demogr\u00e1fico (MITECO), ha hecho p\u00fablico el balance clim\u00e1tico de agosto de 2025: el m\u00e1s c\u00e1lido de la serie hist\u00f3rica junto con el del a\u00f1o 2024.<\/p>\n<p>TEMPERATURAS<\/p>\n<p>El pasado mes fue, en conjunto, extremadamente c\u00e1lido. La temperatura media sobre la Espa\u00f1a peninsular fue de 25,0 \u00b0C, valor que queda 2,0 \u00b0C por encima de la media de este mes (periodo de referencia: 1991-2020).<\/p>\n<\/div>\n<p><img class=\"imagencentral\" src=\"https:\/\/www.aemet.es\/imagenes_gcd\/noticias\/imagen_noticia_detalle\/2025\/09\/tabla_temperaturas_agosto_2025.jpg\" alt=\"Tabla de temperaturas medias en agosto de 2025 en los distintos \u00e1mbitos geogr\u00e1ficos de Espa\u00f1a, anomal\u00eda con respecto a lo normal y car\u00e1cter.\" \/><\/p>\n<div class=\"notas_pie_img\">Tabla de temperaturas medias en agosto de 2025 en los distintos \u00e1mbitos geogr\u00e1ficos de Espa\u00f1a, anomal\u00eda con respecto a lo normal y car\u00e1cter.<\/div>\n<div class=\"texto_normal\">\n<p>El mes de agosto result\u00f3 extremadamente c\u00e1lido en amplias zonas del interior de Galicia, la cordillera Cant\u00e1brica, ambas mesetas, norte y centro de Extremadura, centro de Andaluc\u00eda y Comunitat Valenciana. Especialmente marcada fue la anomal\u00eda c\u00e1lida en el noroeste peninsular, donde las temperaturas estuvieron en el conjunto del mes entre 2.5 y 3.5 \u00b0C por encima de lo normal. En Baleares y en Canarias tuvo un car\u00e1cter variable, resultando en conjunto muy c\u00e1lido en ambos archipi\u00e9lagos.<\/p>\n<p>&nbsp;<\/p>\n<\/div>\n<p><img class=\"imagencentral\" src=\"https:\/\/www.aemet.es\/imagenes_gcd\/noticias\/imagen_noticia_detalle\/2025\/09\/mapa_temperaturas_agosto_2025.jpg\" alt=\"Anomal\u00edas de las temperaturas medias en agosto de 2025 respecto al per\u00edodo 1991-2020.\" \/><\/p>\n<div><\/div>\n<div class=\"notas_pie_img\">Anomal\u00edas de las temperaturas medias en agosto de 2025 respecto al per\u00edodo 1991-2020.<\/div>\n<div class=\"texto_normal\">\n<p>Durante la mayor parte del mes agosto las temperaturas estuvieron por encima de los valores medios, destacando la prolongada e intensa ola de calor que se extendi\u00f3 entre los d\u00edas 3 y 18 de agosto. En su transcurso, tanto las m\u00e1ximas como las m\u00ednimas diarias tomaron valores muy por encima de la media, llegando a situarse en promedio m\u00e1s de 6 \u00b0C por encima el d\u00eda 17. En cuanto a episodios fr\u00edos, las temperaturas se situaron por debajo de los valores habituales para la \u00e9poca del a\u00f1o \u00fanicamente durante los d\u00edas 20 a 22 y 28-29.<\/p>\n<p>Las temperaturas m\u00e1s altas entre estaciones principales correspondieron a Jerez de la Frontera\/aeropuerto, con 45,8 \u00b0C el d\u00eda 17, Mor\u00f3n de la Frontera, con 45,2 \u00b0C tambi\u00e9n el d\u00eda 17, Murcia, con 45,1 \u00b0C el d\u00eda 18, y Alcantarilla\/base a\u00e9rea, donde se registraron 45,0 \u00b0C tambi\u00e9n el d\u00eda 18. En cuanto a las temperaturas m\u00ednimas, destacaron entre estaciones principales los 5,3 \u00b0C de Puerto de Navacerrada observados el d\u00eda 29, los 5,6 \u00b0C de Molina de Arag\u00f3n tambi\u00e9n el d\u00eda 29, los 5,8 \u00b0C de Iza\u00f1a el d\u00eda 26, y los 7,7 \u00b0C de Burgos\/aeropuerto, registrados el d\u00eda 23.<\/p>\n<p>PRECIPITACIONES<\/p>\n<p>Agosto tuvo un car\u00e1cter seco. La precipitaci\u00f3n media sobre la Espa\u00f1a peninsular fue de 14,4 mm, que supone 66 % del valor normal del mes (periodo de referencia: 1991-2020). Fue el d\u00e9cimo sexto agosto m\u00e1s seco de la serie desde 1961, y el s\u00e9ptimo del siglo XXI. En Canarias, en cambio, fue el quinto agosto m\u00e1s h\u00famedo desde 1961.<\/p>\n<p>&nbsp;<\/p>\n<\/div>\n<p><img class=\"imagencentral\" src=\"https:\/\/www.aemet.es\/imagenes_gcd\/noticias\/imagen_noticia_detalle\/2025\/09\/tabla_precipitaciones_agosto_2025.jpg\" alt=\"Tabla de precipitaciones acumuladas en agosto de 2025 en los distintos \u00e1mbitos geogr\u00e1ficos de Espa\u00f1a, anomal\u00eda con respecto a lo normal y car\u00e1cter.\" \/><\/p>\n<div><\/div>\n<div class=\"notas_pie_img\">Tabla de precipitaciones acumuladas en agosto de 2025 en los distintos \u00e1mbitos geogr\u00e1ficos de Espa\u00f1a, anomal\u00eda con respecto a lo normal y car\u00e1cter.<\/div>\n<div>En conjunto, agosto de 2025 se caracteriz\u00f3 por una marcada anomal\u00eda seca en amplias zonas del noroeste y centro peninsular, frente a un comportamiento h\u00famedo en el litoral mediterr\u00e1neo norte y sectores aislados del suroeste.<\/div>\n<div class=\"texto_normal\">\n<p>En cuanto a las precipitaciones m\u00e1ximas diarias, destacan los 80,8 mm en Santander\/aeropuerto el d\u00eda 20, (el valor m\u00e1s alto de su serie), seguidos por los 60,1 mm en Hondarribia\/Malkarroa el mismo d\u00eda, y los 48,7 mm en Barcelona\/aeropuerto el d\u00eda 28.<\/p>\n<p>Acerca de la precipitaci\u00f3n total mensual entre las estaciones principales, sobresale Donostia\/San Sebasti\u00e1n\/Igeldo con 150,9 mm, seguido de Santander\/aeropuerto con 124,7 mm, Hondarribia\/Malkarroa con 123,1 mm, Barcelona\/aeropuerto con 84,4 mm, Santander con 72,0 mm y Bilbao\/aeropuerto con 55,6 mm.<\/p>\n<p>&nbsp;<\/p>\n<\/div>\n<p><img class=\"imagencentral\" src=\"https:\/\/www.aemet.es\/imagenes_gcd\/noticias\/imagen_noticia_detalle\/2025\/09\/mapa_precipitaciones_agosto_2025.jpg\" alt=\"Porcentaje de la precipitaci\u00f3n con respecto a la media 1991-2020 en agosto de 2025.\" \/><\/p>\n<\/div>\n<p>&nbsp;<\/p>\n<p>Os dejo con este fot\u00f3n de Mijas Pueblo, que ha hecho mi amigo Crist\u00f3bal Gambero.<\/p>\n<p>&nbsp;<\/p>\n<p><a href=\"https:\/\/static-blogs.diariosur.es\/wp-content\/uploads\/sites\/12\/2025\/09\/540257403_24284150721207260_7378690530399701913_n-e1757230551268.jpg\"><img loading=\"lazy\" class=\"aligncenter size-full wp-image-46063\" src=\"https:\/\/static-blogs.diariosur.es\/wp-content\/uploads\/sites\/12\/2025\/09\/540257403_24284150721207260_7378690530399701913_n-e1757230551268.jpg\" alt=\"\" width=\"1000\" height=\"563\" \/><\/a><\/p>\n<p>&nbsp;<\/p>\n","protected":false},"excerpt":{"rendered":"<p>Buenos d\u00edas, amigos de la meteo. Tenemos el cielo nublaillo, pero en la playa se est\u00e1 de lujo, adem\u00e1s hay un poco de mag\u00f3n. El eclipse creo que se ver\u00e1 regular. Os dejo con el resumen climatol\u00f3gico del mes de agosto en Espa\u00f1a. Cuando salga el de Andaluc\u00eda m\u00e1s ampliado lo pondr\u00e9. Fuente Aemet. Los [&hellip;]<\/p>\n","protected":false},"author":16,"featured_media":46063,"comment_status":"open","ping_status":"open","sticky":false,"template":"","format":"standard","meta":[],"categories":[2],"tags":[50,215,1618,375],"_links":{"self":[{"href":"https:\/\/blogs.diariosur.es\/tormentas-y-rayos\/wp-json\/wp\/v2\/posts\/46060"}],"collection":[{"href":"https:\/\/blogs.diariosur.es\/tormentas-y-rayos\/wp-json\/wp\/v2\/posts"}],"about":[{"href":"https:\/\/blogs.diariosur.es\/tormentas-y-rayos\/wp-json\/wp\/v2\/types\/post"}],"author":[{"embeddable":true,"href":"https:\/\/blogs.diariosur.es\/tormentas-y-rayos\/wp-json\/wp\/v2\/users\/16"}],"replies":[{"embeddable":true,"href":"https:\/\/blogs.diariosur.es\/tormentas-y-rayos\/wp-json\/wp\/v2\/comments?post=46060"}],"version-history":[{"count":8,"href":"https:\/\/blogs.diariosur.es\/tormentas-y-rayos\/wp-json\/wp\/v2\/posts\/46060\/revisions"}],"predecessor-version":[{"id":46069,"href":"https:\/\/blogs.diariosur.es\/tormentas-y-rayos\/wp-json\/wp\/v2\/posts\/46060\/revisions\/46069"}],"wp:featuredmedia":[{"embeddable":true,"href":"https:\/\/blogs.diariosur.es\/tormentas-y-rayos\/wp-json\/wp\/v2\/media\/46063"}],"wp:attachment":[{"href":"https:\/\/blogs.diariosur.es\/tormentas-y-rayos\/wp-json\/wp\/v2\/media?parent=46060"}],"wp:term":[{"taxonomy":"category","embeddable":true,"href":"https:\/\/blogs.diariosur.es\/tormentas-y-rayos\/wp-json\/wp\/v2\/categories?post=46060"},{"taxonomy":"post_tag","embeddable":true,"href":"https:\/\/blogs.diariosur.es\/tormentas-y-rayos\/wp-json\/wp\/v2\/tags?post=46060"}],"curies":[{"name":"wp","href":"https:\/\/api.w.org\/{rel}","templated":true}]}}