{"id":46073,"date":"2025-09-07T16:20:32","date_gmt":"2025-09-07T14:20:32","guid":{"rendered":"https:\/\/blogs.diariosur.es\/tormentas-y-rayos\/?p=46073"},"modified":"2025-10-03T18:16:14","modified_gmt":"2025-10-03T16:16:14","slug":"nuestro-viento-malagueno-tomara-protagonismo-la-semana-entrante-se-activa-el-aviso-amarillo","status":"publish","type":"post","link":"https:\/\/blogs.diariosur.es\/tormentas-y-rayos\/2025\/09\/07\/nuestro-viento-malagueno-tomara-protagonismo-la-semana-entrante-se-activa-el-aviso-amarillo\/","title":{"rendered":"Nuestro viento malague\u00f1o tomar\u00e1 protagonismo la semana entrante. Se activa el aviso amarillo."},"content":{"rendered":"<p><a href=\"https:\/\/static-blogs.diariosur.es\/wp-content\/uploads\/sites\/12\/2025\/07\/72999690_10217709542349272_7908844429161529344_n.jpg\"><img loading=\"lazy\" class=\"aligncenter size-thumbnail wp-image-45292\" src=\"https:\/\/static-blogs.diariosur.es\/wp-content\/uploads\/sites\/12\/2025\/07\/72999690_10217709542349272_7908844429161529344_n-150x150.jpg\" alt=\"\" width=\"150\" height=\"150\" \/><\/a><\/p>\n<p data-pm-slice=\"1 1 []\">Muy buenas tardes, amigos de la meteo. Antes de nada, comentaros que mi blog es gratuito, aunque est\u00e9 alojado en el Diario Sur. Actualiz\u00e1is el enlace y se abre correctamente. He recibido hoy varios comentarios coment\u00e1ndome esto.<\/p>\n<p>Como os comentaba esta ma\u00f1ana, debido al paso de un frente, veo dif\u00edcil que podamos fotografiar o ver el eclipse lunar.<\/p>\n<p>Os doy un adelanto de la predicci\u00f3n para los primeros d\u00edas de la semana entrante.<\/p>\n<h3><strong>Lunes 8 de septiembre<\/strong><\/h3>\n<p>Ma\u00f1ana lunes no espero rachas fuertes de viento; hay probabilidad de brumas, nubes bajas y tar\u00f3 en alta mar; bajar\u00e1 la probabilidad por la tarde. Esta pr\u00f3xima madrugada se espera que sea tropical. Ma\u00f1ana voy a la playa.<\/p>\n<p>La Aemet espera estas temperaturas m\u00e1ximas.<\/p>\n<p>&nbsp;<\/p>\n<p><a href=\"https:\/\/static-blogs.diariosur.es\/wp-content\/uploads\/sites\/12\/2025\/09\/z.jpg\"><img loading=\"lazy\" class=\"aligncenter size-full wp-image-46074\" src=\"https:\/\/static-blogs.diariosur.es\/wp-content\/uploads\/sites\/12\/2025\/09\/z.jpg\" alt=\"\" width=\"1054\" height=\"826\" srcset=\"https:\/\/static-blogs.diariosur.es\/wp-content\/uploads\/sites\/12\/2025\/09\/z.jpg 1054w, https:\/\/static-blogs.diariosur.es\/wp-content\/uploads\/sites\/12\/2025\/09\/z-510x400.jpg 510w, https:\/\/static-blogs.diariosur.es\/wp-content\/uploads\/sites\/12\/2025\/09\/z-521x408.jpg 521w, https:\/\/static-blogs.diariosur.es\/wp-content\/uploads\/sites\/12\/2025\/09\/z-768x602.jpg 768w\" sizes=\"(max-width: 1054px) 100vw, 1054px\" \/><\/a><\/p>\n<h3><\/h3>\n<h3><span style=\"color: #ff0000;\"><strong>Martes 9 y mi\u00e9rcoles 10<\/strong><\/span><\/h3>\n<p>&nbsp;<\/p>\n<p data-pm-slice=\"1 1 []\">Se esperan rachas fuertes de poniente y terral en la costa malague\u00f1a. La AEMET activa el aviso amarillo por viento de 50 a 60 km\/h (fuerza 7) con olas de 2 a 3 m. Las rachas m\u00e1s fuertes se esperan por la tarde. Es probable que tambi\u00e9n se active este aviso para el mi\u00e9rcoles.<\/p>\n<p><strong>Mucha precauci\u00f3n si sal\u00eds a navegar o practicar deportes acu\u00e1ticos.<\/strong><\/p>\n<p>La buena noticia es que tendremos una masa de aire fresca a 850 hpa y anomal\u00edas negativas; esto contribuir\u00e1 a que las temperaturas m\u00e1ximas no sean muy altas.<\/p>\n<p>Os pongo las m\u00e1ximas y m\u00ednimas que prev\u00e9 la Aemet para el martes y mi\u00e9rcoles. Si os fij\u00e1is, no son muy altas las temperaturas m\u00e1ximas; las m\u00ednimas por el interior de la provincia ser\u00e1n fresquitas.<\/p>\n<p>&nbsp;<\/p>\n<p>&nbsp;<\/p>\n<p><a href=\"https:\/\/static-blogs.diariosur.es\/wp-content\/uploads\/sites\/12\/2025\/09\/martes.jpg\"><img loading=\"lazy\" class=\"aligncenter size-full wp-image-46075\" src=\"https:\/\/static-blogs.diariosur.es\/wp-content\/uploads\/sites\/12\/2025\/09\/martes.jpg\" alt=\"\" width=\"1051\" height=\"823\" srcset=\"https:\/\/static-blogs.diariosur.es\/wp-content\/uploads\/sites\/12\/2025\/09\/martes.jpg 1051w, https:\/\/static-blogs.diariosur.es\/wp-content\/uploads\/sites\/12\/2025\/09\/martes-511x400.jpg 511w, https:\/\/static-blogs.diariosur.es\/wp-content\/uploads\/sites\/12\/2025\/09\/martes-521x408.jpg 521w, https:\/\/static-blogs.diariosur.es\/wp-content\/uploads\/sites\/12\/2025\/09\/martes-768x601.jpg 768w\" sizes=\"(max-width: 1051px) 100vw, 1051px\" \/><\/a><\/p>\n<p>&nbsp;<\/p>\n<p><a href=\"https:\/\/static-blogs.diariosur.es\/wp-content\/uploads\/sites\/12\/2025\/09\/miertcoles.jpg\"><img loading=\"lazy\" class=\"aligncenter size-full wp-image-46076\" src=\"https:\/\/static-blogs.diariosur.es\/wp-content\/uploads\/sites\/12\/2025\/09\/miertcoles.jpg\" alt=\"\" width=\"1045\" height=\"822\" srcset=\"https:\/\/static-blogs.diariosur.es\/wp-content\/uploads\/sites\/12\/2025\/09\/miertcoles.jpg 1045w, https:\/\/static-blogs.diariosur.es\/wp-content\/uploads\/sites\/12\/2025\/09\/miertcoles-509x400.jpg 509w, https:\/\/static-blogs.diariosur.es\/wp-content\/uploads\/sites\/12\/2025\/09\/miertcoles-519x408.jpg 519w, https:\/\/static-blogs.diariosur.es\/wp-content\/uploads\/sites\/12\/2025\/09\/miertcoles-768x604.jpg 768w\" sizes=\"(max-width: 1045px) 100vw, 1045px\" \/><\/a><\/p>\n<p>&nbsp;<\/p>\n<p>Os dejo con el mapa de avisos de M\u00e1laga. Mucha precauci\u00f3n tambi\u00e9n en la zona del levante por las tormentas que se esperan ma\u00f1ana y el martes, se han activado avisos naranjas por lluvias.<\/p>\n<p>&nbsp;<\/p>\n<p>&nbsp;<\/p>\n<p>&nbsp;<\/p>\n<p><a href=\"https:\/\/static-blogs.diariosur.es\/wp-content\/uploads\/sites\/12\/2025\/09\/Captura-de-pantalla-2025-09-07-161319-1.jpg\"><img loading=\"lazy\" class=\"aligncenter size-full wp-image-46079\" src=\"https:\/\/static-blogs.diariosur.es\/wp-content\/uploads\/sites\/12\/2025\/09\/Captura-de-pantalla-2025-09-07-161319-1.jpg\" alt=\"\" width=\"1051\" height=\"814\" srcset=\"https:\/\/static-blogs.diariosur.es\/wp-content\/uploads\/sites\/12\/2025\/09\/Captura-de-pantalla-2025-09-07-161319-1.jpg 1051w, https:\/\/static-blogs.diariosur.es\/wp-content\/uploads\/sites\/12\/2025\/09\/Captura-de-pantalla-2025-09-07-161319-1-516x400.jpg 516w, https:\/\/static-blogs.diariosur.es\/wp-content\/uploads\/sites\/12\/2025\/09\/Captura-de-pantalla-2025-09-07-161319-1-527x408.jpg 527w, https:\/\/static-blogs.diariosur.es\/wp-content\/uploads\/sites\/12\/2025\/09\/Captura-de-pantalla-2025-09-07-161319-1-768x595.jpg 768w\" sizes=\"(max-width: 1051px) 100vw, 1051px\" \/><\/a><\/p>\n","protected":false},"excerpt":{"rendered":"<p>Muy buenas tardes, amigos de la meteo. Antes de nada, comentaros que mi blog es gratuito, aunque est\u00e9 alojado en el Diario Sur. Actualiz\u00e1is el enlace y se abre correctamente. He recibido hoy varios comentarios coment\u00e1ndome esto. Como os comentaba esta ma\u00f1ana, debido al paso de un frente, veo dif\u00edcil que podamos fotografiar o ver [&hellip;]<\/p>\n","protected":false},"author":16,"featured_media":46077,"comment_status":"open","ping_status":"open","sticky":false,"template":"","format":"standard","meta":[],"categories":[2],"tags":[94,151,288,406,587,791,975,1059],"_links":{"self":[{"href":"https:\/\/blogs.diariosur.es\/tormentas-y-rayos\/wp-json\/wp\/v2\/posts\/46073"}],"collection":[{"href":"https:\/\/blogs.diariosur.es\/tormentas-y-rayos\/wp-json\/wp\/v2\/posts"}],"about":[{"href":"https:\/\/blogs.diariosur.es\/tormentas-y-rayos\/wp-json\/wp\/v2\/types\/post"}],"author":[{"embeddable":true,"href":"https:\/\/blogs.diariosur.es\/tormentas-y-rayos\/wp-json\/wp\/v2\/users\/16"}],"replies":[{"embeddable":true,"href":"https:\/\/blogs.diariosur.es\/tormentas-y-rayos\/wp-json\/wp\/v2\/comments?post=46073"}],"version-history":[{"count":7,"href":"https:\/\/blogs.diariosur.es\/tormentas-y-rayos\/wp-json\/wp\/v2\/posts\/46073\/revisions"}],"predecessor-version":[{"id":46455,"href":"https:\/\/blogs.diariosur.es\/tormentas-y-rayos\/wp-json\/wp\/v2\/posts\/46073\/revisions\/46455"}],"wp:featuredmedia":[{"embeddable":true,"href":"https:\/\/blogs.diariosur.es\/tormentas-y-rayos\/wp-json\/wp\/v2\/media\/46077"}],"wp:attachment":[{"href":"https:\/\/blogs.diariosur.es\/tormentas-y-rayos\/wp-json\/wp\/v2\/media?parent=46073"}],"wp:term":[{"taxonomy":"category","embeddable":true,"href":"https:\/\/blogs.diariosur.es\/tormentas-y-rayos\/wp-json\/wp\/v2\/categories?post=46073"},{"taxonomy":"post_tag","embeddable":true,"href":"https:\/\/blogs.diariosur.es\/tormentas-y-rayos\/wp-json\/wp\/v2\/tags?post=46073"}],"curies":[{"name":"wp","href":"https:\/\/api.w.org\/{rel}","templated":true}]}}