{"id":46087,"date":"2025-09-08T08:35:24","date_gmt":"2025-09-08T06:35:24","guid":{"rendered":"https:\/\/blogs.diariosur.es\/tormentas-y-rayos\/?p=46087"},"modified":"2025-10-03T18:13:20","modified_gmt":"2025-10-03T16:13:20","slug":"os-doy-dos-buenas-noticias-para-malaga-esta-es-mala-se-activan-avisos-rojos-naranjas-y-amarillos-por-lluvias-en-el-levante-peninsular","status":"publish","type":"post","link":"https:\/\/blogs.diariosur.es\/tormentas-y-rayos\/2025\/09\/08\/os-doy-dos-buenas-noticias-para-malaga-esta-es-mala-se-activan-avisos-rojos-naranjas-y-amarillos-por-lluvias-en-el-levante-peninsular\/","title":{"rendered":"Os doy dos buenas noticias para M\u00e1laga. Esta es mala: se activan avisos rojos, naranjas y amarillos por lluvias en el levante peninsular"},"content":{"rendered":"<p><a href=\"https:\/\/static-blogs.diariosur.es\/wp-content\/uploads\/sites\/12\/2025\/07\/444912498_10228884468795449_97962860407814916_n-1.jpg\"><img loading=\"lazy\" class=\"aligncenter size-thumbnail wp-image-45529\" src=\"https:\/\/static-blogs.diariosur.es\/wp-content\/uploads\/sites\/12\/2025\/07\/444912498_10228884468795449_97962860407814916_n-1-150x150.jpg\" alt=\"\" width=\"150\" height=\"150\" \/><\/a><\/p>\n<p data-pm-slice=\"1 1 []\">Buenos d\u00edas, amigos de la meteo. Madrugada tropical en toda la provincia malague\u00f1a; las m\u00ednimas no han bajado de 23 \u00baC y 21 \u00baC. Los cielos siguen con polvo en suspensi\u00f3n y la plasta no se ha quitado. Yo pienso ir a la playa.<\/p>\n<p><strong>La primera buena noticia<\/strong> es que el terral que se espera ma\u00f1ana martes no vendr\u00e1 acompa\u00f1ado de altas temperaturas, recordar que estamos en aviso amarillo por fen\u00f3menos costeros, rachas de viento de 60 km\/h, las m\u00e1s fuertes las espero a primeras horas de la tarde. Precauci\u00f3n ma\u00f1ana y el mi\u00e9rcoles con los deportes acu\u00e1ticos.<\/p>\n<p>El mi\u00e9rcoles, que seguir\u00e1 el poniente y el terral, tampoco se esperan m\u00e1ximas muy altas.<\/p>\n<p><strong>La segunda buena noticia<\/strong> es que el polvo en suspensi\u00f3n se ir\u00e1 quitando a \u00faltima hora de la noche, cuando entre el poniente y el terral. Por fin podremos respirar.<\/p>\n<h3>Se activan avisos rojos, naranjas y amarillos por lluvias en el levante peninsular<\/h3>\n<p>Mucha precauci\u00f3n, amigos de la meteo<\/p>\n<p>Os paso la nota informativa de la Aemet y el mapa de avisos para hoy lunes.<\/p>\n<p>Precipitaci\u00f3n acumulada en una hora: 90 mm.<\/p>\n<p>Precipitaci\u00f3n acumulada en una hora: 60 mm. Los 120 mm no se descarta que se puedan alcanzar en menos de 3-6 h.<\/p>\n<p>Podr\u00e1n venir acompa\u00f1adas de granizo grande y rachas muy fuertes de viento.<\/p>\n<p>&nbsp;<\/p>\n<p>&nbsp;<\/p>\n<p><a href=\"https:\/\/static-blogs.diariosur.es\/wp-content\/uploads\/sites\/12\/2025\/09\/z-1-e1757312442940.jpg\"><img loading=\"lazy\" class=\"aligncenter size-full wp-image-46088\" src=\"https:\/\/static-blogs.diariosur.es\/wp-content\/uploads\/sites\/12\/2025\/09\/z-1-e1757312442940.jpg\" alt=\"\" width=\"920\" height=\"1150\" \/><\/a><\/p>\n<p>&nbsp;<\/p>\n<p><a href=\"https:\/\/static-blogs.diariosur.es\/wp-content\/uploads\/sites\/12\/2025\/09\/z1.jpg\"><img loading=\"lazy\" class=\"aligncenter size-full wp-image-46089\" src=\"https:\/\/static-blogs.diariosur.es\/wp-content\/uploads\/sites\/12\/2025\/09\/z1.jpg\" alt=\"\" width=\"1048\" height=\"819\" srcset=\"https:\/\/static-blogs.diariosur.es\/wp-content\/uploads\/sites\/12\/2025\/09\/z1.jpg 1048w, https:\/\/static-blogs.diariosur.es\/wp-content\/uploads\/sites\/12\/2025\/09\/z1-512x400.jpg 512w, https:\/\/static-blogs.diariosur.es\/wp-content\/uploads\/sites\/12\/2025\/09\/z1-522x408.jpg 522w, https:\/\/static-blogs.diariosur.es\/wp-content\/uploads\/sites\/12\/2025\/09\/z1-768x600.jpg 768w\" sizes=\"(max-width: 1048px) 100vw, 1048px\" \/><\/a><\/p>\n<p>&nbsp;<\/p>\n<p>Os dejo con estas fotos que hice tal d\u00eda como hoy de 2023<\/p>\n<p>&nbsp;<\/p>\n<p><a href=\"https:\/\/static-blogs.diariosur.es\/wp-content\/uploads\/sites\/12\/2025\/09\/1-e1757313233273.jpg\"><img loading=\"lazy\" class=\"aligncenter size-full wp-image-46090\" src=\"https:\/\/static-blogs.diariosur.es\/wp-content\/uploads\/sites\/12\/2025\/09\/1-e1757313233273.jpg\" alt=\"\" width=\"1000\" height=\"667\" \/><\/a><\/p>\n<p><a href=\"https:\/\/static-blogs.diariosur.es\/wp-content\/uploads\/sites\/12\/2025\/09\/2-e1757313264124.jpg\"><img loading=\"lazy\" class=\"aligncenter size-full wp-image-46091\" src=\"https:\/\/static-blogs.diariosur.es\/wp-content\/uploads\/sites\/12\/2025\/09\/2-e1757313264124.jpg\" alt=\"\" width=\"1000\" height=\"667\" \/><\/a><\/p>\n","protected":false},"excerpt":{"rendered":"<p>Buenos d\u00edas, amigos de la meteo. Madrugada tropical en toda la provincia malague\u00f1a; las m\u00ednimas no han bajado de 23 \u00baC y 21 \u00baC. Los cielos siguen con polvo en suspensi\u00f3n y la plasta no se ha quitado. Yo pienso ir a la playa. La primera buena noticia es que el terral que se espera [&hellip;]<\/p>\n","protected":false},"author":16,"featured_media":46091,"comment_status":"open","ping_status":"open","sticky":false,"template":"","format":"standard","meta":[],"categories":[2],"tags":[151,375,569,872,975],"_links":{"self":[{"href":"https:\/\/blogs.diariosur.es\/tormentas-y-rayos\/wp-json\/wp\/v2\/posts\/46087"}],"collection":[{"href":"https:\/\/blogs.diariosur.es\/tormentas-y-rayos\/wp-json\/wp\/v2\/posts"}],"about":[{"href":"https:\/\/blogs.diariosur.es\/tormentas-y-rayos\/wp-json\/wp\/v2\/types\/post"}],"author":[{"embeddable":true,"href":"https:\/\/blogs.diariosur.es\/tormentas-y-rayos\/wp-json\/wp\/v2\/users\/16"}],"replies":[{"embeddable":true,"href":"https:\/\/blogs.diariosur.es\/tormentas-y-rayos\/wp-json\/wp\/v2\/comments?post=46087"}],"version-history":[{"count":2,"href":"https:\/\/blogs.diariosur.es\/tormentas-y-rayos\/wp-json\/wp\/v2\/posts\/46087\/revisions"}],"predecessor-version":[{"id":46454,"href":"https:\/\/blogs.diariosur.es\/tormentas-y-rayos\/wp-json\/wp\/v2\/posts\/46087\/revisions\/46454"}],"wp:featuredmedia":[{"embeddable":true,"href":"https:\/\/blogs.diariosur.es\/tormentas-y-rayos\/wp-json\/wp\/v2\/media\/46091"}],"wp:attachment":[{"href":"https:\/\/blogs.diariosur.es\/tormentas-y-rayos\/wp-json\/wp\/v2\/media?parent=46087"}],"wp:term":[{"taxonomy":"category","embeddable":true,"href":"https:\/\/blogs.diariosur.es\/tormentas-y-rayos\/wp-json\/wp\/v2\/categories?post=46087"},{"taxonomy":"post_tag","embeddable":true,"href":"https:\/\/blogs.diariosur.es\/tormentas-y-rayos\/wp-json\/wp\/v2\/tags?post=46087"}],"curies":[{"name":"wp","href":"https:\/\/api.w.org\/{rel}","templated":true}]}}